{"id":93512,"date":"2026-01-03T14:57:20","date_gmt":"2026-01-03T14:57:20","guid":{"rendered":"https:\/\/www.europesays.com\/lv\/93512\/"},"modified":"2026-01-03T14:57:20","modified_gmt":"2026-01-03T14:57:20","slug":"virieti-apsudz-par-dzivesbiedres-izvarosanas-un-meginajumu-nonavet","status":"publish","type":"post","link":"https:\/\/www.europesays.com\/lv\/93512\/","title":{"rendered":"V\u012brieti aps\u016bdz par dz\u012bvesbiedres izvaro\u0161anas un m\u0113\u0123in\u0101jumu non\u0101v\u0113t"},"content":{"rendered":"<p>Austrumzemgales prokurat\u016bra nodevusi tiesai krimin\u0101llietu pret v\u012brieti par dz\u012bvesbiedres izvaro\u0161anas un non\u0101v\u0113\u0161anas m\u0113\u0123in\u0101jumu, a\u0123ent\u016bra LETA noskaidroja prokurat\u016br\u0101.<\/p>\n<p>T\u0101pat, b\u016bdams alkohola ietekm\u0113 un agres\u012bvi noska\u0146ots, nol\u016bk\u0101 apmierin\u0101t savu dzimumtieksmi pret cietu\u0161\u0101s gribu, lietojot vardarb\u012bbu, m\u0113\u0123in\u0101ja veikt dzimumaktu, ta\u010du to neizdar\u012bja l\u012bdz galam, jo cietus\u012b pretoj\u0101s un sp\u0113ra ar k\u0101j\u0101m.<\/p>\n<p class=\"m-0\">Seko &#8220;Delfi&#8221; ar\u012b  <a target=\"_blank\" href=\"https:\/\/www.instagram.com\/delfi.lv\/\" rel=\"nofollow noopener\">Instagram<\/a>  un <a target=\"_blank\" href=\"https:\/\/www.youtube.com\/channel\/UCw5foWtcJvAbUm64rv7jwUQ\" rel=\"nofollow noopener\">YouTube<\/a>  profil\u0101 \u2013 pievienojies, lai uzzin\u0101tu svar\u012bg\u0101ko un interesant\u0101ko pirmais!<\/p>\n<p>Publik\u0101cijas saturs vai t\u0101s jebk\u0101da apjoma da\u013ca ir aizsarg\u0101ts autorties\u012bbu objekts Autorties\u012bbu likuma izpratn\u0113, un t\u0101 izmanto\u0161ana bez izdev\u0113ja at\u013caujas ir aizliegta. Vair\u0101k lasi  <a target=\"_blank\" href=\"https:\/\/www.delfi.lv\/noteikumi#autortiesibas\" rel=\"nofollow noopener\">\u0161eit<\/a><script async src=\"\/\/www.instagram.com\/embed.js\"><\/script><\/p>\n","protected":false},"excerpt":{"rendered":"Austrumzemgales prokurat\u016bra nodevusi tiesai krimin\u0101llietu pret v\u012brieti par dz\u012bvesbiedres izvaro\u0161anas un non\u0101v\u0113\u0161anas m\u0113\u0123in\u0101jumu, a\u0123ent\u016bra LETA noskaidroja prokurat\u016br\u0101. T\u0101pat,&hellip;\n","protected":false},"author":2,"featured_media":93513,"comment_status":"","ping_status":"","sticky":false,"template":"","format":"standard","meta":{"footnotes":""},"categories":[5],"tags":[23,28,29,32,33,22,30,31,35,39,38,36,37,34,40,20,7277,26,27,24,25,11406,21],"class_list":{"0":"post-93512","1":"post","2":"type-post","3":"status-publish","4":"format-standard","5":"has-post-thumbnail","7":"category-aktualitates","8":"tag-aktualitates","9":"tag-breaking-news","10":"tag-breakingnews","11":"tag-featured-news","12":"tag-featurednews","13":"tag-headlines","14":"tag-latest-news","15":"tag-latestnews","16":"tag-latvia","17":"tag-latvian","18":"tag-latviesu","19":"tag-latviesu-valoda","20":"tag-latviesuvaloda","21":"tag-latvija","22":"tag-lv","23":"tag-news","24":"tag-noziedznieki","25":"tag-popularakas-zinas","26":"tag-popularakaszinas","27":"tag-top-stories","28":"tag-topstories","29":"tag-virietis","30":"tag-zinas"},"share_on_mastodon":{"url":"https:\/\/pubeurope.com\/@lv\/115831756686647807","error":""},"_links":{"self":[{"href":"https:\/\/www.europesays.com\/lv\/wp-json\/wp\/v2\/posts\/93512","targetHints":{"allow":["GET"]}}],"collection":[{"href":"https:\/\/www.europesays.com\/lv\/wp-json\/wp\/v2\/posts"}],"about":[{"href":"https:\/\/www.europesays.com\/lv\/wp-json\/wp\/v2\/types\/post"}],"author":[{"embeddable":true,"href":"https:\/\/www.europesays.com\/lv\/wp-json\/wp\/v2\/users\/2"}],"replies":[{"embeddable":true,"href":"https:\/\/www.europesays.com\/lv\/wp-json\/wp\/v2\/comments?post=93512"}],"version-history":[{"count":0,"href":"https:\/\/www.europesays.com\/lv\/wp-json\/wp\/v2\/posts\/93512\/revisions"}],"wp:featuredmedia":[{"embeddable":true,"href":"https:\/\/www.europesays.com\/lv\/wp-json\/wp\/v2\/media\/93513"}],"wp:attachment":[{"href":"https:\/\/www.europesays.com\/lv\/wp-json\/wp\/v2\/media?parent=93512"}],"wp:term":[{"taxonomy":"category","embeddable":true,"href":"https:\/\/www.europesays.com\/lv\/wp-json\/wp\/v2\/categories?post=93512"},{"taxonomy":"post_tag","embeddable":true,"href":"https:\/\/www.europesays.com\/lv\/wp-json\/wp\/v2\/tags?post=93512"}],"curies":[{"name":"wp","href":"https:\/\/api.w.org\/{rel}","templated":true}]}}