{"id":93558,"date":"2026-01-03T16:22:05","date_gmt":"2026-01-03T16:22:05","guid":{"rendered":"https:\/\/www.europesays.com\/lv\/93558\/"},"modified":"2026-01-03T16:22:05","modified_gmt":"2026-01-03T16:22:05","slug":"ainara-mielava-jubilejas-koncertieraksts-65-koncerts-arena-pieejams-digitalaja-straumesana-lente-lv-2","status":"publish","type":"post","link":"https:\/\/www.europesays.com\/lv\/93558\/","title":{"rendered":"Ainara Mielava jubilejas koncertieraksts &#8220;65 Koncerts Ar\u0113n\u0101&#8221; pieejams digit\u0101laj\u0101 straum\u0113\u0161an\u0101\u00a0\u2014\u00a0Lente.lv"},"content":{"rendered":"<p>Digit\u0101laj\u0101 straum\u0113\u0161anas vid\u0113 ir izdots Ainara Mielava v\u0113rien\u012bg\u0101 jubilejas koncerta ieraksts \u201c65 Koncerts Ar\u0113n\u0101\u201d. K\u0101 zi\u0146o Latvijas Av\u012bze, \u0161\u012b jaun\u0101 muzik\u0101l\u0101 d\u0101vana \u013cauj klaus\u012bt\u0101jiem izbaud\u012bt aizraujo\u0161o pieredzi, kas norisin\u0101j\u0101s \u0161\u012b gada iespaid\u012bgaj\u0101 pas\u0101kum\u0101, pat ja nebija iesp\u0113jas to apm\u0101k\u013c\u0101t kl\u0101tien\u0113. Ieraksts ir pieejams vis\u0101s popul\u0101r\u0101kaj\u0101s m\u016bzikas straum\u0113\u0161anas platform\u0101s. <\/p>\n<p>Koncerta norise un dal\u012bbnieki<\/p>\n<p>V\u0113rien\u012bgais koncerts &#8220;65 Koncerts Ar\u0113n\u0101&#8221; norisin\u0101j\u0101s 2025. gada 25. oktobr\u012b &#8220;Xiaomi&#8221; ar\u0113n\u0101 R\u012bg\u0101, godinot le\u0123end\u0101ra m\u016bzi\u0137a 65. jubileju. Uz skatuves Ainars Mielavs k\u0101pa kop\u0101 ar saviem viesm\u0101ksliniekiem, radot unik\u0101lu muzik\u0101lu kopdarbu. Pas\u0101kum\u0101 piedal\u012bj\u0101s R\u016bdolfs Macats (klavieres), Kaspars Vizulis (elektrisk\u0101 \u0123it\u0101ra), Kristi\u0101ns Priekulis (basa \u0123it\u0101ra), Kaspars Kurdeko (bungas), Aigars Voiti\u0161kis (akustisk\u0101 \u0123it\u0101ra), k\u0101 ar\u012b Ter\u0113ze Mielava (\u0113lektrisk\u0101 \u0123it\u0101ra, balss). Koncertu kuplin\u0101ja ar\u012b sen\u0101s m\u016bzikas v\u012bru vok\u0101l\u0101 grupa &#8220;Schola Cantorum Riga&#8221; diri\u0123enta Guntara Pr\u0101\u0146a vad\u012bba. Koncerta ska\u0146as dizainu veidoja Art\u016brs Voiti\u0161kis, bet ieraksta apstr\u0101di nodro\u0161in\u0101ja Gatis Gaujenieks, garant\u0113jot augstv\u0113rt\u012bgu ska\u0146as kvalit\u0101ti. <\/p>\n<p>Ieraksta saturs un noz\u012bme<\/p>\n<p>Koncertierakst\u0101 iek\u013cauptas 20 Ainara Mielava zin\u0101m\u0101s un iem\u012b\u013cot\u0101s dziesmas, tostarp t\u0101di hiti k\u0101 &#8220;Aizlaid \u0161aubas negaisam l\u012bdz&#8221;, &#8220;P\u0101rc\u0113l\u0101js&#8221;, &#8220;Nemanot&#8221;, &#8220;Labradors&#8221;, &#8220;Atpog\u0101 manu kreklu&#8221;, &#8220;Piek\u016bns skrien debes\u012bs&#8221;, &#8220;M\u016b\u017ei\u012bgais pied\u0101v\u0101jums&#8221;, &#8220;Tavs superveikals&#8221;, &#8220;Divat\u0101&#8221;, &#8220;220 volti&#8221;, &#8220;M\u012blest\u012bba skait\u0101s&#8221;, &#8220;Horizonts&#8221;, &#8220;Ai, jel manu vieglu pr\u0101tu&#8221;, &#8220;Oga sald\u0101, oga s\u016br\u0101&#8221;, &#8220;Tu savi\u013c\u0146oji mani&#8221;, &#8220;Kad m\u0113ness j\u016br\u0101 kr\u012bt&#8221;, k\u0101 ar\u012b &#8220;I Love You&#8221; un &#8220;100+1 v\u0113l\u0113\u0161an\u0101s&#8221;. Kop\u0113gais ieraksta ilgums ir aptuveni 1 stunda un 28 min\u016btes. \u0160is izdevums ir ne tikai v\u0113rt\u012bga d\u0101vana Ainara Mielava 65. jubilej\u0101, bet ar\u012b noz\u012bms papildin\u0101jums vi\u0146a pla\u0161ajai diskogr\u0101fijai, apliecinot vi\u0146a rado\u0161o m\u016b\u017eu un ietekmi Latvijas m\u016bzikas ainav\u0101 kop\u0146\u0113\u0146a 1991. gada. <\/p>\n<p>Koncerta \u012bpa\u0161ie elementi<\/p>\n<p>Koncerts &#8220;65 Koncerts Ar\u0113n\u0101&#8221; tika iecer\u0113ts k\u0101 tautas sadzied\u0101\u0161an\u0101s pas\u0101kums, kur\u0101 uz lielajiem ekr\u0101niem tika projic\u0113ti visu dziesmu v\u0101rdi, aicinot klaus\u012bt\u0101jus dzied\u0101t kop\u0101 ar m\u016bzi\u0137iem no pirm\u0101s l\u012bdz p\u0113d\u0113j\u0101jai min\u016bt\u0113i. Tas nodro\u0161in\u0101ja unik\u0101lu un kop\u0113jo pieredzi gan m\u016bzi\u0137iem, gan skat\u012bt\u0101jiem. <\/p>\n","protected":false},"excerpt":{"rendered":"Digit\u0101laj\u0101 straum\u0113\u0161anas vid\u0113 ir izdots Ainara Mielava v\u0113rien\u012bg\u0101 jubilejas koncerta ieraksts \u201c65 Koncerts Ar\u0113n\u0101\u201d. K\u0101 zi\u0146o Latvijas Av\u012bze,&hellip;\n","protected":false},"author":2,"featured_media":93396,"comment_status":"","ping_status":"","sticky":false,"template":"","format":"standard","meta":{"footnotes":""},"categories":[19],"tags":[21358,9392,22543,89,90,16308,35,39,38,36,37,34,40,22770],"class_list":{"0":"post-93558","1":"post","2":"type-post","3":"status-publish","4":"format-standard","5":"has-post-thumbnail","7":"category-izklaide","8":"tag-65-koncerts-arena","9":"tag-ainars-mielavs","10":"tag-digitala-straumesana","11":"tag-entertainment","12":"tag-izklaide","13":"tag-koncertieraksts","14":"tag-latvia","15":"tag-latvian","16":"tag-latviesu","17":"tag-latviesu-valoda","18":"tag-latviesuvaloda","19":"tag-latvija","20":"tag-lv","21":"tag-muzikas-ieraksts"},"share_on_mastodon":{"url":"https:\/\/pubeurope.com\/@lv\/115832091027578095","error":""},"_links":{"self":[{"href":"https:\/\/www.europesays.com\/lv\/wp-json\/wp\/v2\/posts\/93558","targetHints":{"allow":["GET"]}}],"collection":[{"href":"https:\/\/www.europesays.com\/lv\/wp-json\/wp\/v2\/posts"}],"about":[{"href":"https:\/\/www.europesays.com\/lv\/wp-json\/wp\/v2\/types\/post"}],"author":[{"embeddable":true,"href":"https:\/\/www.europesays.com\/lv\/wp-json\/wp\/v2\/users\/2"}],"replies":[{"embeddable":true,"href":"https:\/\/www.europesays.com\/lv\/wp-json\/wp\/v2\/comments?post=93558"}],"version-history":[{"count":0,"href":"https:\/\/www.europesays.com\/lv\/wp-json\/wp\/v2\/posts\/93558\/revisions"}],"wp:featuredmedia":[{"embeddable":true,"href":"https:\/\/www.europesays.com\/lv\/wp-json\/wp\/v2\/media\/93396"}],"wp:attachment":[{"href":"https:\/\/www.europesays.com\/lv\/wp-json\/wp\/v2\/media?parent=93558"}],"wp:term":[{"taxonomy":"category","embeddable":true,"href":"https:\/\/www.europesays.com\/lv\/wp-json\/wp\/v2\/categories?post=93558"},{"taxonomy":"post_tag","embeddable":true,"href":"https:\/\/www.europesays.com\/lv\/wp-json\/wp\/v2\/tags?post=93558"}],"curies":[{"name":"wp","href":"https:\/\/api.w.org\/{rel}","templated":true}]}}