{"id":93602,"date":"2026-01-03T17:28:09","date_gmt":"2026-01-03T17:28:09","guid":{"rendered":"https:\/\/www.europesays.com\/lv\/93602\/"},"modified":"2026-01-03T17:28:09","modified_gmt":"2026-01-03T17:28:09","slug":"iranas-ajatolla-pielauj-drosibas-speku-versanu-pret-protestetajiem","status":"publish","type":"post","link":"https:\/\/www.europesays.com\/lv\/93602\/","title":{"rendered":"Ir\u0101nas \u0101jatolla pie\u013cauj dro\u0161\u012bbas sp\u0113ku v\u0113r\u0161anu pret protest\u0113t\u0101jiem"},"content":{"rendered":"<p>Lai gan joproj\u0101m nav skaidrs, k\u0101 un vai Tramps iejauksies, vi\u0146a koment\u0101ri izrais\u012bja t\u016bl\u012bt\u0113ju, dusm\u012bgu reakciju, un teokr\u0101tijas amatpersonas draud\u0113ja v\u0113rsties pret ASV karasp\u0113ku Tuvajos Austrumos. Trampa br\u012bdin\u0101jums jaunu noz\u012bmi ieguva ar\u012b p\u0113c tam, kad ASV prezidents sestdien pazi\u0146oja, ka vi\u0146a milit\u0101rie sp\u0113ki sag\u016bst\u012bju\u0161i Venecu\u0113las prezidentu Nikolasu Maduro, kur\u0161 ir ilggad\u0113js Teher\u0101nas sabiedrotais.<\/p>\n<p>Protesti ir k\u013cuvu\u0161i par liel\u0101kajiem Ir\u0101n\u0101 kop\u0161 2022. gada, kad demonstr\u0101cijas vis\u0101 valst\u012b izrais\u012bja 22 gadus vec\u0101s D\u017einas Mahsas Amini n\u0101ve policijas apcietin\u0101jum\u0101 p\u0113c aiztur\u0113\u0161anas par iesp\u0113jamu stingr\u0101 \u0123\u0113rb\u0161an\u0101s kodeksa p\u0101rk\u0101p\u0161anu. Tom\u0113r protesti v\u0113l nav tik pla\u0161i un intens\u012bvi k\u0101 tie, kas bija saist\u012bti ar Amini n\u0101vi.<\/p>\n<p>P\u0113d\u0113j\u0101s ned\u0113\u013cas laik\u0101 demonstr\u0101cijas notiku\u0161as vair\u0101k nek\u0101 simt viet\u0101s 22 no 31 Ir\u0101nas provinces, liecina ASV b\u0101z\u0113t\u0101s &#8220;Human Rights Activists News Agency&#8221; dati.<\/p>\n<p>Ir\u0101nas civil\u0101 vald\u012bba reformistu prezidenta Masuda Peze\u0161ki\u0101na vad\u012bb\u0101 ir centusies par\u0101d\u012bt, ka t\u0101 v\u0113las risin\u0101t sarunas ar protest\u0113t\u0101jiem. Tom\u0113r Peze\u0161ki\u0101ns ir atzinis, ka vi\u0146\u0161 neko daudz nevar dar\u012bt, jo Ir\u0101nas ri\u0101la v\u0113rt\u012bba ir strauji samazin\u0101jusies. Tas izrais\u012bja s\u0101kotn\u0113jos protestus.<\/p>\n<p>Tom\u0113r protestos, kuru pamat\u0101 ir ekonomiski jaut\u0101jumi, demonstranti skand\u0113ja sauk\u013cus ar\u012b pret Ir\u0101nas teokr\u0101tiju. Teher\u0101nai ir maz veicies ar ekonomikas atbalst\u012b\u0161anu m\u0113ne\u0161os kop\u0161 j\u016bnija kara ar Izra\u0113lu, kur\u0101 ASV bombard\u0113ja ar\u012b kodolobjektus Ir\u0101n\u0101.<\/p>\n<p>Nesen <a href=\"https:\/\/www.tvnet.lv\/term\/555447\/irana\" class=\"topicLink\" target=\"_blank\" rel=\"nofollow noopener\">Ir\u0101na<\/a> pazi\u0146oja, ka t\u0101 vairs neveic ur\u0101na bag\u0101tin\u0101\u0161anu nevien\u0101 objekt\u0101, t\u0101d\u0113j\u0101di cen\u0161oties signaliz\u0113t Rietumvalst\u012bm, ka t\u0101 joproj\u0101m ir atv\u0113rta iesp\u0113jam\u0101m sarun\u0101m par savu atomener\u0123ijas programmu, lai atvieglotu sankcijas. Tom\u0113r \u0161\u012bs sarunas v\u0113l nav notiku\u0161as, jo Tramps un Izra\u0113las premjerministrs Benjamins Netanjahu ir br\u012bdin\u0101ju\u0161i Teher\u0101nu neatjaunot savu kodolprogrammu.<\/p>\n","protected":false},"excerpt":{"rendered":"Lai gan joproj\u0101m nav skaidrs, k\u0101 un vai Tramps iejauksies, vi\u0146a koment\u0101ri izrais\u012bja t\u016bl\u012bt\u0113ju, dusm\u012bgu reakciju, un teokr\u0101tijas&hellip;\n","protected":false},"author":2,"featured_media":93603,"comment_status":"","ping_status":"","sticky":false,"template":"","format":"standard","meta":{"footnotes":""},"categories":[5],"tags":[23421,23,28,29,32,33,22,2562,30,31,35,39,38,36,37,34,40,20,26,27,24,25,21],"class_list":{"0":"post-93602","1":"post","2":"type-post","3":"status-publish","4":"format-standard","5":"has-post-thumbnail","7":"category-aktualitates","8":"tag-ajatolla","9":"tag-aktualitates","10":"tag-breaking-news","11":"tag-breakingnews","12":"tag-featured-news","13":"tag-featurednews","14":"tag-headlines","15":"tag-irana","16":"tag-latest-news","17":"tag-latestnews","18":"tag-latvia","19":"tag-latvian","20":"tag-latviesu","21":"tag-latviesu-valoda","22":"tag-latviesuvaloda","23":"tag-latvija","24":"tag-lv","25":"tag-news","26":"tag-popularakas-zinas","27":"tag-popularakaszinas","28":"tag-top-stories","29":"tag-topstories","30":"tag-zinas"},"share_on_mastodon":{"url":"https:\/\/pubeurope.com\/@lv\/115832350457176477","error":""},"_links":{"self":[{"href":"https:\/\/www.europesays.com\/lv\/wp-json\/wp\/v2\/posts\/93602","targetHints":{"allow":["GET"]}}],"collection":[{"href":"https:\/\/www.europesays.com\/lv\/wp-json\/wp\/v2\/posts"}],"about":[{"href":"https:\/\/www.europesays.com\/lv\/wp-json\/wp\/v2\/types\/post"}],"author":[{"embeddable":true,"href":"https:\/\/www.europesays.com\/lv\/wp-json\/wp\/v2\/users\/2"}],"replies":[{"embeddable":true,"href":"https:\/\/www.europesays.com\/lv\/wp-json\/wp\/v2\/comments?post=93602"}],"version-history":[{"count":0,"href":"https:\/\/www.europesays.com\/lv\/wp-json\/wp\/v2\/posts\/93602\/revisions"}],"wp:featuredmedia":[{"embeddable":true,"href":"https:\/\/www.europesays.com\/lv\/wp-json\/wp\/v2\/media\/93603"}],"wp:attachment":[{"href":"https:\/\/www.europesays.com\/lv\/wp-json\/wp\/v2\/media?parent=93602"}],"wp:term":[{"taxonomy":"category","embeddable":true,"href":"https:\/\/www.europesays.com\/lv\/wp-json\/wp\/v2\/categories?post=93602"},{"taxonomy":"post_tag","embeddable":true,"href":"https:\/\/www.europesays.com\/lv\/wp-json\/wp\/v2\/tags?post=93602"}],"curies":[{"name":"wp","href":"https:\/\/api.w.org\/{rel}","templated":true}]}}