{"id":93610,"date":"2026-01-03T17:39:20","date_gmt":"2026-01-03T17:39:20","guid":{"rendered":"https:\/\/www.europesays.com\/lv\/93610\/"},"modified":"2026-01-03T17:39:20","modified_gmt":"2026-01-03T17:39:20","slug":"samazinas-finansejums-tiek-partraukta-dala-pabalstu-lente-lv","status":"publish","type":"post","link":"https:\/\/www.europesays.com\/lv\/93610\/","title":{"rendered":"samazin\u0101s finans\u0113jums, tiek p\u0101rtraukta da\u013ca pabalstu\u00a0\u2014\u00a0Lente.lv"},"content":{"rendered":"<p>Galven\u0101s izmai\u0146as atbalst\u0101 Ukrainas civiliedz\u012bvot\u0101jiem<\/p>\n<p>No 2026. gada 1. janv\u0101ra Latvij\u0101 st\u0101jas sp\u0113k\u0101 izmai\u0146as atbalsta apjom\u0101 Ukrainas civiliedz\u012bvot\u0101jiem, paredzot samazin\u0101tu finans\u0113jumu un p\u0101rtraucot vair\u0101kus iepriek\u0161 sniegtos atbalsta pas\u0101kumus. \u0160\u012bs izmai\u0146as ir da\u013ca no vald\u012bbas apstiprin\u0101t\u0101 pas\u0101kumu pl\u0101na Ukrainas civiliedz\u012bvot\u0101ju atbalsta snieg\u0161anai 2026. gadam. K\u0101 inform\u0113 port\u0101ls NRA, 2026. gadam pl\u0101notais finans\u0113jums ir 39,7 miljoni eiro, kas ir iev\u0113rojami maz\u0101k nek\u0101 2025. gad\u0101, kad atbalstam tika paredz\u0113ti aptuveni 65 miljoni eiro. \u0160\u012bs izmai\u0146as ir saist\u012btas ar valsts bud\u017eeta resursu optimiz\u0101ciju un situ\u0101cijas stabiliz\u0113\u0161anos, k\u0101 ar\u012b ar Ukrainas iedz\u012bvot\u0101ju arvien lab\u0101ku integr\u0101ciju Latvijas darba tirg\u016b.<\/p>\n<p>K\u0101di atbalsta veidi tiek p\u0101rtraukti?<\/p>\n<p>Viena no b\u016btisk\u0101kaj\u0101m izmai\u0146\u0101m ir vienreiz\u0113j\u0101 atbalsta p\u0101rtrauk\u0161ana person\u0101m, kuras s\u0101k nodarbin\u0101t\u012bbu vai pa\u0161nodarbin\u0101t\u012bbu. Iepriek\u0161 \u0161is pabalsts bija l\u012bdzv\u0113rt\u012bgs vienai minim\u0101lajai algai. Iek\u0161lietu ministrija skaidro, ka \u0161\u0101ds atbalsts vairs nav aktu\u0101ls, jo ukrai\u0146u civiliedz\u012bvot\u0101ji ir pietiekami integr\u0113ti darba tirg\u016b un vi\u0146iem ir pieejami visp\u0101r\u0113jie nodarbin\u0101t\u012bbas veicin\u0101\u0161anas pas\u0101kumi uz l\u012bdzv\u0113rt\u012bgiem noteikumiem ar Latvijas pilso\u0146iem. T\u0101pat tiek atcelta atbr\u012bvo\u0161ana no pacientu l\u012bdzmaks\u0101jumiem vesel\u012bbas apr\u016bpes pakalpojumu sa\u0146em\u0161anai. Turpm\u0101k ukrai\u0146u b\u0113g\u013ciem b\u016bs j\u0101veic l\u012bdzmaks\u0101jumi t\u0101pat k\u0101 Latvijas iedz\u012bvot\u0101jiem. Vairs netiks segtas ar\u012b izmaksas par dz\u012bvnieku re\u0123istr\u0113\u0161anu un oblig\u0101to vesel\u012bbas pras\u012bbu izpildi.<\/p>\n<p>Kas paliek pieejams un k\u0101di jaunumi?<\/p>\n<p>Neskatoties uz samazin\u0101to finansi\u0101lo atbalstu, Ukrainas civiliedz\u012bvot\u0101jiem Latvij\u0101 joproj\u0101m b\u016bs pieejami vair\u0101ki svar\u012bgi atbalsta veidi. Vi\u0146i var\u0113s sa\u0146emt Valsts nodarbin\u0101t\u012bbas a\u0123ent\u016bras pakalpojumus darba mekl\u0113jumos, p\u0101rkvalifik\u0101cij\u0101 un profesion\u0101laj\u0101 izgl\u012bt\u012bb\u0101, kas nodro\u0161in\u0101ti uz l\u012bdzv\u0113rt\u012bgiem nosac\u012bjumiem ar Latvijas pilso\u0146iem. T\u0101pat saglab\u0101jas pieeja valsts apmaks\u0101tajiem vesel\u012bbas apr\u016bpes pakalpojumiem, lai gan bez atbr\u012bvojuma no l\u012bdzmaks\u0101jumiem. Ukrainas b\u0113g\u013ci turpin\u0101s sa\u0146emt atlaides brauk\u0161anai re\u0123ion\u0101lajos mar\u0161rutos, kas paredz\u0113tas noteikt\u0101m pasa\u017eieru kategorij\u0101m Latvijas likumdo\u0161an\u0101. Lai gan pagaidu aizsardz\u012bbas statuss l\u012bdz \u0161im tika pie\u0161\u0137irts uz diviem gadiem, tagad pl\u0101nots to pagarin\u0101t uz trim gadiem, lai mazin\u0101tu administrat\u012bvo slogu gan b\u0113g\u013ciem, gan migr\u0101cijas iest\u0101d\u0113m. Ukrainas ce\u013co\u0161anas dokumentu der\u012bguma termi\u0146\u0161, kuriem beidzies der\u012bguma termi\u0146\u0161, ir pagarin\u0101ts l\u012bdz 2027. gada 4. martam.<\/p>\n<p>Finans\u0113juma samazin\u0101juma iemesli un konteksts<\/p>\n<p>Pl\u0101notais iev\u0113rojamais finans\u0113juma samazin\u0101jums 2026. gadam (gandr\u012bz 25 miljoni eiro maz\u0101k nek\u0101 2025. gad\u0101) ir saist\u012bts ar valsts bud\u017eeta priorit\u0101\u0161u mai\u0146u un situ\u0101cijas stabiliz\u0113\u0161anos. Saska\u0146\u0101 ar Iek\u0161lietu ministrijas izstr\u0101d\u0101to pas\u0101kumu pl\u0101nu, 2026. gad\u0101 paredz\u0113tais finans\u0113jums ir 39 717 846 eiro. Lai gan kara darb\u012bba Ukrain\u0101 turpin\u0101s un dro\u0161a atgrie\u0161an\u0101s da\u013cai b\u0113g\u013cu nav iesp\u0113jama, Latvijas vald\u012bba ir atzinusi, ka Ukrainas civiliedz\u012bvot\u0101ji ir arvien lab\u0101k integr\u0113ti valsts darba tirg\u016b un soci\u0101laj\u0101 sist\u0113m\u0101. \u0160\u012bs izmai\u0146as m\u0113r\u0137is ir pan\u0101kt, lai Ukrainas civiliedz\u012bvot\u0101ju dz\u012bves apst\u0101k\u013ci Latvij\u0101 b\u016btu l\u012bdzv\u0113rt\u012bg\u0101ki Latvijas iedz\u012bvot\u0101ju situ\u0101cijai, nov\u0113r\u0161ot privil\u0113\u0123iju statusu, vienlaikus saglab\u0101jot pamatties\u012bbas.<\/p>\n<p>Statistika un n\u0101kotnes perspekt\u012bvas<\/p>\n<p>Uz 2025. gada 1. decembri Latvij\u0101 bija re\u0123istr\u0113ti 31 412 Ukrainas iedz\u012bvot\u0101ji ar pagaidu aizsardz\u012bbas statusu. No tiem 17 111 bija sievietes, 14 301 v\u012brie\u0161i, 6 904 nepilngad\u012bgie un 2 228 personas vecum\u0101 virs 65 gadiem. Lai gan kop\u0113jais finans\u0113jums samazin\u0101s, pas\u0101kumu pl\u0101ns 2026. gadam paredz nodro\u0161in\u0101t vair\u0101kus svar\u012bgus integr\u0101cijas un atbalsta pas\u0101kumus, tostarp inform\u0101cijas snieg\u0161anu, prim\u0101ro un soci\u0101lo pal\u012bdz\u012bbu, piek\u013cuvi izgl\u012bt\u012bbai un vesel\u012bbas apr\u016bpei, nodarbin\u0101t\u012bbas veicin\u0101\u0161anu, valodu apm\u0101c\u012bbu un kult\u016brorient\u0101cijas pas\u0101kumus. Tiek nodro\u0161in\u0101ta ar\u012b nepilngad\u012bgo personu bez vec\u0101ku pavad\u012bbas ties\u012bbu un intere\u0161u aizsardz\u012bba.<\/p>\n","protected":false},"excerpt":{"rendered":"Galven\u0101s izmai\u0146as atbalst\u0101 Ukrainas civiliedz\u012bvot\u0101jiem No 2026. gada 1. janv\u0101ra Latvij\u0101 st\u0101jas sp\u0113k\u0101 izmai\u0146as atbalsta apjom\u0101 Ukrainas civiliedz\u012bvot\u0101jiem,&hellip;\n","protected":false},"author":2,"featured_media":93611,"comment_status":"","ping_status":"","sticky":false,"template":"","format":"standard","meta":{"footnotes":""},"categories":[12],"tags":[12118,23,23423,28,29,32,33,12152,22,30,31,35,39,38,36,37,34,40,20,26,27,2675,24,25,6751,21],"class_list":{"0":"post-93610","1":"post","2":"type-post","3":"status-publish","4":"format-standard","5":"has-post-thumbnail","7":"category-latvija","8":"tag-2026-gads","9":"tag-aktualitates","10":"tag-atbalsts-latvija","11":"tag-breaking-news","12":"tag-breakingnews","13":"tag-featured-news","14":"tag-featurednews","15":"tag-finansejuma-samazinajums","16":"tag-headlines","17":"tag-latest-news","18":"tag-latestnews","19":"tag-latvia","20":"tag-latvian","21":"tag-latviesu","22":"tag-latviesu-valoda","23":"tag-latviesuvaloda","24":"tag-latvija","25":"tag-lv","26":"tag-news","27":"tag-popularakas-zinas","28":"tag-popularakaszinas","29":"tag-socialie-pabalsti","30":"tag-top-stories","31":"tag-topstories","32":"tag-ukrainas-begli","33":"tag-zinas"},"share_on_mastodon":{"url":"https:\/\/pubeurope.com\/@lv\/115832393769297945","error":""},"_links":{"self":[{"href":"https:\/\/www.europesays.com\/lv\/wp-json\/wp\/v2\/posts\/93610","targetHints":{"allow":["GET"]}}],"collection":[{"href":"https:\/\/www.europesays.com\/lv\/wp-json\/wp\/v2\/posts"}],"about":[{"href":"https:\/\/www.europesays.com\/lv\/wp-json\/wp\/v2\/types\/post"}],"author":[{"embeddable":true,"href":"https:\/\/www.europesays.com\/lv\/wp-json\/wp\/v2\/users\/2"}],"replies":[{"embeddable":true,"href":"https:\/\/www.europesays.com\/lv\/wp-json\/wp\/v2\/comments?post=93610"}],"version-history":[{"count":0,"href":"https:\/\/www.europesays.com\/lv\/wp-json\/wp\/v2\/posts\/93610\/revisions"}],"wp:featuredmedia":[{"embeddable":true,"href":"https:\/\/www.europesays.com\/lv\/wp-json\/wp\/v2\/media\/93611"}],"wp:attachment":[{"href":"https:\/\/www.europesays.com\/lv\/wp-json\/wp\/v2\/media?parent=93610"}],"wp:term":[{"taxonomy":"category","embeddable":true,"href":"https:\/\/www.europesays.com\/lv\/wp-json\/wp\/v2\/categories?post=93610"},{"taxonomy":"post_tag","embeddable":true,"href":"https:\/\/www.europesays.com\/lv\/wp-json\/wp\/v2\/tags?post=93610"}],"curies":[{"name":"wp","href":"https:\/\/api.w.org\/{rel}","templated":true}]}}