{"id":93612,"date":"2026-01-03T17:44:06","date_gmt":"2026-01-03T17:44:06","guid":{"rendered":"https:\/\/www.europesays.com\/lv\/93612\/"},"modified":"2026-01-03T17:44:06","modified_gmt":"2026-01-03T17:44:06","slug":"haizivs-uzbrukums-kalifornija-nra-lv","status":"publish","type":"post","link":"https:\/\/www.europesays.com\/lv\/93612\/","title":{"rendered":"Haizivs uzbrukums Kalifornij\u0101 &#8211; nra.lv"},"content":{"rendered":"<p class=\"descr\">Vec\u0101 gada nogal\u0113 Kalifornijas \u0161tat\u0101 (ASV) notika tra\u0123iska nelaime \u2013 haizivs laup\u012bja triatlonistes dz\u012bv\u012bbu.<\/p>\n<p>55 gadus vec\u0101 triatloniste Erika Foksa pazuda Monterejas l\u012bc\u012b net\u0101lu no Sanfrancisko \u012bsi pirms Ziemassv\u0113tkiem, 21. decembr\u012b. Aculiecinieks past\u0101st\u012bja patrul\u0113jo\u0161iem policistiem, ka vi\u0146\u0161 braucis ar auto gar l\u012b\u010da krastu un apst\u0101jies pie STOP z\u012bmes, kad ieraudz\u012bjis cilv\u0113ka \u0137ermeni haizivs \u017eok\u013cos, kas pace\u013cas virs \u016bdens. Tika uzs\u0101kta intens\u012bva sievietes mekl\u0113\u0161ana, ta\u010du p\u0113c 15 stundu nep\u0101rtrauktiem centieniem, kuros tika izmantotas laivas un droni, k\u0101 ar\u012b nir\u0113ji un lidma\u0161\u012bnas, mekl\u0113\u0161ana tika aptur\u0113ta.<\/p>\n<p>Gandr\u012bz ned\u0113\u013cu v\u0113l\u0101k sievietes <a href=\"https:\/\/nra.lv\/birka\/likis\/\" target=\"_blank\" rel=\"noopener nofollow\">l\u012b\u0137is<\/a> tika atrasts net\u0101lu no Santakrusas pils\u0113tas, aptuveni 50 kilometrus uz zieme\u013ciem no Monterejas. Likten\u012bgaj\u0101 sv\u0113tdien\u0101 Foksa un v\u0113l 14 citi peld\u0113t\u0101ji dev\u0101s peld\u0113jum\u0101 uz div\u0101m iecien\u012bt\u0101m l\u012b\u010da viet\u0101m &#8211; &#8220;Lovers Point&#8221; un &#8220;Otter Cove&#8221;. 55 gadus vec\u0101 sieviete izv\u0113l\u0113j\u0101s gar\u0101ku peld\u0113\u0161anas ce\u013cu pludmales virzien\u0101.<\/p>\n<p>S\u0101ra Rubina, kura peld\u0113ja kop\u0101 ar Foksu, sac\u012bja, ka laika apst\u0101k\u013ci bija labi, un vi\u0146a nezin\u0101ja par tra\u0123\u0113diju &#8211; uzzin\u0101ja par to piekrast\u0113 tikai tad, kad ieraudz\u012bja tur par\u0101d\u012bju\u0161ies ugunsdz\u0113s\u0113jus.<\/p>\n<p>\t\t\t\t\t\tinfo<\/p>\n<p>Uzzini pirmais<br \/>kas interesants noticis Latvij\u0101 un pasaul\u0113,<br \/>pievienojoties mums <a href=\"https:\/\/t.me\/neatkariga\" rel=\"nofollow\">Telegram<\/a> vai <a href=\"https:\/\/whatsapp.com\/channel\/0029VaMLFUH5K3zLU5s4wm3y\" rel=\"nofollow noopener\" target=\"_blank\">Whatsapp<\/a> kan\u0101l\u0101<\/p>\n","protected":false},"excerpt":{"rendered":"Vec\u0101 gada nogal\u0113 Kalifornijas \u0161tat\u0101 (ASV) notika tra\u0123iska nelaime \u2013 haizivs laup\u012bja triatlonistes dz\u012bv\u012bbu. 55 gadus vec\u0101 triatloniste&hellip;\n","protected":false},"author":2,"featured_media":93613,"comment_status":"","ping_status":"","sticky":false,"template":"","format":"standard","meta":{"footnotes":""},"categories":[14],"tags":[23,57,28,29,32,33,22,30,31,35,39,38,36,37,34,40,20,26,27,24,25,54,55,56,21,58],"class_list":{"0":"post-93612","1":"post","2":"type-post","3":"status-publish","4":"format-standard","5":"has-post-thumbnail","7":"category-zinas-no-arvalstim","8":"tag-aktualitates","9":"tag-arvalstim","10":"tag-breaking-news","11":"tag-breakingnews","12":"tag-featured-news","13":"tag-featurednews","14":"tag-headlines","15":"tag-latest-news","16":"tag-latestnews","17":"tag-latvia","18":"tag-latvian","19":"tag-latviesu","20":"tag-latviesu-valoda","21":"tag-latviesuvaloda","22":"tag-latvija","23":"tag-lv","24":"tag-news","25":"tag-popularakas-zinas","26":"tag-popularakaszinas","27":"tag-top-stories","28":"tag-topstories","29":"tag-world","30":"tag-world-news","31":"tag-worldnews","32":"tag-zinas","33":"tag-zinas-no-arvalstim"},"share_on_mastodon":{"url":"https:\/\/pubeurope.com\/@lv\/115832413396717215","error":""},"_links":{"self":[{"href":"https:\/\/www.europesays.com\/lv\/wp-json\/wp\/v2\/posts\/93612","targetHints":{"allow":["GET"]}}],"collection":[{"href":"https:\/\/www.europesays.com\/lv\/wp-json\/wp\/v2\/posts"}],"about":[{"href":"https:\/\/www.europesays.com\/lv\/wp-json\/wp\/v2\/types\/post"}],"author":[{"embeddable":true,"href":"https:\/\/www.europesays.com\/lv\/wp-json\/wp\/v2\/users\/2"}],"replies":[{"embeddable":true,"href":"https:\/\/www.europesays.com\/lv\/wp-json\/wp\/v2\/comments?post=93612"}],"version-history":[{"count":0,"href":"https:\/\/www.europesays.com\/lv\/wp-json\/wp\/v2\/posts\/93612\/revisions"}],"wp:featuredmedia":[{"embeddable":true,"href":"https:\/\/www.europesays.com\/lv\/wp-json\/wp\/v2\/media\/93613"}],"wp:attachment":[{"href":"https:\/\/www.europesays.com\/lv\/wp-json\/wp\/v2\/media?parent=93612"}],"wp:term":[{"taxonomy":"category","embeddable":true,"href":"https:\/\/www.europesays.com\/lv\/wp-json\/wp\/v2\/categories?post=93612"},{"taxonomy":"post_tag","embeddable":true,"href":"https:\/\/www.europesays.com\/lv\/wp-json\/wp\/v2\/tags?post=93612"}],"curies":[{"name":"wp","href":"https:\/\/api.w.org\/{rel}","templated":true}]}}