{"id":93620,"date":"2026-01-03T17:56:08","date_gmt":"2026-01-03T17:56:08","guid":{"rendered":"https:\/\/www.europesays.com\/lv\/93620\/"},"modified":"2026-01-03T17:56:08","modified_gmt":"2026-01-03T17:56:08","slug":"berline-tukstosiem-majsaimniecibu-palikusas-bez-elektroapgades-aizdomas-par-launpratibu","status":"publish","type":"post","link":"https:\/\/www.europesays.com\/lv\/93620\/","title":{"rendered":"Berl\u012bn\u0113 t\u016bksto\u0161iem m\u0101jsaimniec\u012bbu paliku\u0161as bez elektroapg\u0101des; aizdomas par \u013caunpr\u0101t\u012bbu"},"content":{"rendered":"<p>Policija uz incidenta vietu Lihterfeldes rajon\u0101 nos\u016bt\u012bja aptuveni 160 policistu un pazi\u0146oja, ka &#8220;veic izmekl\u0113\u0161anu saist\u012bb\u0101 ar aizdom\u0101m par \u013caunpr\u0101t\u012bgu dedzin\u0101\u0161anu&#8221;.<\/p>\n<p>Policija ar mikroautobusiem, kas apr\u012bkoti ar ska\u013cru\u0146iem, p\u0101rvietoj\u0101s pa cietu\u0161ajiem rajoniem, aicinot iedz\u012bvot\u0101jus, ja iesp\u0113jams, palikt pie draugiem vai radiniekiem citur, taup\u012bgi lietot mobilos t\u0101lru\u0146us un nodro\u0161in\u0101ties ar l\u0101p\u0101m.<\/p>\n<p>Incidenta d\u0113\u013c ietekm\u0113ta viet\u0113jo dzelzce\u013ca staciju darb\u012bba, jo taj\u0101s nedarboj\u0101s elektronisk\u0101s inform\u0101cijas z\u012bmes un bi\u013ce\u0161u autom\u0101ti, lai gan vilcieni joproj\u0101m kurs\u0113ja.<\/p>\n<p>Gifeja sac\u012bja, ka sestdienas p\u0101rtraukums ir slikt\u0101ks nek\u0101 septembr\u012b, kad ar\u012b Berl\u012bn\u0113 desmitiem t\u016bksto\u0161u cilv\u0113ku palika bez elektr\u012bbas p\u0113c tam, kad <a href=\"https:\/\/www.tvnet.lv\/term\/555502\/ugunsgreks\" class=\"topicLink\" target=\"_blank\" rel=\"nofollow noopener\">ugunsgr\u0113ks<\/a> bija sk\u0101ris elektr\u012bbas balstus.<\/p>\n<p>Ar\u012b \u0161aj\u0101 gad\u012bjum\u0101 policijai bija aizdomas par \u013caunpr\u0101t\u012bgu dedzin\u0101\u0161anu, un internet\u0101 atbild\u012bbu par ugunsgr\u0113ka izrais\u012b\u0161anu uz\u0146\u0113m\u0101s k\u0101ds v\u0101rd\u0101 nenosaukts anarhistu grup\u0113jums.<\/p>\n<p><a href=\"https:\/\/www.tvnet.lv\/term\/555442\/vacija\" class=\"topicLink\" target=\"_blank\" rel=\"nofollow noopener\">V\u0101cija<\/a> ir bijusi paaugstin\u0101tas gatav\u012bbas re\u017e\u012bm\u0101, lai nepie\u013cautu sabot\u0101\u017eas darb\u012bbas, kas v\u0113rstas pret t\u0101s infrastrukt\u016bru, ar\u012b no \u0101rvalstu, piem\u0113ram, Krievijas, puses.<\/p>\n","protected":false},"excerpt":{"rendered":"Policija uz incidenta vietu Lihterfeldes rajon\u0101 nos\u016bt\u012bja aptuveni 160 policistu un pazi\u0146oja, ka &#8220;veic izmekl\u0113\u0161anu saist\u012bb\u0101 ar aizdom\u0101m&hellip;\n","protected":false},"author":2,"featured_media":93621,"comment_status":"","ping_status":"","sticky":false,"template":"","format":"standard","meta":{"footnotes":""},"categories":[14],"tags":[23,57,1804,28,29,32,33,22,1571,30,31,35,39,38,36,37,34,40,20,26,27,24,25,377,299,54,55,56,21,58],"class_list":{"0":"post-93620","1":"post","2":"type-post","3":"status-publish","4":"format-standard","5":"has-post-thumbnail","7":"category-zinas-no-arvalstim","8":"tag-aktualitates","9":"tag-arvalstim","10":"tag-berline","11":"tag-breaking-news","12":"tag-breakingnews","13":"tag-featured-news","14":"tag-featurednews","15":"tag-headlines","16":"tag-hibridkars","17":"tag-latest-news","18":"tag-latestnews","19":"tag-latvia","20":"tag-latvian","21":"tag-latviesu","22":"tag-latviesu-valoda","23":"tag-latviesuvaloda","24":"tag-latvija","25":"tag-lv","26":"tag-news","27":"tag-popularakas-zinas","28":"tag-popularakaszinas","29":"tag-top-stories","30":"tag-topstories","31":"tag-ugunsgreks","32":"tag-vacija","33":"tag-world","34":"tag-world-news","35":"tag-worldnews","36":"tag-zinas","37":"tag-zinas-no-arvalstim"},"share_on_mastodon":{"url":"https:\/\/pubeurope.com\/@lv\/115832460574009901","error":""},"_links":{"self":[{"href":"https:\/\/www.europesays.com\/lv\/wp-json\/wp\/v2\/posts\/93620","targetHints":{"allow":["GET"]}}],"collection":[{"href":"https:\/\/www.europesays.com\/lv\/wp-json\/wp\/v2\/posts"}],"about":[{"href":"https:\/\/www.europesays.com\/lv\/wp-json\/wp\/v2\/types\/post"}],"author":[{"embeddable":true,"href":"https:\/\/www.europesays.com\/lv\/wp-json\/wp\/v2\/users\/2"}],"replies":[{"embeddable":true,"href":"https:\/\/www.europesays.com\/lv\/wp-json\/wp\/v2\/comments?post=93620"}],"version-history":[{"count":0,"href":"https:\/\/www.europesays.com\/lv\/wp-json\/wp\/v2\/posts\/93620\/revisions"}],"wp:featuredmedia":[{"embeddable":true,"href":"https:\/\/www.europesays.com\/lv\/wp-json\/wp\/v2\/media\/93621"}],"wp:attachment":[{"href":"https:\/\/www.europesays.com\/lv\/wp-json\/wp\/v2\/media?parent=93620"}],"wp:term":[{"taxonomy":"category","embeddable":true,"href":"https:\/\/www.europesays.com\/lv\/wp-json\/wp\/v2\/categories?post=93620"},{"taxonomy":"post_tag","embeddable":true,"href":"https:\/\/www.europesays.com\/lv\/wp-json\/wp\/v2\/tags?post=93620"}],"curies":[{"name":"wp","href":"https:\/\/api.w.org\/{rel}","templated":true}]}}