{"id":9363,"date":"2025-10-01T05:43:15","date_gmt":"2025-10-01T05:43:15","guid":{"rendered":"https:\/\/www.europesays.com\/lv\/9363\/"},"modified":"2025-10-01T05:43:15","modified_gmt":"2025-10-01T05:43:15","slug":"nato-generalsekretars-aicina-stiprinat-gaisa-telpas-drosibu-2","status":"publish","type":"post","link":"https:\/\/www.europesays.com\/lv\/9363\/","title":{"rendered":"NATO \u0123ener\u0101lsekret\u0101rs aicina stiprin\u0101t gaisa telpas dro\u0161\u012bbu"},"content":{"rendered":"<p>&#8220;Mums ir j\u0101saglab\u0101 m\u016bsu debesis dro\u0161as,&#8221; sac\u012bja Rite, run\u0101jot l\u012bdz\u0101s Eiropas Komisijas (EK) prezidentei Urzulai fon der Leienai pirms sarun\u0101m ar Eiropas Savien\u012bbas (ES) komis\u0101riem.<\/p>\n<blockquote class=\"quote ck-widget\" contenteditable=\"false\">\n<p>&#8220;P\u0113d\u0113jo p\u0101ris ned\u0113\u013cu laik\u0101 m\u0113s redz\u0113j\u0101m, kas notika ar droniem Polij\u0101, [izn\u012bcin\u0101t\u0101jiem] MiG-31 Igaunij\u0101, k\u0101 ar\u012b to, kas tagad notiek D\u0101nij\u0101,&#8221; sac\u012bja Rite.<\/p>\n<\/blockquote>\n<p>Tr\u012bs Krievijas izn\u012bcin\u0101t\u0101ji \u0161om\u0113nes ielidoja Igaunijas gaisa telp\u0101, bet Polij\u0101 ielidoja vismaz 19 Krievijas droni, ar\u012b pie D\u0101nijas lidost\u0101m tika nov\u0113roti vair\u0101ki droni.<\/p>\n<p>&#8220;D\u0101nij\u0101 m\u0113s joproj\u0101m izv\u0113rt\u0113jam, kas aiz t\u0101 st\u0101v, bet, run\u0101jot par Poliju un Igauniju, ir skaidrs, ka tie ir krievi. Tom\u0113r m\u0113s joproj\u0101m izv\u0113rt\u0113jam, vai tas ir t\u012b\u0161i vai n\u0113. Bet, pat ja tas nav t\u012b\u0161i, tas ir neapdom\u012bgi un nepie\u0146emami,&#8221; uzsv\u0113ra <a href=\"https:\/\/www.tvnet.lv\/term\/9898\/nato\" class=\"topicLink\" target=\"_blank\" rel=\"nofollow noopener\">NATO<\/a> \u0123ener\u0101lsekret\u0101rs.<\/p>\n<p>Rite atbalst\u012bja ideju par t\u0101 d\u0113v\u0113t\u0101 dronu m\u016bra izveidi, lai lab\u0101k aizsarg\u0101tu Eiropas gaisa telpu, ieceri d\u0113v\u0113jot to par &#8220;savlaic\u012bgu un nepiecie\u0161amu&#8221;.<\/p>\n<p>&#8220;M\u0113s nevaram t\u0113r\u0113t miljoniem eiro vai dol\u0101ru ra\u0137et\u0113m, lai izn\u012bcin\u0101tu dronus, kas maks\u0101 tikai da\u017eus t\u016bksto\u0161us dol\u0101ru,&#8221; sac\u012bja Rite.<\/p>\n<p>\u0160o Leienas atbalst\u012bto iniciat\u012bvu, visticam\u0101k, apspried\u012bs ES l\u012bderi, kas tre\u0161dien tiksies Kopenh\u0101gen\u0101.<\/p>\n<p>Leiena sol\u012bja &#8220;nekav\u0113joties r\u012bkoties, lai izveidotu dronu m\u016bri&#8221;.<\/p>\n<p>&#8220;Eiropai ir stingri un vienoti j\u0101rea\u0123\u0113 uz Krievijas dronu uzbrukumiem m\u016bsu robe\u017e\u0101m,&#8221; sac\u012bja EK prezidente.<\/p>\n","protected":false},"excerpt":{"rendered":"&#8220;Mums ir j\u0101saglab\u0101 m\u016bsu debesis dro\u0161as,&#8221; sac\u012bja Rite, run\u0101jot l\u012bdz\u0101s Eiropas Komisijas (EK) prezidentei Urzulai fon der Leienai&hellip;\n","protected":false},"author":2,"featured_media":9364,"comment_status":"","ping_status":"","sticky":false,"template":"","format":"standard","meta":{"footnotes":""},"categories":[5],"tags":[1546,23,28,29,32,33,22,74,30,31,35,39,38,36,37,34,40,3652,71,20,26,27,24,25,21],"class_list":{"0":"post-9363","1":"post","2":"type-post","3":"status-publish","4":"format-standard","5":"has-post-thumbnail","7":"category-aktualitates","8":"tag-aizsardziba","9":"tag-aktualitates","10":"tag-breaking-news","11":"tag-breakingnews","12":"tag-featured-news","13":"tag-featurednews","14":"tag-headlines","15":"tag-krievijas-iebrukums-ukraina","16":"tag-latest-news","17":"tag-latestnews","18":"tag-latvia","19":"tag-latvian","20":"tag-latviesu","21":"tag-latviesu-valoda","22":"tag-latviesuvaloda","23":"tag-latvija","24":"tag-lv","25":"tag-marks-rite","26":"tag-nato","27":"tag-news","28":"tag-popularakas-zinas","29":"tag-popularakaszinas","30":"tag-top-stories","31":"tag-topstories","32":"tag-zinas"},"share_on_mastodon":{"url":"","error":""},"_links":{"self":[{"href":"https:\/\/www.europesays.com\/lv\/wp-json\/wp\/v2\/posts\/9363","targetHints":{"allow":["GET"]}}],"collection":[{"href":"https:\/\/www.europesays.com\/lv\/wp-json\/wp\/v2\/posts"}],"about":[{"href":"https:\/\/www.europesays.com\/lv\/wp-json\/wp\/v2\/types\/post"}],"author":[{"embeddable":true,"href":"https:\/\/www.europesays.com\/lv\/wp-json\/wp\/v2\/users\/2"}],"replies":[{"embeddable":true,"href":"https:\/\/www.europesays.com\/lv\/wp-json\/wp\/v2\/comments?post=9363"}],"version-history":[{"count":0,"href":"https:\/\/www.europesays.com\/lv\/wp-json\/wp\/v2\/posts\/9363\/revisions"}],"wp:featuredmedia":[{"embeddable":true,"href":"https:\/\/www.europesays.com\/lv\/wp-json\/wp\/v2\/media\/9364"}],"wp:attachment":[{"href":"https:\/\/www.europesays.com\/lv\/wp-json\/wp\/v2\/media?parent=9363"}],"wp:term":[{"taxonomy":"category","embeddable":true,"href":"https:\/\/www.europesays.com\/lv\/wp-json\/wp\/v2\/categories?post=9363"},{"taxonomy":"post_tag","embeddable":true,"href":"https:\/\/www.europesays.com\/lv\/wp-json\/wp\/v2\/tags?post=9363"}],"curies":[{"name":"wp","href":"https:\/\/api.w.org\/{rel}","templated":true}]}}