{"id":93663,"date":"2026-01-03T18:53:03","date_gmt":"2026-01-03T18:53:03","guid":{"rendered":"https:\/\/www.europesays.com\/lv\/93663\/"},"modified":"2026-01-03T18:53:03","modified_gmt":"2026-01-03T18:53:03","slug":"2025-gads-nenovertejami-zaudejumi-latvijai-un-pasaulei-aiziet-izcilas-personibas-lente-lv-2","status":"publish","type":"post","link":"https:\/\/www.europesays.com\/lv\/93663\/","title":{"rendered":"2025. gads \u2013 Nenov\u0113rt\u0113jami zaud\u0113jumi Latvijai un pasaulei: aiziet izcilas person\u012bbas\u00a0\u2014\u00a0Lente.lv"},"content":{"rendered":"<p>Latvijas kult\u016bras un sabiedr\u012bbas dz\u012bves spilgtie talanti devu\u0161ies m\u016b\u017e\u012bb\u0101<\/p>\n<p>2025. gads Latvijai un pasaulei nesis noz\u012bm\u012bgus zaud\u0113jumus, aizsaucot m\u016b\u017e\u012bb\u0101 vair\u0101kas izcilas person\u012bbas. K\u0101 inform\u0113 Latvijas Sabiedriskie Mediji, \u0161ogad m\u016b\u017e\u012bb\u0101 pavad\u012bts dzejnieks, dziesmu autors un diplom\u0101ts J\u0101nis Peters (aizg\u0101ja 27. janv\u0101r\u012b 85 gadu vecum\u0101), iem\u012b\u013cotais dzied\u0101t\u0101js Ilm\u0101rs Dzenis (aizg\u0101ja 20. oktobr\u012b 95 gadu vecum\u0101), gleznot\u0101ja Aija Zari\u0146a, sevi\u0161\u0137i svar\u012bgu lietu izmekl\u0113t\u0101ja Rita Aksenoka un pasaules apce\u013cot\u0101js K\u0101rlis Bardelis. Vi\u0146u talants un devums paliks m\u016bsu atmi\u0146\u0101 un kult\u016bras mantojum\u0101.<\/p>\n<p>J\u0101nis Peters tika rakturots k\u0101 dzejnieks ar misijas apzi\u0146u un diplom\u0101ta talantu, kur\u0161 iedvesmoja Tre\u0161o atmodu un paliks m\u016b\u017e\u012bg\u0101 piemi\u0146\u0101 ar v\u0101rdiem: &#8220;Es sav\u0101 zem\u0113 gribu k\u013c\u016bt par zvanu, no kura m\u016b\u017eam jaunas dziesmas l\u012bst&#8230;&#8221; Vi\u0146a v\u0101rdi ieguvu\u0161i dzirksto\u0161as melodijas sadarb\u012bb\u0101 ar komponistu Raimondu Paulu, veidojot Latvijas kult\u016bras kanonu. <\/p>\n<p>Ilm\u0101rs Dzenis, sirsn\u012bg\u0101s balss \u012bpa\u0161nieks, aiznesa latvie\u0161u dziesmu melodijas p\u0101ri oke\u0101nam. Vi\u0146\u0161 bija viens no le\u0123end\u0101r\u0101 ansamb\u013ca &#8220;\u010cik\u0101gas piec\u012b\u0161i&#8221; dal\u012bbniekiem, kura dziesmas saglab\u0101ja latviskumu sve\u0161um\u0101. V\u0113l\u0101k veiksm\u012bgu solokarjeru veidoju\u0161ais m\u0101kslinieks ar dziesm\u0101m k\u0101 &#8220;Zil\u0101s acis&#8221; un &#8220;Cik dz\u012bv\u0113 viss skaists&#8221; lika klaus\u012bt\u0101jiem pasmaid\u012bt un aizdom\u0101ties.<\/p>\n<p>Starptautisk\u0101 kult\u016bras un gar\u012bg\u0101 mantojuma zvaigznes<\/p>\n<p>2025. gad\u0101 pasaule atvad\u012bj\u0101s ar\u012b no starptautiski atz\u012bt\u0101m person\u012bb\u0101m. Francijas kino le\u0123enda, aktrise un dz\u012bvnieku ties\u012bbu akt\u012bviste Bri\u017eita Bardo (aizg\u0101ja 28. decembr\u012b 91 gada vecum\u0101) bija ne tikai laikmeta ikona un sievi\u0161\u0137\u012bbas simbols, bet ar\u012b drosm\u012bga c\u012bkstone par dz\u012bvnieku ties\u012bb\u0101m. Vi\u0146as aizie\u0161ana ir noz\u012bm\u012bgs zaud\u0113jums pasaules kult\u016brai.<\/p>\n<p>Kato\u013cu bazn\u012bcas vad\u012bt\u0101js, p\u0101vests Francisks (aizg\u0101ja 21. apr\u012bl\u012b 88 gadu vecum\u0101), Argent\u012bn\u0101 dzimu\u0161ais Horhe Mario Bergoljo, bija pirmais p\u0101vests no Lat\u012b\u0146amerikas. Vi\u0146\u0161 tika iev\u0113l\u0113ts 2013. gad\u0101 un paz\u012bstams k\u0101 tr\u016bc\u012bgo un apspiesto aizst\u0101vis, veicot ar\u012b reformas bazn\u012bc\u0101.<\/p>\n<p>Atvad\u012b\u0161an\u0101s no talantiem<\/p>\n<p>\u0160ie zaud\u0113jumi atg\u0101dina par dz\u012bves trauslumu un taj\u0101 pa\u0161\u0101 laik\u0101 par to, cik svar\u012bgi ir saglab\u0101t un godin\u0101t tos cilv\u0113kus, kuri ar savu darbu un talantu ir bag\u0101tin\u0101ju\u0161i m\u016bsu pasauli. Gan Latvij\u0101, gan pasaul\u0113 piemin aizsaukt\u0101s person\u012bbas, godinot vi\u0146u piemi\u0146u un ieguld\u012bjumu.<\/p>\n","protected":false},"excerpt":{"rendered":"Latvijas kult\u016bras un sabiedr\u012bbas dz\u012bves spilgtie talanti devu\u0161ies m\u016b\u017e\u012bb\u0101 2025. gads Latvijai un pasaulei nesis noz\u012bm\u012bgus zaud\u0113jumus, aizsaucot&hellip;\n","protected":false},"author":2,"featured_media":93643,"comment_status":"","ping_status":"","sticky":false,"template":"","format":"standard","meta":{"footnotes":""},"categories":[19],"tags":[16659,8105,89,8268,90,1970,35,39,38,36,37,34,40,23425],"class_list":{"0":"post-93663","1":"post","2":"type-post","3":"status-publish","4":"format-standard","5":"has-post-thumbnail","7":"category-izklaide","8":"tag-2025-gads","9":"tag-brizita-bardo","10":"tag-entertainment","11":"tag-ilmars-dzenis","12":"tag-izklaide","13":"tag-janis-peters","14":"tag-latvia","15":"tag-latvian","16":"tag-latviesu","17":"tag-latviesu-valoda","18":"tag-latviesuvaloda","19":"tag-latvija","20":"tag-lv","21":"tag-pavests-francisks"},"share_on_mastodon":{"url":"https:\/\/pubeurope.com\/@lv\/115832684813119037","error":""},"_links":{"self":[{"href":"https:\/\/www.europesays.com\/lv\/wp-json\/wp\/v2\/posts\/93663","targetHints":{"allow":["GET"]}}],"collection":[{"href":"https:\/\/www.europesays.com\/lv\/wp-json\/wp\/v2\/posts"}],"about":[{"href":"https:\/\/www.europesays.com\/lv\/wp-json\/wp\/v2\/types\/post"}],"author":[{"embeddable":true,"href":"https:\/\/www.europesays.com\/lv\/wp-json\/wp\/v2\/users\/2"}],"replies":[{"embeddable":true,"href":"https:\/\/www.europesays.com\/lv\/wp-json\/wp\/v2\/comments?post=93663"}],"version-history":[{"count":0,"href":"https:\/\/www.europesays.com\/lv\/wp-json\/wp\/v2\/posts\/93663\/revisions"}],"wp:featuredmedia":[{"embeddable":true,"href":"https:\/\/www.europesays.com\/lv\/wp-json\/wp\/v2\/media\/93643"}],"wp:attachment":[{"href":"https:\/\/www.europesays.com\/lv\/wp-json\/wp\/v2\/media?parent=93663"}],"wp:term":[{"taxonomy":"category","embeddable":true,"href":"https:\/\/www.europesays.com\/lv\/wp-json\/wp\/v2\/categories?post=93663"},{"taxonomy":"post_tag","embeddable":true,"href":"https:\/\/www.europesays.com\/lv\/wp-json\/wp\/v2\/tags?post=93663"}],"curies":[{"name":"wp","href":"https:\/\/api.w.org\/{rel}","templated":true}]}}