{"id":93666,"date":"2026-01-03T18:58:22","date_gmt":"2026-01-03T18:58:22","guid":{"rendered":"https:\/\/www.europesays.com\/lv\/93666\/"},"modified":"2026-01-03T18:58:22","modified_gmt":"2026-01-03T18:58:22","slug":"gazes-spradziena-bauskas-iela-boja-gajis-gaso-darbinieks-diena","status":"publish","type":"post","link":"https:\/\/www.europesays.com\/lv\/93666\/","title":{"rendered":"G\u0101zes spr\u0101dzien\u0101 Bauskas iel\u0101 boj\u0101 g\u0101jis &#8220;Gaso&#8221; darbinieks \/ Diena"},"content":{"rendered":"<p>&#8220;Gaso&#8221; Av\u0101rijas dienests piektdien plkst. 14.58 sa\u0146\u0113ma inform\u0101ciju par g\u0101zes smaku k\u0101p\u0146u telp\u0101 dz\u012bvojam\u0101 m\u0101j\u0101 Bauskas iel\u0101. Av\u0101rijas dienesta brig\u0101de ierad\u0101s izsaukuma viet\u0101 plkst. 15.05.<\/p>\n<p>&#13;<br \/>\n&#13;<\/p>\n<p>Apsekojot \u0113ku, &#8220;Gaso&#8221; darbinieki konstat\u0113ja g\u0101zes koncentr\u0101ciju pie viena no m\u0101jas 5. st\u0101va dz\u012bvok\u013ciem. Dz\u012bvokl\u012b eso\u0161\u0101 persona pav\u0113ra durvis, bet, ieraugot &#8220;Gaso&#8221; darbiniekus, durvis aizv\u0113ra, liedzot speci\u0101listiem iek\u013c\u016bt dz\u012bvokl\u012b.<\/p>\n<p>&#13;<br \/>\n&#13;<\/p>\n<p>&#8220;Gaso&#8221; darbinieki s\u0101ka neatliekamo dro\u0161\u012bbas pas\u0101kumu veik\u0161anu, tika p\u0101rtraukta g\u0101zes padeve k\u0101p\u0146u telpai un \u0113kai.<\/p>\n<p>&#13;<br \/>\n&#13;<\/p>\n<p>T\u0101 k\u0101 &#8220;Gaso&#8221; darbiniekiem bija pamatotas aizdomas par nelikum\u012bg\u0101m darb\u012bb\u0101m ar \u0113kas g\u0101zesvadu, tika izsaukts Valsts ugunsdz\u0113s\u012bbas un gl\u0101b\u0161anas dienests (VUGD) un Valsts policija.<\/p>\n<p>&#13;<br \/>\n&#13;<\/p>\n<p>Darbu veik\u0161anas laik\u0101, vienam no &#8220;Gaso&#8221; darbiniekiem atrodoties m\u0101jas k\u0101p\u0146u telp\u0101, notika spr\u0101dziens 5. st\u0101va dz\u012bvokl\u012b. K\u0101 apstiprin\u0101ja uz\u0146\u0113muma valdes priek\u0161s\u0113d\u0113t\u0101ja Ilze P\u0113tersone-Godmane, spr\u0101dziena rezult\u0101t\u0101 notikuma viet\u0101 boj\u0101 g\u0101ja &#8220;Gaso&#8221; darbinieks.<\/p>\n<p>&#13;<br \/>\n&#13;<\/p>\n<p>Valsts policij\u0101 a\u0123ent\u016brai LETA pav\u0113st\u012bja, ka par notiku\u0161o uzs\u0101kts krimin\u0101lprocess par noziedz\u012bgiem nodar\u012bjumiem pret visp\u0101r\u0113jo dro\u0161\u012bbu un sabiedrisko k\u0101rt\u012bbu.<\/p>\n<p>&#13;<br \/>\n&#13;<\/p>\n<p>Jau rakst\u012bts, ka Tor\u0146akaln\u0101 g\u0101zes spr\u0101dziena d\u0113\u013c da\u013c\u0113ji sagruvis daudzst\u0101vu \u0113kas jumts un da\u013ca piekt\u0101 st\u0101va. VUGD inform\u0113ja, ka p\u0113cpusdien\u0101, plkst. 15.20 tika sa\u0146emts izsaukums uz Bauskas ielu un pa\u0161laik gl\u0101b\u0113ji str\u0101d\u0101 notikuma viet\u0101.<\/p>\n<p>&#13;<br \/>\n&#13;<\/p>\n<p>VUGD nor\u0101da, ka p\u0113c s\u0101kotn\u0113j\u0101s inform\u0101cijas noticis konstrukciju sabrukums daudzdz\u012bvok\u013cu \u0113kas aug\u0161\u0113jos st\u0101vos. No \u0113kas evaku\u0113ti cilv\u0113ki.<\/p>\n<p>&#13;<br \/>\n&#13;<\/p>\n<p>V\u0113r\u0161oties pie \u0113kas Bauskas iel\u0101 apsaimniekot\u0101ja SIA &#8220;Latvijas namsaimnieks&#8221;, lai noskaidrotu, kad \u0113k\u0101 p\u0113d\u0113jo reizi veikta g\u0101zes vadu p\u0101rbaude un k\u0101di bija ieg\u016btie secin\u0101jumi, uz\u0146\u0113muma p\u0101rst\u0101ve Jekaterina Pa\u0161etkina a\u0123ent\u016brai LETA nor\u0101d\u012bja, ka patlaban notiek situ\u0101cijas izv\u0113rt\u0113\u0161ana sadarb\u012bb\u0101 ar atbild\u012bgajiem operat\u012bvajiem dienestiem. Vi\u0146a akcent\u0113ja, ka pla\u0161\u0101ku koment\u0101ru var\u0113s sniegt, tikl\u012bdz inform\u0101cija b\u016bs apkopota un apstiprin\u0101ta.<\/p>\n<p>&#13;<br \/>\n&#13;<\/p>\n<p>Neatliekam\u0101s medic\u012bnisk\u0101s pal\u012bdz\u012bbas dienest\u0101 a\u0123ent\u016brai LETA pav\u0113st\u012bja, ka, ierodoties notikuma viet\u0101, medi\u0137i konstat\u0113ja viena cilv\u0113ka n\u0101vi.<\/p>\n<p>&#13;<br \/>\n&#13;<\/p>\n<p>V\u0113l medi\u0137u apskate un medic\u012bnisk\u0101 pal\u012bdz\u012bba sniegta tr\u012bs cilv\u0113kiem &#8211; vienam pal\u012bdz\u012bba sniegta uz vietas, divi nog\u0101d\u0101ti \u0101rstniec\u012bbas iest\u0101d\u0113 papildu izmekl\u0113jumu veik\u0161anai.<\/p>\n<p>&#13;<br \/>\n&#13;<\/p>\n<p>Valsts policij\u0101 a\u0123ent\u016brai LETA nor\u0101d\u012bja, ka, balstoties uz s\u0101kotn\u0113jo inform\u0101ciju, nenoskaidrota persona, iesp\u0113jams, veikusi g\u0101zes vada demont\u0101\u017eu, kas izrais\u012bja spr\u0101dzienu. Patlaban tiek skaidroti notiku\u0161\u0101 apst\u0101k\u013ci.<\/p>\n<p>&#13;<br \/>\n&#13;<\/p>\n<p>K\u0101 a\u0123ent\u016brai LETA past\u0101st\u012bja viet\u0113jie iedz\u012bvot\u0101ji, tad spr\u0101dziens bijis tik sp\u0113c\u012bgs, ka atsevi\u0161\u0137iem dz\u012bvok\u013ciem no spr\u0101dziena saboj\u0101tas, izsistas durvis, logi. T\u0101pat pirms spr\u0101dziena esot bijusi j\u016btama g\u0101ze.<\/p>\n<p>&#13;<br \/>\n&#13;<\/p>\n<p>Vienlaikus pa\u0161laik iedz\u012bvot\u0101ji ir nezi\u0146\u0101 par to, kas notiks t\u0101l\u0101k, atsauc\u012bbu izr\u0101da ar\u012b apk\u0101rt\u0113jo namu iedz\u012bvot\u0101ji, pied\u0101v\u0101jot pa\u0113st, pajumti, a\u0123ent\u016brai LETA past\u0101st\u012bja viet\u0113jie iedz\u012bvot\u0101ji.<\/p>\n<p>&#13;<br \/>\n&#13;<\/p>\n<p>K\u0101 a\u0123ent\u016bru LETA inform\u0113ja R\u012bgas dom\u0113, pagaid\u0101m nenoskaidrotu apst\u0101k\u013cu d\u0113\u013c piecst\u0101vu daudzdz\u012bvok\u013cu \u0113k\u0101 boj\u0101ta g\u0101zes vada d\u0113\u013c notika spr\u0101dziens, k\u0101 rezult\u0101t\u0101 sagruvis \u0113kas ceturtais un piektais st\u0101vs, k\u0101 ar\u012b jumts.<\/p>\n<p>&#13;<br \/>\n&#13;<\/p>\n<p>Patlaban evaku\u0113ti vair\u0101k nek\u0101 40 iedz\u012bvot\u0101ji, vi\u0146iem nodro\u0161in\u0101ta iesp\u0113ja uztur\u0113ties &#8220;R\u012bgas satiksmes&#8221; autobusos un tiek sniegta visa iesp\u0113jam\u0101 pal\u012bdz\u012bba. Tuv\u0101kaj\u0101 laik\u0101 \u0113ku apsekos b\u016bvinspektors, lai var\u0113tu lemt par t\u0101s t\u0101l\u0101ko ekspluat\u0101ciju.<\/p>\n<p>&#13;<br \/>\n&#13;<\/p>\n<p>Ja \u0113ka p\u0113c ugunsgr\u0113ka vai citas nelaimes nav izmantojama, dz\u012bvok\u013cu \u012bpa\u0161niekiem R\u012bgas pa\u0161vald\u012bba pied\u0101v\u0101 sa\u0146emt gan soci\u0101lo pal\u012bdz\u012bbu, gan iesp\u0113ju apmesties pagaidu izmitin\u0101\u0161anas viet\u0101.<\/p>\n<p>&#13;<br \/>\n&#13;<\/p>\n<p>Evaku\u0113tajiem iedz\u012bvot\u0101jiem ir ties\u012bbas pa\u0161vald\u012bb\u0101 sa\u0146emt kr\u012bzes pabalstu, kuru var piepras\u012bt divu m\u0113ne\u0161u laik\u0101 no kr\u012bzes situ\u0101cijas ra\u0161an\u0101s dienas. Iedz\u012bvot\u0101ji var v\u0113rsties ar iesniegumu kr\u012bzes pabalsta sa\u0146em\u0161anai R\u012bgas Soci\u0101laj\u0101 dienest\u0101, sazinoties pa t\u0101lruni 80001201.<\/p>\n<p>&#13;<br \/>\n&#13;<\/p>\n<p>T\u0101pat iedz\u012bvot\u0101ji aicin\u0101ti v\u0113rsties Soci\u0101laj\u0101 dienest\u0101, ja nepiecie\u0161ama k\u0101da cita pal\u012bdz\u012bba, piem\u0113ram, ap\u0123\u0113rbs, p\u0101rtikas pakas, dokumentu atjauno\u0161ana, vai v\u0113l k\u0101ds cits soci\u0101lais atbalsts. Pla\u0161\u0101ka inform\u0101cija par soci\u0101l\u0101s pal\u012bdz\u012bbas iesp\u0113j\u0101m pieejama pa t\u0101lruni 80001201.<\/p>\n<p>&#13;<br \/>\n&#13;<\/p>\n<p>Iedz\u012bvot\u0101jiem, kam nepiecie\u0161ama pagaidu dz\u012bvojam\u0101 telpa, patlaban tiek pied\u0101v\u0101ta istaba pa\u0161vald\u012bbas viesn\u012bc\u0101 l\u012bdz piec\u0101m dien\u0101m. Par izmitin\u0101\u0161anas iesp\u0113j\u0101m viesn\u012bc\u0101 aicin\u0101m sazin\u0101ties ar pa\u0161vald\u012bbas policiju pa t\u0101lruni 112.<\/p>\n<p>&#13;<br \/>\n&#13;<\/p>\n<p>Cietu\u0161aj\u0101m un apdraud\u0113taj\u0101m person\u0101m ir ties\u012bbas pieteikties pagaidu dz\u012bvojamai telpai un vienreiz\u0113jam pabalstam remontam gad\u012bjum\u0101, ja dz\u012bvojam\u0101 telpa vai dz\u012bvojam\u0101 m\u0101ja ir cietusi terora akta, stihiskas nelaimes, av\u0101rijas vai citas katastrofas rezult\u0101t\u0101 un Pils\u0113tas att\u012bst\u012bbas departaments pie\u0146\u0113mis l\u0113mumu aizliegt dz\u012bvojam\u0101s m\u0101jas ekspluat\u0101ciju l\u012bdz b\u012bstam\u012bbas nov\u0113r\u0161anai.<\/p>\n<p>&#13;<br \/>\n&#13;<\/p>\n<p>Lai sa\u0146emtu pa\u0161vald\u012bbas iz\u012br\u0113tu dz\u012bvojamo telpu, kur var uztur\u0113ties l\u012bdz se\u0161iem m\u0113ne\u0161iem, bet ne ilg\u0101k par gadu, iedz\u012bvot\u0101jiem j\u0101v\u0113r\u0161as ar iesniegumu R\u012bgas domes M\u0101jok\u013cu un vides departament\u0101 Br\u012bv\u012bbas iel\u0101 49\/53. Savuk\u0101rt, ja telpas tiks atz\u012btas par atjaunojam\u0101m, dz\u012bvok\u013cu \u012bpa\u0161nieki var\u0113s pieteikties uz vienreiz\u0113ju pabalstu remontam &#8211; l\u012bdz 10 000 eiro.<\/p>\n<p>&#13;<br \/>\n&#13;<\/p>\n<p>K\u0101 rakst\u012bts, &#8220;Gaso&#8221; izveidota 2017. gada nogal\u0113, nodalot &#8220;Latvijas g\u0101zes&#8221; sadales sist\u0113mas darb\u012bbu un izpildot Eiropas Savien\u012bbas un valsts pras\u012bbas par dabasg\u0101zes sadales sist\u0113mas neatkar\u012bbas nodro\u0161in\u0101\u0161anu. Ta\u010du 2023. gada j\u016blija beig\u0101s par &#8220;Gaso&#8221; vien\u012bgo \u012bpa\u0161nieci k\u013cuva Igaunijas uz\u0146\u0113mums &#8220;Elenger Grupp&#8221;, kas pieder Igaunijas invest\u012bciju komp\u0101nijai &#8220;Infortar&#8221;.<\/p>\n<p>&#13;<br \/>\n&#13;<\/p>\n<p>&#8220;Gaso&#8221; ir vien\u012bgais dabasg\u0101zes sadales sist\u0113mas operators Latvij\u0101. Komp\u0101nija nodro\u0161ina dabasg\u0101zes t\u012bklu dro\u0161\u012bbu, tehniskos pakalpojumus un dabasg\u0101zes pat\u0113ri\u0146a uzskaiti. &#8220;Gaso&#8221; ir nacion\u0101lajai dro\u0161\u012bbai noz\u012bm\u012bga komercsabiedr\u012bba.<\/p>\n<p>&#13;<\/p>\n","protected":false},"excerpt":{"rendered":"&#8220;Gaso&#8221; Av\u0101rijas dienests piektdien plkst. 14.58 sa\u0146\u0113ma inform\u0101ciju par g\u0101zes smaku k\u0101p\u0146u telp\u0101 dz\u012bvojam\u0101 m\u0101j\u0101 Bauskas iel\u0101. Av\u0101rijas&hellip;\n","protected":false},"author":2,"featured_media":93667,"comment_status":"","ping_status":"","sticky":false,"template":"","format":"standard","meta":{"footnotes":""},"categories":[5],"tags":[23,28,29,32,33,22,30,31,35,39,38,36,37,34,40,20,26,27,24,25,21],"class_list":{"0":"post-93666","1":"post","2":"type-post","3":"status-publish","4":"format-standard","5":"has-post-thumbnail","7":"category-aktualitates","8":"tag-aktualitates","9":"tag-breaking-news","10":"tag-breakingnews","11":"tag-featured-news","12":"tag-featurednews","13":"tag-headlines","14":"tag-latest-news","15":"tag-latestnews","16":"tag-latvia","17":"tag-latvian","18":"tag-latviesu","19":"tag-latviesu-valoda","20":"tag-latviesuvaloda","21":"tag-latvija","22":"tag-lv","23":"tag-news","24":"tag-popularakas-zinas","25":"tag-popularakaszinas","26":"tag-top-stories","27":"tag-topstories","28":"tag-zinas"},"share_on_mastodon":{"url":"https:\/\/pubeurope.com\/@lv\/115832704465482572","error":""},"_links":{"self":[{"href":"https:\/\/www.europesays.com\/lv\/wp-json\/wp\/v2\/posts\/93666","targetHints":{"allow":["GET"]}}],"collection":[{"href":"https:\/\/www.europesays.com\/lv\/wp-json\/wp\/v2\/posts"}],"about":[{"href":"https:\/\/www.europesays.com\/lv\/wp-json\/wp\/v2\/types\/post"}],"author":[{"embeddable":true,"href":"https:\/\/www.europesays.com\/lv\/wp-json\/wp\/v2\/users\/2"}],"replies":[{"embeddable":true,"href":"https:\/\/www.europesays.com\/lv\/wp-json\/wp\/v2\/comments?post=93666"}],"version-history":[{"count":0,"href":"https:\/\/www.europesays.com\/lv\/wp-json\/wp\/v2\/posts\/93666\/revisions"}],"wp:featuredmedia":[{"embeddable":true,"href":"https:\/\/www.europesays.com\/lv\/wp-json\/wp\/v2\/media\/93667"}],"wp:attachment":[{"href":"https:\/\/www.europesays.com\/lv\/wp-json\/wp\/v2\/media?parent=93666"}],"wp:term":[{"taxonomy":"category","embeddable":true,"href":"https:\/\/www.europesays.com\/lv\/wp-json\/wp\/v2\/categories?post=93666"},{"taxonomy":"post_tag","embeddable":true,"href":"https:\/\/www.europesays.com\/lv\/wp-json\/wp\/v2\/tags?post=93666"}],"curies":[{"name":"wp","href":"https:\/\/api.w.org\/{rel}","templated":true}]}}