{"id":93672,"date":"2026-01-03T19:02:07","date_gmt":"2026-01-03T19:02:07","guid":{"rendered":"https:\/\/www.europesays.com\/lv\/93672\/"},"modified":"2026-01-03T19:02:07","modified_gmt":"2026-01-03T19:02:07","slug":"zelenskis-6-janvari-francija-tiksies-ar-sabiedroto-lideriem-lente-lv-2","status":"publish","type":"post","link":"https:\/\/www.europesays.com\/lv\/93672\/","title":{"rendered":"Zelenskis 6. janv\u0101r\u012b Francij\u0101 tiksies ar sabiedroto l\u012bderiem\u00a0\u2014\u00a0Lente.lv"},"content":{"rendered":"<p>Dro\u0161\u012bbas padomnieku tik\u0161an\u0101s pirms l\u012bderu samita<\/p>\n<p>Ukrainas prezidents Volodimirs Zelenskis ir pazi\u0146ojis, ka 6. janv\u0101r\u012b Francij\u0101 paredz\u0113ta tik\u0161an\u0101s ar Ukrainas sabiedroto valstu l\u012bderiem. K\u0101 inform\u0113 port\u0101ls jauns.lv, pirms \u0161\u012b augst\u0101k\u0101 l\u012bme\u0146a samita, 3. janv\u0101r\u012b notiks Kijivas sabiedroto valstu dro\u0161\u012bbas padomnieku apspriede. \u0160\u012b tik\u0161an\u0101s ir paredz\u0113ta, lai izskat\u012btu visus dokumentus un sagatavotos l\u012bderu diskusij\u0101m. P\u0113c tam, 7. janv\u0101r\u012b, padomnieki atkal tiksies, lai preciz\u0113tu nosl\u0113gt\u0101s vieno\u0161an\u0101s.<\/p>\n<p>Gaid\u0101m\u0101s tik\u0161an\u0101s m\u0113r\u0137i un konteksts<\/p>\n<p>\u0160ie notikumi risin\u0101sies laik\u0101, kad diplom\u0101tisk\u0101s p\u016bles kara izbeig\u0161anai ir pastiprin\u0101tas. Zelenskis pauda cer\u012bbu, ka p\u0113c samita Francij\u0101 sekos ar\u012b tik\u0161an\u0101s ar Eiropas Savien\u012bbas un ASV l\u012bderiem. Nesens Zelenska sarunas ar ASV prezidentu Donaldu Trampu Florid\u0101 apliecina \u0161\u012bs cer\u012bbas, jo abas puses zi\u0146oju\u0161as par progresu attiec\u012bb\u0101 uz ASV pl\u0101nu kara izbeig\u0161anai. Tiek prognoz\u0113ts, ka kara izbeig\u0161anas pl\u0101ns ir gatavs aptuveni 90% apm\u0113r\u0101, un tiek apspriestas dro\u0161\u012bbas garantijas.<\/p>\n<p>Iepriek\u0161\u0113j\u0101s un turpm\u0101k\u0101s attiec\u012bbas ar sabiedrotajiem<\/p>\n<p>Ukrainas prezidents iepriek\u0161 ir ticies ar Francijas prezidentu Emanuelu Makronu un V\u0101cijas kancleru Olafu \u0160olcu, lai apspriestu turpm\u0101ko milit\u0101ro pal\u012bdz\u012bbu, tostarp tanku un pretgaisa aizsardz\u012bbas sist\u0113mu pieg\u0101di. ASV prezidents Donalds Tramps ir apsol\u012bjis pal\u012bdz\u012bbu Ukrainas pretgaisa aizsardz\u012bbas stiprin\u0101\u0161an\u0101, tostarp pieg\u0101d\u0101jot NASAMS un PAC-3 ra\u0137etes. \u0160\u0101da pal\u012bdz\u012bba ir svar\u012bga, neraugoties uz diplom\u0101tiskajiem centieniem, jo Krievija turpina uzbrukumus.<\/p>\n","protected":false},"excerpt":{"rendered":"Dro\u0161\u012bbas padomnieku tik\u0161an\u0101s pirms l\u012bderu samita Ukrainas prezidents Volodimirs Zelenskis ir pazi\u0146ojis, ka 6. janv\u0101r\u012b Francij\u0101 paredz\u0113ta tik\u0161an\u0101s&hellip;\n","protected":false},"author":2,"featured_media":93662,"comment_status":"","ping_status":"","sticky":false,"template":"","format":"standard","meta":{"footnotes":""},"categories":[14],"tags":[23,57,28,29,23427,32,33,1309,22,30,31,35,39,38,36,37,34,40,20,26,27,23426,8404,24,25,54,55,56,1075,21,58],"class_list":{"0":"post-93672","1":"post","2":"type-post","3":"status-publish","4":"format-standard","5":"has-post-thumbnail","7":"category-zinas-no-arvalstim","8":"tag-aktualitates","9":"tag-arvalstim","10":"tag-breaking-news","11":"tag-breakingnews","12":"tag-drosibas-padomnieki","13":"tag-featured-news","14":"tag-featurednews","15":"tag-francija","16":"tag-headlines","17":"tag-latest-news","18":"tag-latestnews","19":"tag-latvia","20":"tag-latvian","21":"tag-latviesu","22":"tag-latviesu-valoda","23":"tag-latviesuvaloda","24":"tag-latvija","25":"tag-lv","26":"tag-news","27":"tag-popularakas-zinas","28":"tag-popularakaszinas","29":"tag-sabiedrotie","30":"tag-tiksanas","31":"tag-top-stories","32":"tag-topstories","33":"tag-world","34":"tag-world-news","35":"tag-worldnews","36":"tag-zelenskis","37":"tag-zinas","38":"tag-zinas-no-arvalstim"},"share_on_mastodon":{"url":"https:\/\/pubeurope.com\/@lv\/115832720121826534","error":""},"_links":{"self":[{"href":"https:\/\/www.europesays.com\/lv\/wp-json\/wp\/v2\/posts\/93672","targetHints":{"allow":["GET"]}}],"collection":[{"href":"https:\/\/www.europesays.com\/lv\/wp-json\/wp\/v2\/posts"}],"about":[{"href":"https:\/\/www.europesays.com\/lv\/wp-json\/wp\/v2\/types\/post"}],"author":[{"embeddable":true,"href":"https:\/\/www.europesays.com\/lv\/wp-json\/wp\/v2\/users\/2"}],"replies":[{"embeddable":true,"href":"https:\/\/www.europesays.com\/lv\/wp-json\/wp\/v2\/comments?post=93672"}],"version-history":[{"count":0,"href":"https:\/\/www.europesays.com\/lv\/wp-json\/wp\/v2\/posts\/93672\/revisions"}],"wp:featuredmedia":[{"embeddable":true,"href":"https:\/\/www.europesays.com\/lv\/wp-json\/wp\/v2\/media\/93662"}],"wp:attachment":[{"href":"https:\/\/www.europesays.com\/lv\/wp-json\/wp\/v2\/media?parent=93672"}],"wp:term":[{"taxonomy":"category","embeddable":true,"href":"https:\/\/www.europesays.com\/lv\/wp-json\/wp\/v2\/categories?post=93672"},{"taxonomy":"post_tag","embeddable":true,"href":"https:\/\/www.europesays.com\/lv\/wp-json\/wp\/v2\/tags?post=93672"}],"curies":[{"name":"wp","href":"https:\/\/api.w.org\/{rel}","templated":true}]}}