{"id":93682,"date":"2026-01-03T19:33:09","date_gmt":"2026-01-03T19:33:09","guid":{"rendered":"https:\/\/www.europesays.com\/lv\/93682\/"},"modified":"2026-01-03T19:33:09","modified_gmt":"2026-01-03T19:33:09","slug":"dzeltenais-bridinajums-adazu-novada-var-applust-zemakas-vietas-jauns-lv","status":"publish","type":"post","link":"https:\/\/www.europesays.com\/lv\/93682\/","title":{"rendered":"Dzeltenais br\u012bdin\u0101jums: \u0100da\u017eu novad\u0101 var appl\u016bst zem\u0101k\u0101s vietas &#8211; Jauns.lv"},"content":{"rendered":"<ol>\n<li><a href=\"https:\/\/news.google.com\/rss\/articles\/CBMioAFBVV95cUxQRTFPdXV4UmdxZS1VQUZPNE9nQzBPbDVaR0FLTDV4LU5rSlBBN1Y4UV84TDJkUkZNbXEzWTgzb0JmNVhTeFVWRmJfdDJYeEI0aThYTm1aOVZmM2RXbnVZZDdfUDZITW5tOUhSVVFJUV9id3ZueVBFVzJvazNLQ2pKa0hBc1F6bGJLdmtXZnptUkpRVEVhUVNlSmp3bm9kUE9Q?oc=5\" target=\"_blank\" rel=\"nofollow noopener\">Dzeltenais br\u012bdin\u0101jums: \u0100da\u017eu novad\u0101 var appl\u016bst zem\u0101k\u0101s vietas<\/a>&nbsp;&nbsp;Jauns.lv<\/li>\n<li><a href=\"https:\/\/news.google.com\/rss\/articles\/CBMijAFBVV95cUxNSnBOY1JfNERuR253V2kyUVRHR0N5SHNZTXBjTVptQjFJWGdZQkFXc21EM2thWlFFR0U1RjltZEo3TG9ESHdCVkpXNFNjT1oyeEV0NF9PRTkwSGVWMnN4V19Xc1E2dXEwTzhZSW8tMDcya1duOVloUkFDakZzdzgtdUk2aGZLdHl5TzIwTw?oc=5\" target=\"_blank\" rel=\"nofollow noopener\">Br\u012bdina par zem\u0101ko vietu apl\u016b\u0161anas risku Gaujas lejtec\u0113<\/a>&nbsp;&nbsp;TVNET<\/li>\n<li><a href=\"https:\/\/news.google.com\/rss\/articles\/CBMiogFBVV95cUxOeEVFZ0hEdTFmT3IyMUdYMVRqZ1lmMjhaTm5lOGxmLWpXRmJsNWRKZzhzd1MwWkt1ekxrN21FTzg2Ym5JbjJpbnJxdUs0cWh3ZUZUelRkaVVLMG5aWU1kZFFqV0k5c0l3OG1tMEQ1RHYtWjN4T21kVkVnMnZJZEp5c2lTNldWTHlPaXF3VXByaXB6S1ZaUVdwOHV2Ml91NjJ4NXfSAacBQVVfeXFMTlJqZkZXOUl6aUt3dnZ4R1lLMWZfaVFjZkRIWUozaWt2YzM4UElod3BrTjQ4YnBibzJMU2VzakJZbzB3MXlCalk0eF9tX196eW8wVVdsakZRRXNvbGlPcUZkd2ZLbGF0TzhzTk93dkNhbWZ5M0pVb2NXQmsyeFlMWnFMT3RGLWEtM2xXTENlNWo2cl9OSXlTUlRsek5ZY19Bdk9UUmtfMWM?oc=5\" target=\"_blank\" rel=\"nofollow noopener\">Latvijas up\u0113s turpin\u0101sies ledus veido\u0161an\u0101s un vi\u017e\u0146u ie\u0161ana<\/a>&nbsp;&nbsp;bb.lv<\/li>\n<li><a href=\"https:\/\/news.google.com\/rss\/articles\/CBMisgFBVV95cUxNX1hCZnNvWTBmMXlqMXROWkU4OHlkTlpDOUQtQWViZUc0TTE3cFNmcTlpak9CWEdGeG84TzdSQTd4QkNNdmxQY05QZTIwR2dkbUFKOHliWDEtM19JcmpRdUdqOVdDNi1KaDJOVFcxN1poOU1oUGRiUmlKTDZOcDB6anJYT05hQTkzVy1zYmg1eFg1a3BCV2IzbnJJRXFkdnpKZGgzT3g1NWl1YlpKRTlJbkpn?oc=5\" target=\"_blank\" rel=\"nofollow noopener\">Vi\u017e\u0146u sabl\u012bv\u0113\u0161an\u0101s d\u0113\u013c Gauj\u0101 iesp\u0113jama zem\u0101ko vietu appl\u016b\u0161ana<\/a>&nbsp;&nbsp;Diena<\/li>\n<li><a href=\"https:\/\/news.google.com\/rss\/articles\/CBMi0gFBVV95cUxQVDhpRnNCR1Z5ZUl3SFFDM0xMVm1GR0ZxRkJoVGUxc21uSGlubW5aa1RCRDVoaVd6VldYUi1adm1NUWp1bVRZdG85M2hRU1Jab3BTYV9WOWhaZmtSeDhlckZsZ25ib2NxNll5aUk2T2RvNWxnZFN3YmtnZ0FJTlRja2p2cHlvNUZXU1RzUUpPTGR1MXg5bWk2bFRuVE9tRl9DMUR6cW9WeE45dUJIM2xrOWdJWlBlQ0laZmRSTjZ3Nk1KUXNYaGE4LXRQaFc1eEgwdkE?oc=5\" target=\"_blank\" rel=\"nofollow noopener\">Gaujas lejtec\u0113 izveidoju\u0161ies ledus sabl\u012bv\u0113jumi, prognoz\u0113 zem\u0101ko vietu appl\u016b\u0161anu<\/a>&nbsp;&nbsp;Lente.lv<\/li>\n<\/ol>\n","protected":false},"excerpt":{"rendered":"Dzeltenais br\u012bdin\u0101jums: \u0100da\u017eu novad\u0101 var appl\u016bst zem\u0101k\u0101s vietas&nbsp;&nbsp;Jauns.lv Br\u012bdina par zem\u0101ko vietu apl\u016b\u0161anas risku Gaujas lejtec\u0113&nbsp;&nbsp;TVNET Latvijas up\u0113s&hellip;\n","protected":false},"author":2,"featured_media":93683,"comment_status":"","ping_status":"","sticky":false,"template":"","format":"standard","meta":{"footnotes":""},"categories":[12],"tags":[23,28,29,32,33,22,30,31,35,39,38,36,37,34,40,20,26,27,24,25,21],"class_list":{"0":"post-93682","1":"post","2":"type-post","3":"status-publish","4":"format-standard","5":"has-post-thumbnail","7":"category-latvija","8":"tag-aktualitates","9":"tag-breaking-news","10":"tag-breakingnews","11":"tag-featured-news","12":"tag-featurednews","13":"tag-headlines","14":"tag-latest-news","15":"tag-latestnews","16":"tag-latvia","17":"tag-latvian","18":"tag-latviesu","19":"tag-latviesu-valoda","20":"tag-latviesuvaloda","21":"tag-latvija","22":"tag-lv","23":"tag-news","24":"tag-popularakas-zinas","25":"tag-popularakaszinas","26":"tag-top-stories","27":"tag-topstories","28":"tag-zinas"},"share_on_mastodon":{"url":"https:\/\/pubeurope.com\/@lv\/115832842146471398","error":""},"_links":{"self":[{"href":"https:\/\/www.europesays.com\/lv\/wp-json\/wp\/v2\/posts\/93682","targetHints":{"allow":["GET"]}}],"collection":[{"href":"https:\/\/www.europesays.com\/lv\/wp-json\/wp\/v2\/posts"}],"about":[{"href":"https:\/\/www.europesays.com\/lv\/wp-json\/wp\/v2\/types\/post"}],"author":[{"embeddable":true,"href":"https:\/\/www.europesays.com\/lv\/wp-json\/wp\/v2\/users\/2"}],"replies":[{"embeddable":true,"href":"https:\/\/www.europesays.com\/lv\/wp-json\/wp\/v2\/comments?post=93682"}],"version-history":[{"count":0,"href":"https:\/\/www.europesays.com\/lv\/wp-json\/wp\/v2\/posts\/93682\/revisions"}],"wp:featuredmedia":[{"embeddable":true,"href":"https:\/\/www.europesays.com\/lv\/wp-json\/wp\/v2\/media\/93683"}],"wp:attachment":[{"href":"https:\/\/www.europesays.com\/lv\/wp-json\/wp\/v2\/media?parent=93682"}],"wp:term":[{"taxonomy":"category","embeddable":true,"href":"https:\/\/www.europesays.com\/lv\/wp-json\/wp\/v2\/categories?post=93682"},{"taxonomy":"post_tag","embeddable":true,"href":"https:\/\/www.europesays.com\/lv\/wp-json\/wp\/v2\/tags?post=93682"}],"curies":[{"name":"wp","href":"https:\/\/api.w.org\/{rel}","templated":true}]}}