{"id":9371,"date":"2025-10-01T05:54:08","date_gmt":"2025-10-01T05:54:08","guid":{"rendered":"https:\/\/www.europesays.com\/lv\/9371\/"},"modified":"2025-10-01T05:54:08","modified_gmt":"2025-10-01T05:54:08","slug":"stajas-speka-paaugstinatie-rigas-siltuma-tarifi-apollo-lv","status":"publish","type":"post","link":"https:\/\/www.europesays.com\/lv\/9371\/","title":{"rendered":"St\u0101jas sp\u0113k\u0101 paaugstin\u0101tie &quot;R\u012bgas siltuma&quot; tarifi &#8211; Apollo.lv"},"content":{"rendered":"<ol>\n<li><a href=\"https:\/\/news.google.com\/rss\/articles\/CBMigwFBVV95cUxNR3JyU2gtZ3ZxY3gtMnd1bXpDcGFCYU9wUENSMDRoX3gzQk1qMnRjYk1UaVgtaU1IelN5bGN1dFh4QW1mOHJ2bk5qQlVndTF4UWg1TUtYXzM3QzZsdS1aUWZ0LUlsRFRBV2NiUGN1YjhWN1VmZmcwUndqakY1VEFzVkgyaw?oc=5\" target=\"_blank\" rel=\"nofollow noopener\">St\u0101jas sp\u0113k\u0101 paaugstin\u0101tie &#8220;R\u012bgas siltuma&#8221; tarifi<\/a>&nbsp;&nbsp;Apollo.lv<\/li>\n<li><a href=\"https:\/\/news.google.com\/rss\/articles\/CBMinAFBVV95cUxOSElMZHhiM2dLNXdqanIxMEVCYjRkeWZIc0JxV0dZXzlRMG1SQ0J0N2pZeTdkSC0yUVdlVzVQUlRLd1ZvY2tBYm9BRFhlRlNKaHZiSEgzMUNkbTZpV0l3cGNnYXVHakxKY0cyVk1TSnd6ZDJGZEZJYU9kMzBid2tQN0YzOGtWRUFVdUFzckxWUnVWYlJnZW43eFB0T1A?oc=5\" target=\"_blank\" rel=\"nofollow noopener\">SPRK: vair\u0101kiem desmitiem komersantu main\u0101s apkures tarifi<\/a>&nbsp;&nbsp;Jauns.lv<\/li>\n<li><a href=\"https:\/\/news.google.com\/rss\/articles\/CBMiugFBVV95cUxPcW9KbzF1UzlsVGZlekFfcnQteEN0eE1fVFV3QlBJUE41SlZicmlnYzAtRG45UVBmWlBqNUxiUG1RYXZudXRydHBjalVHejhjb1FwdzJ4ZW9SNlhxdzZ2RmNMWFlFQnpTbGJObU42ckxzaEFPb0t5Q1BydWNxYVZLcklJYkJIcFc5WUliVWNwcWR6Q0ktSUdSRDVvdWt6SlhiUUZIWjYzVDBISVFCTUJFNFcwNlhBT01uZ0E?oc=5\" target=\"_blank\" rel=\"nofollow noopener\">Oktobr\u012b siltumener\u0123ijas tarifs main\u012bsies 52 komersantiem \/ Raksts<\/a>&nbsp;&nbsp;LSM<\/li>\n<li><a href=\"https:\/\/news.google.com\/rss\/articles\/CBMipgFBVV95cUxPUUxtZnhxNUtmQnplUllBOGxnUU9FbEw5ZHUtbjc3OWgxR1dodTJFMFhEWFN3LWFlVFp0cXZrYzBqMzYyYl81ZW1YaVBaVTVSWTBFQU00ak1CUk03RzNMU0JuVkpvTVV2UUxoUjNXU2sybmhQY3dKMFl2NnBkQ2xGSnFrNDRoQ2tPWTZ1N1RkNHIwSi1ET29oUHlMQmdja0QwcTJyVklR?oc=5\" target=\"_blank\" rel=\"nofollow noopener\">K\u0101 samazin\u0101t apkures izmaksas , neatsakoties no komforta?<\/a>&nbsp;&nbsp;Santa.lv<\/li>\n<li><a href=\"https:\/\/news.google.com\/rss\/articles\/CBMi5AFBVV95cUxOMXhhSk5jcXUyQ3pDVU5fT3E2bW11Z3FMTlBEUXl6QVJEVmFXeExvYjV4TlFRWUVzVUVra0daRHAzOWJkTFJpZ0NTc1doa1liT2VvcFdYSFRBNGFaVjl5cTczNFJXTHVkWWFsd0pqd2ZmSzNPLUd1RmZzallwT2VEZVdjV3p1dHkxZ3d3MWdnOVlUZ1drVlFGeFJ0eks0eXllYWswZk1zVk5rNXVZTjVqb3FTXzVTUDhWOENYa1d4NDBlQnkzenlDVzRqRTBueTlzZjBTT3dIRjRFSzN3dVVKaVNmdy0?oc=5\" target=\"_blank\" rel=\"nofollow noopener\">\u201cIr j\u0101atlai\u017e padome un valde!\u201d Kulbergs sav\u0101cis parakstus, lai ierosin\u0101tu izveidot parlament\u0101r\u0101s izmekl\u0113\u0161anas komisiju par \u201cR\u012bgas Siltumu\u201d<\/a>&nbsp;&nbsp;LA.LV<\/li>\n<\/ol>\n","protected":false},"excerpt":{"rendered":"St\u0101jas sp\u0113k\u0101 paaugstin\u0101tie &#8220;R\u012bgas siltuma&#8221; tarifi&nbsp;&nbsp;Apollo.lv SPRK: vair\u0101kiem desmitiem komersantu main\u0101s apkures tarifi&nbsp;&nbsp;Jauns.lv Oktobr\u012b siltumener\u0123ijas tarifs main\u012bsies 52&hellip;\n","protected":false},"author":2,"featured_media":9372,"comment_status":"","ping_status":"","sticky":false,"template":"","format":"standard","meta":{"footnotes":""},"categories":[12],"tags":[23,1677,28,29,32,33,22,30,31,35,39,38,36,37,34,40,20,26,27,172,1595,1679,3655,24,25,21],"class_list":{"0":"post-9371","1":"post","2":"type-post","3":"status-publish","4":"format-standard","5":"has-post-thumbnail","7":"category-latvija","8":"tag-aktualitates","9":"tag-apkure","10":"tag-breaking-news","11":"tag-breakingnews","12":"tag-featured-news","13":"tag-featurednews","14":"tag-headlines","15":"tag-latest-news","16":"tag-latestnews","17":"tag-latvia","18":"tag-latvian","19":"tag-latviesu","20":"tag-latviesu-valoda","21":"tag-latviesuvaloda","22":"tag-latvija","23":"tag-lv","24":"tag-news","25":"tag-popularakas-zinas","26":"tag-popularakaszinas","27":"tag-riga","28":"tag-rigas-siltums","29":"tag-siltumenergija","30":"tag-siltumenergijas-tarifs","31":"tag-top-stories","32":"tag-topstories","33":"tag-zinas"},"share_on_mastodon":{"url":"","error":""},"_links":{"self":[{"href":"https:\/\/www.europesays.com\/lv\/wp-json\/wp\/v2\/posts\/9371","targetHints":{"allow":["GET"]}}],"collection":[{"href":"https:\/\/www.europesays.com\/lv\/wp-json\/wp\/v2\/posts"}],"about":[{"href":"https:\/\/www.europesays.com\/lv\/wp-json\/wp\/v2\/types\/post"}],"author":[{"embeddable":true,"href":"https:\/\/www.europesays.com\/lv\/wp-json\/wp\/v2\/users\/2"}],"replies":[{"embeddable":true,"href":"https:\/\/www.europesays.com\/lv\/wp-json\/wp\/v2\/comments?post=9371"}],"version-history":[{"count":0,"href":"https:\/\/www.europesays.com\/lv\/wp-json\/wp\/v2\/posts\/9371\/revisions"}],"wp:featuredmedia":[{"embeddable":true,"href":"https:\/\/www.europesays.com\/lv\/wp-json\/wp\/v2\/media\/9372"}],"wp:attachment":[{"href":"https:\/\/www.europesays.com\/lv\/wp-json\/wp\/v2\/media?parent=9371"}],"wp:term":[{"taxonomy":"category","embeddable":true,"href":"https:\/\/www.europesays.com\/lv\/wp-json\/wp\/v2\/categories?post=9371"},{"taxonomy":"post_tag","embeddable":true,"href":"https:\/\/www.europesays.com\/lv\/wp-json\/wp\/v2\/tags?post=9371"}],"curies":[{"name":"wp","href":"https:\/\/api.w.org\/{rel}","templated":true}]}}