{"id":93710,"date":"2026-01-03T20:21:07","date_gmt":"2026-01-03T20:21:07","guid":{"rendered":"https:\/\/www.europesays.com\/lv\/93710\/"},"modified":"2026-01-03T20:21:07","modified_gmt":"2026-01-03T20:21:07","slug":"jaunas-detalas-par-tragisko-avariju-ogres-novada-kura-dzivibu-zaudeja-sieviete-lente-lv","status":"publish","type":"post","link":"https:\/\/www.europesays.com\/lv\/93710\/","title":{"rendered":"Jaunas deta\u013cas par tra\u0123isko av\u0101riju Ogres novad\u0101, kur\u0101 dz\u012bv\u012bbu zaud\u0113ja sieviete\u00a0\u2014\u00a0Lente.lv"},"content":{"rendered":"<p>Smaga av\u0101rija pie \u0136eipenes pras\u012bja cilv\u0113ka dz\u012bv\u012bbu<\/p>\n<p>\u0160or\u012bt, 29. decembr\u012b, net\u0101lu no \u0136eipenes Ogres novad\u0101 notika smaga ce\u013cu satiksmes negad\u012bjums, kas pras\u012bja vienas personas dz\u012bv\u012bbu. Sadursm\u0113 boj\u0101 g\u0101ja 44 gadus veca sieviete. K\u0101 zi\u0146o Latvijas Av\u012bze, \u0161is tra\u0123iskais negad\u012bjums notika uz autoce\u013ca R\u012bga-\u0112rg\u013ci, aptuveni 66.7. kilometr\u0101. Negad\u012bjuma apst\u0101k\u013ci v\u0113l tiek skaidroti, ta\u010du s\u0101kotn\u0113j\u0101 inform\u0101cija liecina, ka notikusi divu vieglo automa\u0161\u012bnu sadursme.<\/p>\n<p>Sadursmes deta\u013cas un upuris<\/p>\n<p>Av\u0101rij\u0101 tika iesaist\u012btas divas viegl\u0101s automa\u0161\u012bnas \u2013 \u201cVolkswagen\u201d un \u201cHyundai\u201d. Viens no transportl\u012bdzek\u013ciem brauca \u0112rg\u013cu virzien\u0101, bet otrs \u2013 Sunta\u017eu virzien\u0101. S\u0101kotn\u0113j\u0101 inform\u0101cija liecina, ka viens no vad\u012bt\u0101jiem l\u012bkum\u0101 zaud\u0113ja kontroli p\u0101r sp\u0113kratu, s\u0101k\u0101s s\u0101nsl\u012bde, un automa\u0161\u012bna ietriec\u0101s pret\u012b brauco\u0161aj\u0101 transportl\u012bdzekl\u012b. Diem\u017e\u0113l \u0161\u012bs sadursmes rezult\u0101t\u0101 boj\u0101 g\u0101ja 44 gadus veca sieviete, kura, visticam\u0101k, nebija piespr\u0101dz\u0113jusies ar dro\u0161\u012bbas jostu. Vi\u0146a tika izsviesta pa automa\u0161\u012bnas aizmugur\u0113jo logu, un g\u016bt\u0101s traumas izr\u0101d\u012bj\u0101s nesavienojamas ar dz\u012bv\u012bbu.<\/p>\n<p>Medi\u0137u un gl\u0101b\u0113ju darbs<\/p>\n<p>Uz notikuma vietu nekav\u0113joties ierad\u0101s ugunsdz\u0113s\u0113ji gl\u0101b\u0113ji, kuri sniedza pirmo pal\u012bdz\u012bbu cietu\u0161ajiem. Kopum\u0101 av\u0101rij\u0101 cieta \u010detri cilv\u0113ki \u2013 divi v\u012brie\u0161i un divas sievietes. Abi v\u012brie\u0161i jau bija izk\u013cuvu\u0161i no automa\u0161\u012bn\u0101m. Viena sieviete atrad\u0101s vien\u0101 no automa\u0161\u012bn\u0101m, bet otra \u2013 gr\u0101v\u012b. Smag\u0101k cietu\u0161ajai sievietei tika sniegta pirm\u0101 pal\u012bdz\u012bba un veikti atdz\u012bvin\u0101\u0161anas pas\u0101kumi l\u012bdz Neatliekam\u0101s medic\u012bnisk\u0101s pal\u012bdz\u012bbas dienesta (NMPD) iera\u0161an\u0101s br\u012bdim. Neskatoties uz medi\u0137u un gl\u0101b\u0113ju centieniem, sievietes dz\u012bv\u012bbu gl\u0101bt neizdev\u0101s.<\/p>\n<p>Satiksmes ierobe\u017eojumi un izmekl\u0113\u0161ana<\/p>\n<p>Negad\u012bjuma d\u0113\u013c uz autoce\u013ca R\u012bga-\u0112rg\u013ci satiksme abos virzienos uz laiku bija piln\u012bb\u0101 blo\u0137\u0113ta. Lai gan Valsts policija pagaid\u0101m pla\u0161\u0101ku inform\u0101ciju par negad\u012bjuma apst\u0101k\u013ciem nesniedz, tiek skaidrots prec\u012bzs sadursmes iemesls. Policija aicina atsaukties iesp\u0113jamos av\u0101rijas aculieciniekus, kuri var\u0113tu sniegt noder\u012bgu inform\u0101ciju izmekl\u0113\u0161anas proces\u0101. Lai gan \u0161is konkr\u0113tais ce\u013ca posms ir bijis negad\u012bjumu skarts ar\u012b iepriek\u0161, pa\u0161laik nav ofici\u0101las inform\u0101cijas par to, k\u0101di faktori var\u0113tu b\u016bt veicin\u0101ju\u0161i \u0161o tra\u0123\u0113diju, ta\u010du tiek izskat\u012bti gan slidenais ce\u013ca segums, gan neatbilsto\u0161i izv\u0113l\u0113ts brauk\u0161anas \u0101trums.<\/p>\n<p>Apbrauk\u0161anas iesp\u0113jas<\/p>\n<p>Satiksme notikuma viet\u0101 ir da\u013c\u0113ji atjaunota. Autovad\u012bt\u0101jiem, kuri dodas \u0161aj\u0101 virzien\u0101, nepiecie\u0161am\u012bbas gad\u012bjum\u0101 ir pieejamas apbrauk\u0161anas iesp\u0113jas pa citiem autoce\u013ciem, tostarp Garkalne-Alauksts (P3), Inciems-Sigulda-\u0136egums (P8) un Aug\u0161l\u012bgatne-Skr\u012bveri (P32).<\/p>\n","protected":false},"excerpt":{"rendered":"Smaga av\u0101rija pie \u0136eipenes pras\u012bja cilv\u0113ka dz\u012bv\u012bbu \u0160or\u012bt, 29. decembr\u012b, net\u0101lu no \u0136eipenes Ogres novad\u0101 notika smaga ce\u013cu&hellip;\n","protected":false},"author":2,"featured_media":93711,"comment_status":"","ping_status":"","sticky":false,"template":"","format":"standard","meta":{"footnotes":""},"categories":[12],"tags":[23,2849,23442,28,29,32,33,22,23441,30,31,35,39,38,36,37,34,40,20,11228,26,27,15401,24,25,21],"class_list":{"0":"post-93710","1":"post","2":"type-post","3":"status-publish","4":"format-standard","5":"has-post-thumbnail","7":"category-latvija","8":"tag-aktualitates","9":"tag-avarija","10":"tag-boa-gajis","11":"tag-breaking-news","12":"tag-breakingnews","13":"tag-featured-news","14":"tag-featurednews","15":"tag-headlines","16":"tag-kipene","17":"tag-latest-news","18":"tag-latestnews","19":"tag-latvia","20":"tag-latvian","21":"tag-latviesu","22":"tag-latviesu-valoda","23":"tag-latviesuvaloda","24":"tag-latvija","25":"tag-lv","26":"tag-news","27":"tag-ogres-novads","28":"tag-popularakas-zinas","29":"tag-popularakaszinas","30":"tag-satiksmes-negadijums","31":"tag-top-stories","32":"tag-topstories","33":"tag-zinas"},"share_on_mastodon":{"url":"","error":""},"_links":{"self":[{"href":"https:\/\/www.europesays.com\/lv\/wp-json\/wp\/v2\/posts\/93710","targetHints":{"allow":["GET"]}}],"collection":[{"href":"https:\/\/www.europesays.com\/lv\/wp-json\/wp\/v2\/posts"}],"about":[{"href":"https:\/\/www.europesays.com\/lv\/wp-json\/wp\/v2\/types\/post"}],"author":[{"embeddable":true,"href":"https:\/\/www.europesays.com\/lv\/wp-json\/wp\/v2\/users\/2"}],"replies":[{"embeddable":true,"href":"https:\/\/www.europesays.com\/lv\/wp-json\/wp\/v2\/comments?post=93710"}],"version-history":[{"count":0,"href":"https:\/\/www.europesays.com\/lv\/wp-json\/wp\/v2\/posts\/93710\/revisions"}],"wp:featuredmedia":[{"embeddable":true,"href":"https:\/\/www.europesays.com\/lv\/wp-json\/wp\/v2\/media\/93711"}],"wp:attachment":[{"href":"https:\/\/www.europesays.com\/lv\/wp-json\/wp\/v2\/media?parent=93710"}],"wp:term":[{"taxonomy":"category","embeddable":true,"href":"https:\/\/www.europesays.com\/lv\/wp-json\/wp\/v2\/categories?post=93710"},{"taxonomy":"post_tag","embeddable":true,"href":"https:\/\/www.europesays.com\/lv\/wp-json\/wp\/v2\/tags?post=93710"}],"curies":[{"name":"wp","href":"https:\/\/api.w.org\/{rel}","templated":true}]}}