{"id":93716,"date":"2026-01-03T20:26:07","date_gmt":"2026-01-03T20:26:07","guid":{"rendered":"https:\/\/www.europesays.com\/lv\/93716\/"},"modified":"2026-01-03T20:26:07","modified_gmt":"2026-01-03T20:26:07","slug":"venecuelas-opozicijas-lidere-macado-aicina-prezidenta-amata-staties-gonsalesu-trampam-padoma-ir-cits-kandidats","status":"publish","type":"post","link":"https:\/\/www.europesays.com\/lv\/93716\/","title":{"rendered":"Venecu\u0113las opoz\u012bcijas l\u012bdere Ma\u010dado aicina prezidenta amat\u0101 st\u0101ties Gonsalesu; Trampam padom\u0101 ir cits kandid\u0101ts"},"content":{"rendered":"<p>Tom\u0113r, \u0161\u0137iet, ASV prezidents jau ir izraudz\u012bjies citu kandidat\u016bru Venecu\u0113las prezidenta amatam. Vi\u0146\u0161 nor\u0101d\u012bja, ka ASV var\u0113tu sadarboties ar Maduro re\u017e\u012bma\u00a0viceprezidenti Delsiju Rodrigesu, jo &#8220;vi\u0146a b\u016bt\u012bb\u0101 esot gatava dar\u012bt to, ko ASV uzskata par nepiecie\u0161amu, lai Venecu\u0113lu atkal padar\u012btu di\u017eenu&#8221;. T\u0101pat vi\u0146\u0161 izteica kritiku Ma\u010dado, nor\u0101dot, ka vi\u0146ai tr\u016bkst cilv\u0113ku atbalsta.\u00a0Tramps ar\u012b pie\u013c\u0101va, ka ASV kl\u0101tb\u016btne Venecu\u0113l\u0101 neb\u016bs \u012bslaic\u012bga.<\/p>\n","protected":false},"excerpt":{"rendered":"Tom\u0113r, \u0161\u0137iet, ASV prezidents jau ir izraudz\u012bjies citu kandidat\u016bru Venecu\u0113las prezidenta amatam. Vi\u0146\u0161 nor\u0101d\u012bja, ka ASV var\u0113tu sadarboties&hellip;\n","protected":false},"author":2,"featured_media":93717,"comment_status":"","ping_status":"","sticky":false,"template":"","format":"standard","meta":{"footnotes":""},"categories":[14],"tags":[23,57,28,29,32,33,22,30,31,35,39,38,36,37,34,40,20,26,27,24,25,54,55,56,21,58],"class_list":{"0":"post-93716","1":"post","2":"type-post","3":"status-publish","4":"format-standard","5":"has-post-thumbnail","7":"category-zinas-no-arvalstim","8":"tag-aktualitates","9":"tag-arvalstim","10":"tag-breaking-news","11":"tag-breakingnews","12":"tag-featured-news","13":"tag-featurednews","14":"tag-headlines","15":"tag-latest-news","16":"tag-latestnews","17":"tag-latvia","18":"tag-latvian","19":"tag-latviesu","20":"tag-latviesu-valoda","21":"tag-latviesuvaloda","22":"tag-latvija","23":"tag-lv","24":"tag-news","25":"tag-popularakas-zinas","26":"tag-popularakaszinas","27":"tag-top-stories","28":"tag-topstories","29":"tag-world","30":"tag-world-news","31":"tag-worldnews","32":"tag-zinas","33":"tag-zinas-no-arvalstim"},"share_on_mastodon":{"url":"https:\/\/pubeurope.com\/@lv\/115833050473724035","error":""},"_links":{"self":[{"href":"https:\/\/www.europesays.com\/lv\/wp-json\/wp\/v2\/posts\/93716","targetHints":{"allow":["GET"]}}],"collection":[{"href":"https:\/\/www.europesays.com\/lv\/wp-json\/wp\/v2\/posts"}],"about":[{"href":"https:\/\/www.europesays.com\/lv\/wp-json\/wp\/v2\/types\/post"}],"author":[{"embeddable":true,"href":"https:\/\/www.europesays.com\/lv\/wp-json\/wp\/v2\/users\/2"}],"replies":[{"embeddable":true,"href":"https:\/\/www.europesays.com\/lv\/wp-json\/wp\/v2\/comments?post=93716"}],"version-history":[{"count":0,"href":"https:\/\/www.europesays.com\/lv\/wp-json\/wp\/v2\/posts\/93716\/revisions"}],"wp:featuredmedia":[{"embeddable":true,"href":"https:\/\/www.europesays.com\/lv\/wp-json\/wp\/v2\/media\/93717"}],"wp:attachment":[{"href":"https:\/\/www.europesays.com\/lv\/wp-json\/wp\/v2\/media?parent=93716"}],"wp:term":[{"taxonomy":"category","embeddable":true,"href":"https:\/\/www.europesays.com\/lv\/wp-json\/wp\/v2\/categories?post=93716"},{"taxonomy":"post_tag","embeddable":true,"href":"https:\/\/www.europesays.com\/lv\/wp-json\/wp\/v2\/tags?post=93716"}],"curies":[{"name":"wp","href":"https:\/\/api.w.org\/{rel}","templated":true}]}}