{"id":93720,"date":"2026-01-03T20:28:13","date_gmt":"2026-01-03T20:28:13","guid":{"rendered":"https:\/\/www.europesays.com\/lv\/93720\/"},"modified":"2026-01-03T20:28:13","modified_gmt":"2026-01-03T20:28:13","slug":"aicinajums-palidzet-tornakalna-iedzivotajiem-pec-spradziena","status":"publish","type":"post","link":"https:\/\/www.europesays.com\/lv\/93720\/","title":{"rendered":"Aicin\u0101jums pal\u012bdz\u0113t Tor\u0146akalna iedz\u012bvot\u0101jiem p\u0113c spr\u0101dziena"},"content":{"rendered":"<p class=\"descr\">Labdar\u012bbas organiz\u0101cijas &#8220;Pal\u012bdz\u0113sim viens otram&#8221; dibin\u0101t\u0101js Edijs Pipars vietn\u0113 &#8220;Facebook&#8221; public\u0113jis pal\u012bdz\u012bbas l\u016bgumu.<\/p>\n<p>P\u0113c tra\u0123isk\u0101s g\u0101zes eksplozijas Tor\u0146akaln\u0101 visi m\u0101jas iedz\u012bvot\u0101ji ir evaku\u0113ti un \u0161obr\u012bd izmitin\u0101ti pagaidu dz\u012bvesviet\u0101s.<\/p>\n<p>&#8220;M\u0113s esam viena no organiz\u0101cij\u0101m, kas praktiski sniedz atbalstu cietu\u0161ajiem. Diem\u017e\u0113l \u0161obr\u012bd \u013coti tr\u016bkst ikdien\u0101 nepiecie\u0161amu lietu.<\/p>\n<p>Steidzami nepiecie\u0161ams:<\/p>\n<p>\u2022 spilveni, segas, gultas ve\u013ca (\u012bpa\u0161i palagi),<\/p>\n<p>\u2022 katli un pannas,<\/p>\n<p>\u2022 v\u012brie\u0161u ziemas apavi (izm\u0113ri 38 un liel\u0101ki),<\/p>\n<p>\u2022 v\u012brie\u0161u ze\u0137es (l\u016bgums ne ad\u012bt\u0101s &#8211; t\u0101s mums jau ir),<\/p>\n<p>\u2022 v\u012brie\u0161u ziemas cimdi,<\/p>\n<p>\u2022 v\u012brie\u0161u apak\u0161ve\u013ca,<\/p>\n<p>\u2022 higi\u0113nas preces (\u012bpa\u0161i zobu birstes).<\/p>\n<p>   Ja tev ir iesp\u0113ja pal\u012bdz\u0113t ar k\u0101du no \u0161\u012bm liet\u0101m, b\u016bsim \u013coti pateic\u012bgi, ja var\u0113si t\u0101s nog\u0101d\u0101t uz m\u016bsu atbalsta punktu Aiviekstes iel\u0101 14. Ja rodas pappildus jaut\u0101jumi par darba laikiem, ziedojumu atve\u0161anu, pal\u012bdz\u012bbas sa\u0146em\u0161anu, dro\u0161i rakstiet m\u016bsu atbalsta punkta vad\u012btajai M\u0101r\u012btei B\u0113rzinai,&#8221; raksta <a href=\"https:\/\/nra.lv\/birka\/edijs-pipars\/\" target=\"_blank\" rel=\"noopener nofollow\">E. Pipars. <\/a>      Jau zi\u0146ots, ka g\u0101zes <a href=\"https:\/\/nra.lv\/birka\/spradziens-bauskas-iela\/\" target=\"_blank\" rel=\"noopener nofollow\">spr\u0101dzien\u0101<\/a> Tor\u0146akaln\u0101, Bauskas iel\u0101, g\u0101ju\u0161i boj\u0101 divi cilv\u0113ki.         <\/p>\n<p>\t\t\t\t\t\tinfo<\/p>\n<p>Uzzini pirmais<br \/>kas interesants noticis Latvij\u0101 un pasaul\u0113,<br \/>pievienojoties mums <a href=\"https:\/\/t.me\/neatkariga\" rel=\"nofollow\">Telegram<\/a> vai <a href=\"https:\/\/whatsapp.com\/channel\/0029VaMLFUH5K3zLU5s4wm3y\" rel=\"nofollow noopener\" target=\"_blank\">Whatsapp<\/a> kan\u0101l\u0101<\/p>\n","protected":false},"excerpt":{"rendered":"Labdar\u012bbas organiz\u0101cijas &#8220;Pal\u012bdz\u0113sim viens otram&#8221; dibin\u0101t\u0101js Edijs Pipars vietn\u0113 &#8220;Facebook&#8221; public\u0113jis pal\u012bdz\u012bbas l\u016bgumu. P\u0113c tra\u0123isk\u0101s g\u0101zes eksplozijas Tor\u0146akaln\u0101&hellip;\n","protected":false},"author":2,"featured_media":93721,"comment_status":"","ping_status":"","sticky":false,"template":"","format":"standard","meta":{"footnotes":""},"categories":[5],"tags":[23,28,29,32,33,22,30,31,35,39,38,36,37,34,40,20,26,27,24,25,21],"class_list":{"0":"post-93720","1":"post","2":"type-post","3":"status-publish","4":"format-standard","5":"has-post-thumbnail","7":"category-aktualitates","8":"tag-aktualitates","9":"tag-breaking-news","10":"tag-breakingnews","11":"tag-featured-news","12":"tag-featurednews","13":"tag-headlines","14":"tag-latest-news","15":"tag-latestnews","16":"tag-latvia","17":"tag-latvian","18":"tag-latviesu","19":"tag-latviesu-valoda","20":"tag-latviesuvaloda","21":"tag-latvija","22":"tag-lv","23":"tag-news","24":"tag-popularakas-zinas","25":"tag-popularakaszinas","26":"tag-top-stories","27":"tag-topstories","28":"tag-zinas"},"share_on_mastodon":{"url":"https:\/\/pubeurope.com\/@lv\/115833058302585697","error":""},"_links":{"self":[{"href":"https:\/\/www.europesays.com\/lv\/wp-json\/wp\/v2\/posts\/93720","targetHints":{"allow":["GET"]}}],"collection":[{"href":"https:\/\/www.europesays.com\/lv\/wp-json\/wp\/v2\/posts"}],"about":[{"href":"https:\/\/www.europesays.com\/lv\/wp-json\/wp\/v2\/types\/post"}],"author":[{"embeddable":true,"href":"https:\/\/www.europesays.com\/lv\/wp-json\/wp\/v2\/users\/2"}],"replies":[{"embeddable":true,"href":"https:\/\/www.europesays.com\/lv\/wp-json\/wp\/v2\/comments?post=93720"}],"version-history":[{"count":0,"href":"https:\/\/www.europesays.com\/lv\/wp-json\/wp\/v2\/posts\/93720\/revisions"}],"wp:featuredmedia":[{"embeddable":true,"href":"https:\/\/www.europesays.com\/lv\/wp-json\/wp\/v2\/media\/93721"}],"wp:attachment":[{"href":"https:\/\/www.europesays.com\/lv\/wp-json\/wp\/v2\/media?parent=93720"}],"wp:term":[{"taxonomy":"category","embeddable":true,"href":"https:\/\/www.europesays.com\/lv\/wp-json\/wp\/v2\/categories?post=93720"},{"taxonomy":"post_tag","embeddable":true,"href":"https:\/\/www.europesays.com\/lv\/wp-json\/wp\/v2\/tags?post=93720"}],"curies":[{"name":"wp","href":"https:\/\/api.w.org\/{rel}","templated":true}]}}