{"id":93722,"date":"2026-01-03T20:30:08","date_gmt":"2026-01-03T20:30:08","guid":{"rendered":"https:\/\/www.europesays.com\/lv\/93722\/"},"modified":"2026-01-03T20:30:08","modified_gmt":"2026-01-03T20:30:08","slug":"komandai-pievienojas-sveices-izlases-uzbrucejs-tonijs-rocaks-lente-lv","status":"publish","type":"post","link":"https:\/\/www.europesays.com\/lv\/93722\/","title":{"rendered":"komandai pievienojas \u0160veices izlases uzbruc\u0113js Tonijs Ro\u010daks\u00a0\u2014\u00a0Lente.lv"},"content":{"rendered":"<p>Jauns papildin\u0101jums VEF R\u012bga rind\u0101s<\/p>\n<p>Par divpadsmitk\u0101rt\u0113j\u0101s Latvijas \u010dempionvien\u012bbas &#8220;VEF R\u012bga&#8221; sast\u0101va papildin\u0101jumu k\u013cuvis 1999. gad\u0101 dzimu\u0161ais \u0160veices izlases uzbruc\u0113js Tonijs Ro\u010daks. \u0160is sp\u0113l\u0113t\u0101js ir pirmais \u0160veices basketbolists kluba v\u0113stur\u0113.<\/p>\n<p>Ro\u010daks, kur\u0161 sp\u0113l\u0113 uzbruc\u0113ja poz\u012bcij\u0101, ir 206 cm gar\u0161 un sver 100 kg. Vi\u0146\u0161 p\u0101rst\u0101v \u0160veices valstsvien\u012bbu, un iepriek\u0161\u0113j\u0101s Pasaules kausa priek\u0161kvalifik\u0101cijas sp\u0113l\u0113s pal\u012bdz\u0113jis tai ar vid\u0113ji 11,6 punktiem un 5,1 izc\u012bn\u012btu atl\u0113ku\u0161aj\u0101m bumb\u0101m sp\u0113l\u0113.<\/p>\n<p>Svar\u012bgas izmai\u0146as garo sp\u0113l\u0113t\u0101ju poz\u012bcij\u0101s<\/p>\n<p>\u0160\u012b p\u0101reja notiek uz\u0146\u0113muma nepiecie\u0161am\u012bbas d\u0113\u013c aizpild\u012bt robu komandas garo sp\u0113l\u0113t\u0101ju rind\u0101s. Klubs pazi\u0146ojis, ka l\u012bgums nosl\u0113dzies ar l\u012bdz\u0161in\u0113jo centru Arnaldo Toro Barea, kur\u0161 bija viens no komandas l\u012bderiem, \u012bpa\u0161i c\u012b\u0146\u0101 par atl\u0113ku\u0161aj\u0101m bumb\u0101m. Vi\u0146\u0161 iepriek\u0161\u0113j\u0101 sezon\u0101 &#8220;VEF R\u012bga&#8221; sast\u0101v\u0101 Latvijas-Igaunijas l\u012bg\u0101 vid\u0113ji guva 12,3 punktus un izc\u012bn\u012bja 12,4 atl\u0113ku\u0161\u0101s bumbas. T\u0101pat sast\u0101v\u0101 vairs neb\u016bs centra sp\u0113l\u0113t\u0101js Rostislavs Novickis, kur\u0161 p\u0101rvietojas ar kru\u0137iem pot\u012btes savainojuma d\u0113\u013c. Papildus tam, Bens Karlsons, kur\u0161 iepriek\u0161 sezon\u0101 bija ieradies pal\u012bg\u0101, jau ir devies m\u0101jup.<\/p>\n<p>Tonija Ro\u010daka karjeras ce\u013c\u0161<\/p>\n<p>Tonijs Ro\u010daks, kuram ir horv\u0101tu saknes un kur\u0161 dzimis Zagreb\u0101, savu basketbola karjeru s\u0101cis \u0160veic\u0113. P\u0113c studiju gadiem ASV, p\u0101rst\u0101vot Sandjego un Sanfrancisko universit\u0101tes, Ro\u010daks uzs\u0101ka profesion\u0101lo karjeru Horv\u0101tij\u0101, sp\u0113l\u0113jot komand\u0101 &#8220;Dubrava&#8221;. V\u0113l\u0101k vi\u0146\u0161 pievienoj\u0101s Zagrebas &#8220;Cibona&#8221;, kur sp\u0113l\u0113ja ar\u012b Adrijas l\u012bg\u0101, vid\u0113ji g\u016bstot 10,5 punktus un 5,4 atl\u0113ku\u0161\u0101s bumbas. \u0160\u012bs sezonas pirmo pusi vi\u0146\u0161 pavad\u012bja It\u0101lijas otr\u0101s l\u012bgas komand\u0101 &#8220;Cividale&#8221;, kur vid\u0113ji sp\u0113l\u0113 guva 9,2 punktus un izc\u012bn\u012bja 4,2 atl\u0113ku\u0161\u0101s bumbas.<\/p>\n<p>&#8220;VEF R\u012bga&#8221; perspekt\u012bvas un sezona<\/p>\n<p>\u0160\u012bs izmai\u0146as notiek laik\u0101, kad &#8220;VEF R\u012bga&#8221; turpina savu ce\u013cu Latvijas-Igaunijas l\u012bg\u0101 un citos turn\u012bros. Komanda, ko vada galvenais treneris M\u0101rti\u0146\u0161 Gulbis, cen\u0161as saglab\u0101t savu konkur\u0113tsp\u0113ju gan viet\u0113j\u0101, gan starptautisk\u0101 l\u012bmen\u012b. Neskatoties uz sast\u0101va izmai\u0146\u0101m, klubs ir izteicis pateic\u012bbu Arnaldo Toro par ieguld\u012bjumu un nov\u0113l\u0113jis veiksmi turpm\u0101kaj\u0101 karjer\u0101.<\/p>\n","protected":false},"excerpt":{"rendered":"Jauns papildin\u0101jums VEF R\u012bga rind\u0101s Par divpadsmitk\u0101rt\u0113j\u0101s Latvijas \u010dempionvien\u012bbas &#8220;VEF R\u012bga&#8221; sast\u0101va papildin\u0101jumu k\u013cuvis 1999. gad\u0101 dzimu\u0161ais \u0160veices&hellip;\n","protected":false},"author":2,"featured_media":93723,"comment_status":"","ping_status":"","sticky":false,"template":"","format":"standard","meta":{"footnotes":""},"categories":[17],"tags":[23444,145,35,39,38,36,37,34,1314,40,67,22931,1618],"class_list":{"0":"post-93722","1":"post","2":"type-post","3":"status-publish","4":"format-standard","5":"has-post-thumbnail","7":"category-sports","8":"tag-arnaldo-toro-barea","9":"tag-basketbols","10":"tag-latvia","11":"tag-latvian","12":"tag-latviesu","13":"tag-latviesu-valoda","14":"tag-latviesuvaloda","15":"tag-latvija","16":"tag-latvijas-basketbols","17":"tag-lv","18":"tag-sports","19":"tag-tonijs-rocaks","20":"tag-vef-riga"},"share_on_mastodon":{"url":"https:\/\/pubeurope.com\/@lv\/115833066148506925","error":""},"_links":{"self":[{"href":"https:\/\/www.europesays.com\/lv\/wp-json\/wp\/v2\/posts\/93722","targetHints":{"allow":["GET"]}}],"collection":[{"href":"https:\/\/www.europesays.com\/lv\/wp-json\/wp\/v2\/posts"}],"about":[{"href":"https:\/\/www.europesays.com\/lv\/wp-json\/wp\/v2\/types\/post"}],"author":[{"embeddable":true,"href":"https:\/\/www.europesays.com\/lv\/wp-json\/wp\/v2\/users\/2"}],"replies":[{"embeddable":true,"href":"https:\/\/www.europesays.com\/lv\/wp-json\/wp\/v2\/comments?post=93722"}],"version-history":[{"count":0,"href":"https:\/\/www.europesays.com\/lv\/wp-json\/wp\/v2\/posts\/93722\/revisions"}],"wp:featuredmedia":[{"embeddable":true,"href":"https:\/\/www.europesays.com\/lv\/wp-json\/wp\/v2\/media\/93723"}],"wp:attachment":[{"href":"https:\/\/www.europesays.com\/lv\/wp-json\/wp\/v2\/media?parent=93722"}],"wp:term":[{"taxonomy":"category","embeddable":true,"href":"https:\/\/www.europesays.com\/lv\/wp-json\/wp\/v2\/categories?post=93722"},{"taxonomy":"post_tag","embeddable":true,"href":"https:\/\/www.europesays.com\/lv\/wp-json\/wp\/v2\/tags?post=93722"}],"curies":[{"name":"wp","href":"https:\/\/api.w.org\/{rel}","templated":true}]}}