{"id":93726,"date":"2026-01-03T20:38:10","date_gmt":"2026-01-03T20:38:10","guid":{"rendered":"https:\/\/www.europesays.com\/lv\/93726\/"},"modified":"2026-01-03T20:38:10","modified_gmt":"2026-01-03T20:38:10","slug":"zelenskis-energetikas-ministra-amatu-piedava-smihalam","status":"publish","type":"post","link":"https:\/\/www.europesays.com\/lv\/93726\/","title":{"rendered":"Zelenskis ener\u0123\u0113tikas ministra amatu pied\u0101v\u0101 \u0160miha\u013cam"},"content":{"rendered":"<p>&#8220;Tikos ar Denisu \u0160miha\u013cu. Paldies par sistem\u0101tisko darbu Aizsardz\u012bbas ministrij\u0101 un procesiem, kas iedarbin\u0101ti, lai nodro\u0161in\u0101tu m\u016bsu valsts aizsardz\u012bbu,&#8221; Zelenskis sestdien rakst\u012bja platform\u0101 &#8220;Telegram&#8221;.<\/p>\n<p>&#8220;Tie\u0161i \u0161\u0101ds sist\u0113misks darbs \u0161obr\u012bd ir nepiecie\u0161ams Ukrainas ener\u0123\u0113tikas nozar\u0113. Tas ir svar\u012bgi, lai p\u0113c katra Krievijas trieciena m\u0113s var\u0113tu operat\u012bvi atjaunot to, kas ir izn\u012bcin\u0101ts, un lai Ukrainas ener\u0123\u0113tikas nozares att\u012bst\u012bba b\u016btu stabila un pietiekama Ukrainas vajadz\u012bb\u0101m,&#8221; vi\u0146\u0161 kl\u0101st\u012bja.<\/p>\n<p>Ukrainas prezidents apliecin\u0101ja, ka par \u0161o ierosin\u0101jumu ir konsult\u0113jies ar premjerministri J\u016bliju Sviridenko un pa\u013caujas uz parlamenta apstiprin\u0101jumu.<\/p>\n<p>Saska\u0146\u0101 ar konstit\u016bciju prezidentam ir j\u0101ierosina parlamentam tikai aizsardz\u012bbas un \u0101rlietu ministru amatu kandid\u0101ti.<\/p>\n<p>J\u016blij\u0101 parlaments aizsardz\u012bbas ministra amat\u0101 iec\u0113la biju\u0161o premjerministru \u0160miha\u013cu. Pirms st\u0101\u0161an\u0101s aizsardz\u012bbas ministra amat\u0101 \u0160miha\u013cs piecus gadus bija Ukrainas premjerministrs.<\/p>\n<p>Piektdien Zelenskis pazi\u0146oja, ka ir pied\u0101v\u0101jis pirmajam vicepremjeram un digit\u0101l\u0101s transform\u0101cijas ministram Mihailo Fedorovam k\u013c\u016bt par aizsardz\u012bbas ministru, bet \u0160miha\u013cam, kas \u0161obr\u012bd ie\u0146em aizsardz\u012bbas ministra amatu, vad\u012bt citu jomu.<\/p>\n","protected":false},"excerpt":{"rendered":"&#8220;Tikos ar Denisu \u0160miha\u013cu. Paldies par sistem\u0101tisko darbu Aizsardz\u012bbas ministrij\u0101 un procesiem, kas iedarbin\u0101ti, lai nodro\u0161in\u0101tu m\u016bsu valsts&hellip;\n","protected":false},"author":2,"featured_media":93727,"comment_status":"","ping_status":"","sticky":false,"template":"","format":"standard","meta":{"footnotes":""},"categories":[14],"tags":[23,57,28,29,23446,32,33,22,74,30,31,35,39,38,36,37,34,40,20,26,27,24,25,178,54,55,56,21,58],"class_list":{"0":"post-93726","1":"post","2":"type-post","3":"status-publish","4":"format-standard","5":"has-post-thumbnail","7":"category-zinas-no-arvalstim","8":"tag-aktualitates","9":"tag-arvalstim","10":"tag-breaking-news","11":"tag-breakingnews","12":"tag-deniss-smihals","13":"tag-featured-news","14":"tag-featurednews","15":"tag-headlines","16":"tag-krievijas-iebrukums-ukraina","17":"tag-latest-news","18":"tag-latestnews","19":"tag-latvia","20":"tag-latvian","21":"tag-latviesu","22":"tag-latviesu-valoda","23":"tag-latviesuvaloda","24":"tag-latvija","25":"tag-lv","26":"tag-news","27":"tag-popularakas-zinas","28":"tag-popularakaszinas","29":"tag-top-stories","30":"tag-topstories","31":"tag-volodimirs-zelenskis","32":"tag-world","33":"tag-world-news","34":"tag-worldnews","35":"tag-zinas","36":"tag-zinas-no-arvalstim"},"share_on_mastodon":{"url":"https:\/\/pubeurope.com\/@lv\/115833097618036000","error":""},"_links":{"self":[{"href":"https:\/\/www.europesays.com\/lv\/wp-json\/wp\/v2\/posts\/93726","targetHints":{"allow":["GET"]}}],"collection":[{"href":"https:\/\/www.europesays.com\/lv\/wp-json\/wp\/v2\/posts"}],"about":[{"href":"https:\/\/www.europesays.com\/lv\/wp-json\/wp\/v2\/types\/post"}],"author":[{"embeddable":true,"href":"https:\/\/www.europesays.com\/lv\/wp-json\/wp\/v2\/users\/2"}],"replies":[{"embeddable":true,"href":"https:\/\/www.europesays.com\/lv\/wp-json\/wp\/v2\/comments?post=93726"}],"version-history":[{"count":0,"href":"https:\/\/www.europesays.com\/lv\/wp-json\/wp\/v2\/posts\/93726\/revisions"}],"wp:featuredmedia":[{"embeddable":true,"href":"https:\/\/www.europesays.com\/lv\/wp-json\/wp\/v2\/media\/93727"}],"wp:attachment":[{"href":"https:\/\/www.europesays.com\/lv\/wp-json\/wp\/v2\/media?parent=93726"}],"wp:term":[{"taxonomy":"category","embeddable":true,"href":"https:\/\/www.europesays.com\/lv\/wp-json\/wp\/v2\/categories?post=93726"},{"taxonomy":"post_tag","embeddable":true,"href":"https:\/\/www.europesays.com\/lv\/wp-json\/wp\/v2\/tags?post=93726"}],"curies":[{"name":"wp","href":"https:\/\/api.w.org\/{rel}","templated":true}]}}