{"id":93741,"date":"2026-01-03T21:02:07","date_gmt":"2026-01-03T21:02:07","guid":{"rendered":"https:\/\/www.europesays.com\/lv\/93741\/"},"modified":"2026-01-03T21:02:07","modified_gmt":"2026-01-03T21:02:07","slug":"ukrainas-miera-sarunas-virzas-uz-prieksu-bet-garantiju-jautajums-joprojam-ir-atklats","status":"publish","type":"post","link":"https:\/\/www.europesays.com\/lv\/93741\/","title":{"rendered":"Ukrainas miera sarunas virz\u0101s uz priek\u0161u, bet garantiju jaut\u0101jums joproj\u0101m ir atkl\u0101ts"},"content":{"rendered":"<p>\u0160aj\u0101 miera pl\u0101na projekt\u0101 ir ar\u012b noteikts, ka Ukrainas bru\u0146otie sp\u0113ki miera laik\u0101 saglab\u0101s savu 800 000 cilv\u0113ku lielu person\u0101lsast\u0101vu, sa\u0146emot finansi\u0101lu atbalstu no Rietumu partneriem. Atsevi\u0161\u0137i noteikumi ir paredz\u0113ti Ukrainas dal\u012bbai Eiropas Savien\u012bb\u0101 uz noteiktu laiku un divpus\u0113jam dro\u0161\u012bbas nol\u012bgumam ar Amerikas Savienotaj\u0101m Valst\u012bm.<\/p>\n<p>Publik\u0101cij\u0101 nor\u0101d\u012bts, ka tagad Eiropas valst\u012bm ir j\u0101izlemj, ko tie\u0161i t\u0101s ir gatavas sniegt Ukrainai un k\u0101d\u0101 laika posm\u0101. \u0160ie jaut\u0101jumi, visticam\u0101k, tiks apspriesti san\u0101ksm\u0113s, kas notiks tuv\u0101kaj\u0101s dien\u0101s.<\/p>\n<p>Zelenskis ar\u012b pazi\u0146oja, ka Eiropas milit\u0101rais atbalsts n\u0101ks no &#8220;gribo\u0161o koal\u012bcijas&#8221;. Vair\u0101kas valstis ir paudu\u0161as gatav\u012bbu izvietot karasp\u0113ku Ukrain\u0101 k\u0101 da\u013cu no \u0161iem centieniem.<\/p>\n<p>Iepriek\u0161 p\u0113c tik\u0161an\u0101s ar nacion\u0101l\u0101s dro\u0161\u012bbas padomniekiem no &#8220;grib\u012bgo koal\u012bcijas&#8221; Ukrainas prezidents <a href=\"https:\/\/www.apollo.lv\/term\/584993\/volodimirs-zelenskis\" class=\"topicLink\" target=\"_blank\" rel=\"nofollow noopener\">Volodimirs Zelenskis<\/a> pazi\u0146oja, ka ir pa\u0101trin\u0101ts darbs pie dro\u0161\u012bbas garantij\u0101m, Ukrainas atjauno\u0161anas un pak\u0101peniska r\u012bc\u012bbas pl\u0101na miera sasnieg\u0161anai. Vi\u0146\u0161 nor\u0101d\u012bja, ka Ukraina sagaida, ka attiec\u012bgie dokumenti tiks pabeigti l\u012bdz janv\u0101ra beig\u0101m.<\/p>\n<p>Zelenskis dal\u012bj\u0101s inform\u0101cij\u0101, ka 5. janv\u0101r\u012b notiks \u0122ener\u0101l\u0161t\u0101bu priek\u0161nieku san\u0101ksme Eirop\u0101 un 6. janv\u0101r\u012b Par\u012bz\u0113 &#8211; l\u012bderu l\u012bme\u0146a san\u0101ksme, kur\u0101 tiks pabeigta dro\u0161\u012bbas dokumentu izstr\u0101de. P\u0113c \u0161\u012bm tik\u0161an\u0101s reiz\u0113m Ukraina sagaida produkt\u012bvu kop\u012bgu tik\u0161anos ar ASV p\u0101rst\u0101vjiem.<\/p>\n","protected":false},"excerpt":{"rendered":"\u0160aj\u0101 miera pl\u0101na projekt\u0101 ir ar\u012b noteikts, ka Ukrainas bru\u0146otie sp\u0113ki miera laik\u0101 saglab\u0101s savu 800 000 cilv\u0113ku&hellip;\n","protected":false},"author":2,"featured_media":81724,"comment_status":"","ping_status":"","sticky":false,"template":"","format":"standard","meta":{"footnotes":""},"categories":[14],"tags":[23,57,28,29,32,33,22,74,30,31,35,39,38,36,37,34,40,71,20,26,27,24,25,276,178,54,55,56,21,58],"class_list":{"0":"post-93741","1":"post","2":"type-post","3":"status-publish","4":"format-standard","5":"has-post-thumbnail","7":"category-zinas-no-arvalstim","8":"tag-aktualitates","9":"tag-arvalstim","10":"tag-breaking-news","11":"tag-breakingnews","12":"tag-featured-news","13":"tag-featurednews","14":"tag-headlines","15":"tag-krievijas-iebrukums-ukraina","16":"tag-latest-news","17":"tag-latestnews","18":"tag-latvia","19":"tag-latvian","20":"tag-latviesu","21":"tag-latviesu-valoda","22":"tag-latviesuvaloda","23":"tag-latvija","24":"tag-lv","25":"tag-nato","26":"tag-news","27":"tag-popularakas-zinas","28":"tag-popularakaszinas","29":"tag-top-stories","30":"tag-topstories","31":"tag-ukraina","32":"tag-volodimirs-zelenskis","33":"tag-world","34":"tag-world-news","35":"tag-worldnews","36":"tag-zinas","37":"tag-zinas-no-arvalstim"},"share_on_mastodon":{"url":"https:\/\/pubeurope.com\/@lv\/115833191974850310","error":""},"_links":{"self":[{"href":"https:\/\/www.europesays.com\/lv\/wp-json\/wp\/v2\/posts\/93741","targetHints":{"allow":["GET"]}}],"collection":[{"href":"https:\/\/www.europesays.com\/lv\/wp-json\/wp\/v2\/posts"}],"about":[{"href":"https:\/\/www.europesays.com\/lv\/wp-json\/wp\/v2\/types\/post"}],"author":[{"embeddable":true,"href":"https:\/\/www.europesays.com\/lv\/wp-json\/wp\/v2\/users\/2"}],"replies":[{"embeddable":true,"href":"https:\/\/www.europesays.com\/lv\/wp-json\/wp\/v2\/comments?post=93741"}],"version-history":[{"count":0,"href":"https:\/\/www.europesays.com\/lv\/wp-json\/wp\/v2\/posts\/93741\/revisions"}],"wp:featuredmedia":[{"embeddable":true,"href":"https:\/\/www.europesays.com\/lv\/wp-json\/wp\/v2\/media\/81724"}],"wp:attachment":[{"href":"https:\/\/www.europesays.com\/lv\/wp-json\/wp\/v2\/media?parent=93741"}],"wp:term":[{"taxonomy":"category","embeddable":true,"href":"https:\/\/www.europesays.com\/lv\/wp-json\/wp\/v2\/categories?post=93741"},{"taxonomy":"post_tag","embeddable":true,"href":"https:\/\/www.europesays.com\/lv\/wp-json\/wp\/v2\/tags?post=93741"}],"curies":[{"name":"wp","href":"https:\/\/api.w.org\/{rel}","templated":true}]}}