{"id":93744,"date":"2026-01-03T21:08:07","date_gmt":"2026-01-03T21:08:07","guid":{"rendered":"https:\/\/www.europesays.com\/lv\/93744\/"},"modified":"2026-01-03T21:08:07","modified_gmt":"2026-01-03T21:08:07","slug":"cehijas-prezidents-pauz-bazas-par-cehijas-parlamenta-apaksnama-spikera-izteikumiem-pret-ukrainu","status":"publish","type":"post","link":"https:\/\/www.europesays.com\/lv\/93744\/","title":{"rendered":"\u010cehijas prezidents pau\u017e ba\u017eas par \u010cehijas parlamenta apak\u0161nama sp\u012bkera izteikumiem pret Ukrainu"},"content":{"rendered":"<p>Pavels platform\u0101 &#8220;X&#8221; nor\u0101d\u012bja, ka parlamenta apak\u0161nama sp\u012bkera un gal\u0113ji lab\u0113j\u0101s partijas &#8220;Br\u012bv\u012bba un tie\u0161\u0101 demokr\u0101tija&#8221; (SPD) l\u012bdera Okamuras izteikumi rada satraukumu ne tikai \u010cehij\u0101, bet ar\u012b \u0101rvalst\u012bs.<\/p>\n<p>&#8220;Deput\u0101tu pal\u0101tas priek\u0161s\u0113d\u0113t\u0101ja, tre\u0161\u0101s augst\u0101k\u0101s konstitucion\u0101l\u0101s amatpersonas, pazi\u0146ojums rada ba\u017eas ne tikai m\u016bsu pilso\u0146iem, bet ar\u012b \u0101rvalst\u012bs, m\u016bsu sabiedroto un partneru vid\u016b. Es to apspried\u012b\u0161u n\u0101kamaj\u0101 tik\u0161an\u0101s reiz\u0113 ar koal\u012bcijas vald\u012bbas premjerministru un konstitucion\u0101lo amatpersonu san\u0101ksm\u0113,&#8221; pav\u0113st\u012bja \u010cehijas prezidents, uzsverot, ka &#8220;\u0101rpolitikas un dro\u0161\u012bbas politikas koordin\u0101cija ir m\u016bsu k\u0101 partneru uzticam\u012bbas pamats&#8221;.<\/p>\n<p>Okamura pazi\u0146oja, ka iebilst iero\u010du pieg\u0101d\u0113m Ukrainai, nod\u0113v\u0113ja karu par bezj\u0113dz\u012bgu, k\u0101 ar\u012b pazi\u0146oja, ka \u010dehu pension\u0101ru naudu nevajadz\u0113tu t\u0113r\u0113t &#8220;kara propagandai&#8221;.<\/p>\n<p>Vi\u0146\u0161 jau iepriek\u0161 bija pazi\u0146ojis, ka atbalsta jebk\u0101da finansi\u0101la atbalsta Ukrainai izbeig\u0161anu, k\u0101 ar\u012b \u010cehijas atteik\u0161anos no dal\u012bbas mun\u012bcijas pieg\u0101des iniciat\u012bv\u0101.<\/p>\n<p>\u010cehijas opoz\u012bcijas deput\u0101ti pl\u0101no v\u0101kt parakstus, lai ierosin\u0101tu Okamuras atcel\u0161anu no parlamenta apak\u0161nama sp\u012bkera amata.<\/p>\n<p>Dr\u012bz p\u0113c st\u0101\u0161an\u0101s amat\u0101 novembr\u012b Okamura lika no apak\u0161nama \u0113kas no\u0146emt Ukrainas karogu.<\/p>\n","protected":false},"excerpt":{"rendered":"Pavels platform\u0101 &#8220;X&#8221; nor\u0101d\u012bja, ka parlamenta apak\u0161nama sp\u012bkera un gal\u0113ji lab\u0113j\u0101s partijas &#8220;Br\u012bv\u012bba un tie\u0161\u0101 demokr\u0101tija&#8221; (SPD) l\u012bdera&hellip;\n","protected":false},"author":2,"featured_media":93745,"comment_status":"","ping_status":"","sticky":false,"template":"","format":"standard","meta":{"footnotes":""},"categories":[14],"tags":[23,57,28,29,2561,32,33,22,74,30,31,35,39,38,36,37,34,40,20,26,27,24,25,276,54,55,56,21,58],"class_list":{"0":"post-93744","1":"post","2":"type-post","3":"status-publish","4":"format-standard","5":"has-post-thumbnail","7":"category-zinas-no-arvalstim","8":"tag-aktualitates","9":"tag-arvalstim","10":"tag-breaking-news","11":"tag-breakingnews","12":"tag-cehija","13":"tag-featured-news","14":"tag-featurednews","15":"tag-headlines","16":"tag-krievijas-iebrukums-ukraina","17":"tag-latest-news","18":"tag-latestnews","19":"tag-latvia","20":"tag-latvian","21":"tag-latviesu","22":"tag-latviesu-valoda","23":"tag-latviesuvaloda","24":"tag-latvija","25":"tag-lv","26":"tag-news","27":"tag-popularakas-zinas","28":"tag-popularakaszinas","29":"tag-top-stories","30":"tag-topstories","31":"tag-ukraina","32":"tag-world","33":"tag-world-news","34":"tag-worldnews","35":"tag-zinas","36":"tag-zinas-no-arvalstim"},"share_on_mastodon":{"url":"https:\/\/pubeurope.com\/@lv\/115833215545807656","error":""},"_links":{"self":[{"href":"https:\/\/www.europesays.com\/lv\/wp-json\/wp\/v2\/posts\/93744","targetHints":{"allow":["GET"]}}],"collection":[{"href":"https:\/\/www.europesays.com\/lv\/wp-json\/wp\/v2\/posts"}],"about":[{"href":"https:\/\/www.europesays.com\/lv\/wp-json\/wp\/v2\/types\/post"}],"author":[{"embeddable":true,"href":"https:\/\/www.europesays.com\/lv\/wp-json\/wp\/v2\/users\/2"}],"replies":[{"embeddable":true,"href":"https:\/\/www.europesays.com\/lv\/wp-json\/wp\/v2\/comments?post=93744"}],"version-history":[{"count":0,"href":"https:\/\/www.europesays.com\/lv\/wp-json\/wp\/v2\/posts\/93744\/revisions"}],"wp:featuredmedia":[{"embeddable":true,"href":"https:\/\/www.europesays.com\/lv\/wp-json\/wp\/v2\/media\/93745"}],"wp:attachment":[{"href":"https:\/\/www.europesays.com\/lv\/wp-json\/wp\/v2\/media?parent=93744"}],"wp:term":[{"taxonomy":"category","embeddable":true,"href":"https:\/\/www.europesays.com\/lv\/wp-json\/wp\/v2\/categories?post=93744"},{"taxonomy":"post_tag","embeddable":true,"href":"https:\/\/www.europesays.com\/lv\/wp-json\/wp\/v2\/tags?post=93744"}],"curies":[{"name":"wp","href":"https:\/\/api.w.org\/{rel}","templated":true}]}}