{"id":93755,"date":"2026-01-03T21:29:07","date_gmt":"2026-01-03T21:29:07","guid":{"rendered":"https:\/\/www.europesays.com\/lv\/93755\/"},"modified":"2026-01-03T21:29:07","modified_gmt":"2026-01-03T21:29:07","slug":"filmu-un-teatra-dziesmu-vakars-ar-spilgtam-zvaigznem-un-aizkustinosiem-stastiem-lente-lv","status":"publish","type":"post","link":"https:\/\/www.europesays.com\/lv\/93755\/","title":{"rendered":"Filmu un te\u0101tra dziesmu vakars ar spilgt\u0101m zvaigzn\u0113m un aizkustino\u0161iem st\u0101stiem\u00a0\u2014\u00a0Lente.lv"},"content":{"rendered":"<p>Jaungada s\u0101kums piepild\u012bts ar kino un te\u0101tra m\u016bziku<\/p>\n<p>Latvijas Telev\u012bzijas muzik\u0101li izklaid\u0113jo\u0161ais \u0161ovs \u00abP\u0101rdziedi mani!\u00bb jauno, 2026. gadu s\u0101cis ar \u012bpa\u0161u raid\u012bjumu, kas velt\u012bts kino un te\u0101tra m\u016bzikai. K\u0101 inform\u0113 Latvijas Sabiedriskie Mediji, \u0161\u012b t\u0113ma \u013cauj dal\u012bbniekiem izpild\u012bt iem\u012b\u013cot\u0101k\u0101s filmu un izr\u0101\u017eu melodijas, atkl\u0101jot skat\u012bt\u0101jiem jaunus talanta \u0161\u0137aut\u0146us. \u0160is kino un te\u0101tra m\u016bzikas raid\u012bjums ir viens no daudzajiem tematiski da\u017e\u0101dajiem, kas veido \u0161ova otro sezonu, pied\u0101v\u0101jot asto\u0146us da\u017e\u0101dus m\u016bzikas \u017eanrus un \u013caujot izbaud\u012bt m\u0101ksliniekus nepierast\u0101 vid\u0113. Dal\u012bbnieki, kuri savus priek\u0161nesumus izpilda da\u017e\u0101dos m\u016bzikas \u017eanros, ir pier\u0101d\u012bju\u0161i sp\u0113ju piel\u0101goties un pie\u0161\u0137irt dziesm\u0101m svaigu, unik\u0101lu skan\u0113jumu, pat ja t\u0101s nav vi\u0146u ierastaj\u0101 repertu\u0101r\u0101. T\u0101ds ir \u00abP\u0101rdziedi mani!\u00bb \u0161arms \u2013 \u013caut skat\u012bt\u0101jiem ieraudz\u012bt paz\u012bstamus m\u0101ksliniekus jaun\u0101 gaism\u0101.<\/p>\n<p>Iem\u012b\u013cot\u0101s kino melodijas dz\u012bvo uz skatuves<\/p>\n<p>Dal\u012bbnieki uz skatuves atdz\u012bvin\u0101ja klasiskas kinomelo\u0123ijas, radot unik\u0101lu pieredzi gan sev, gan skat\u012bt\u0101jiem. Ralfs Eilands izpild\u012bja Semjuela Bard\u017eesa dziesmu &#8220;Hallelujah&#8221;, kas paz\u012bstama no t\u0101d\u0101m film\u0101m k\u0101 &#8220;\u0160reks&#8221; un &#8220;Dziedi!&#8221;, savuk\u0101rt Art\u016brs U\u0161k\u0101ns izpild\u012bja &#8220;Livin&#8217; La Vida Loca&#8221; no filmas &#8220;\u0160reks 2&#8221;. Emilija izdzied\u0101ja sirdi ploso\u0161o &#8220;I Will Always Love You&#8221; no &#8220;Miesassarga&#8221;, Antra Stafecka velt\u012bja dziesmu &#8220;Dziesma nenosalst&#8221; no &#8220;Limuz\u012bns J\u0101\u0146u nakts kr\u0101s\u0101&#8221;, bet Alise Haijima iedvesmoja ar &#8220;Let It Go&#8221; no anim\u0101cijas filmas &#8220;Frozen&#8221;. Citi dal\u012bbnieki, piem\u0113ram, Rolands \u010ce ar dziesmu &#8220;You Never Can Tell&#8221; no filmas &#8220;Lubene&#8221;, J\u0101nis Apeinis ar &#8220;Velt\u012bjums&#8221; no &#8220;Ziemassv\u0113tku jampadracis&#8221; un Raimonda Vazdika ar &#8220;Maybe This Time&#8221; no filmas &#8220;Kabar\u0113&#8221;, ar\u012b demonstr\u0113ja savu meistar\u012bbu un izpratni par kino m\u016bziku. Katrs priek\u0161nesums bija papildin\u0101ts ar st\u0101stu un emocij\u0101m, \u013caujot skat\u012bt\u0101jiem atcer\u0113ties gan filmas, gan pa\u0161u dziesmu noz\u012bmi.<\/p>\n<p>Ekspertu v\u0113rt\u0113jums un skat\u012bt\u0101ju balsojums<\/p>\n<p>K\u0101 ierasts, priek\u0161nesumus v\u0113rt\u0113ja un koment\u0113ja \u0161ova eksperti, tostarp pieredz\u0113jus\u012b dzied\u0101t\u0101ja Marija Naumova un m\u016bzi\u0137is Andris Freidenfelds. \u0160aj\u0101 raid\u012bjum\u0101 pievienoj\u0101s ar\u012b aktrise Dana Bjorka, kas pati ir saist\u012bta ar te\u0101tra un kino pasauli. Ekspertu v\u0113rt\u0113jums sniedz profesion\u0101lu ieskatu dal\u012bbnieku sniegum\u0101, bet skat\u012bt\u0101jiem tiek dota iesp\u0113ja balsot par savu favor\u012btu, t\u0101d\u0113j\u0101di pilnv\u0113rt\u012bgi iesaistoties \u0161ova noris\u0113. \u0160is interakt\u012bvais elements pie\u0161\u0137ir papildu intrigu un \u013cauj katram skat\u012bt\u0101jam justies k\u0101 da\u013cai no kop\u0113j\u0101 procesa.<\/p>\n<p>\u00abP\u0101rdziedi mani!\u00bb \u2013 vair\u0101k nek\u0101 \u0161ovs<\/p>\n<p>\u00abP\u0101rdziedi mani!\u00bb nav tikai muzik\u0101ls izklaides \u0161ovs, bet ar\u012b platforma, kas \u013cauj m\u0101ksliniekiem izzin\u0101t un att\u012bst\u012bt savas sp\u0113jas da\u017e\u0101dos m\u016bzikas \u017eanros. \u0160ova vad\u012bt\u0101ja Marija Linarte, aktrise un TV person\u012bba, ir atzinusi, ka \u0161is ir liel\u0101kais projekts, ko vi\u0146a l\u012bdz \u0161im vad\u012bjusi. Vi\u0146as uzdevums ir ne tikai uztur\u0113t dinamiku un saikni starp dal\u012bbniekiem un skat\u012bt\u0101jiem, bet ar\u012b rad\u012bt omul\u012bgu un atbalsto\u0161u atmosf\u0113ru. \u0160ovs ir ieguvis popularit\u0101ti ne tikai Latvij\u0101, bet ar\u012b starp \u0101rzemju skat\u012bt\u0101jiem, pateicoties t\u0101 daudzveid\u012bbai un augstajai kvalit\u0101tei. Iepriek\u0161\u0113jie raid\u012bjumi ir velt\u012bti da\u017e\u0101diem \u017eanriem, s\u0101kot no roka un hiphopa l\u012bdz pat kantrim un \u0161l\u0101germ\u016bzikai, kur\u0101 sevi sevi\u0161\u0137i veiksm\u012bgi atkl\u0101jis reperis Rolands \u010ce.<\/p>\n<p>Gada nogale un gaid\u0101mie notikumi<\/p>\n<p>\u0160ova otr\u0101 sezona jau norisin\u0101s kop\u0161 novembra beig\u0101m, un t\u0101s nosl\u0113gum\u0101, Vecgada vakar\u0101, tika aizvad\u012bts ar\u012b \u012bpa\u0161s &#8220;P\u0101rdziedi mani! Vecgada \u0161ovs&#8221;. \u0160aj\u0101 pas\u0101kum\u0101 kop\u0101 ar pirm\u0101s un otr\u0101s sezonas dal\u012bbniekiem, k\u0101 ar\u012b viesm\u0101ksliniekiem tika mekl\u0113ta jauna, m\u016bsdien\u012bga Vecgada dziesma. Lai gan \u0161is raid\u012bjums bija velt\u012bts gada nosl\u0113gumam, kino un te\u0101tra m\u016bzikas vakars ir k\u0101 lielisks turpin\u0101jums un s\u0101kums jaunajam gadam, atg\u0101dinot par kino un te\u0101tru neizdz\u0113\u0161amo kult\u016bras mantojumu.<\/p>\n","protected":false},"excerpt":{"rendered":"Jaungada s\u0101kums piepild\u012bts ar kino un te\u0101tra m\u016bziku Latvijas Telev\u012bzijas muzik\u0101li izklaid\u0113jo\u0161ais \u0161ovs \u00abP\u0101rdziedi mani!\u00bb jauno, 2026. gadu&hellip;\n","protected":false},"author":2,"featured_media":93756,"comment_status":"","ping_status":"","sticky":false,"template":"","format":"standard","meta":{"footnotes":""},"categories":[19],"tags":[10209,89,90,23450,35,39,38,36,37,34,355,642,40,23451],"class_list":{"0":"post-93755","1":"post","2":"type-post","3":"status-publish","4":"format-standard","5":"has-post-thumbnail","7":"category-izklaide","8":"tag-pardziedi-mani","9":"tag-entertainment","10":"tag-izklaide","11":"tag-kino-dziesmas","12":"tag-latvia","13":"tag-latvian","14":"tag-latviesu","15":"tag-latviesu-valoda","16":"tag-latviesuvaloda","17":"tag-latvija","18":"tag-latvijas-muzika","19":"tag-latvijas-televizija","20":"tag-lv","21":"tag-teatra-dziesmas"},"share_on_mastodon":{"url":"https:\/\/pubeurope.com\/@lv\/115833298154008087","error":""},"_links":{"self":[{"href":"https:\/\/www.europesays.com\/lv\/wp-json\/wp\/v2\/posts\/93755","targetHints":{"allow":["GET"]}}],"collection":[{"href":"https:\/\/www.europesays.com\/lv\/wp-json\/wp\/v2\/posts"}],"about":[{"href":"https:\/\/www.europesays.com\/lv\/wp-json\/wp\/v2\/types\/post"}],"author":[{"embeddable":true,"href":"https:\/\/www.europesays.com\/lv\/wp-json\/wp\/v2\/users\/2"}],"replies":[{"embeddable":true,"href":"https:\/\/www.europesays.com\/lv\/wp-json\/wp\/v2\/comments?post=93755"}],"version-history":[{"count":0,"href":"https:\/\/www.europesays.com\/lv\/wp-json\/wp\/v2\/posts\/93755\/revisions"}],"wp:featuredmedia":[{"embeddable":true,"href":"https:\/\/www.europesays.com\/lv\/wp-json\/wp\/v2\/media\/93756"}],"wp:attachment":[{"href":"https:\/\/www.europesays.com\/lv\/wp-json\/wp\/v2\/media?parent=93755"}],"wp:term":[{"taxonomy":"category","embeddable":true,"href":"https:\/\/www.europesays.com\/lv\/wp-json\/wp\/v2\/categories?post=93755"},{"taxonomy":"post_tag","embeddable":true,"href":"https:\/\/www.europesays.com\/lv\/wp-json\/wp\/v2\/tags?post=93755"}],"curies":[{"name":"wp","href":"https:\/\/api.w.org\/{rel}","templated":true}]}}