{"id":93759,"date":"2026-01-03T21:32:11","date_gmt":"2026-01-03T21:32:11","guid":{"rendered":"https:\/\/www.europesays.com\/lv\/93759\/"},"modified":"2026-01-03T21:32:11","modified_gmt":"2026-01-03T21:32:11","slug":"vai-asv-palidzes-baltijai-krizes-bridi","status":"publish","type":"post","link":"https:\/\/www.europesays.com\/lv\/93759\/","title":{"rendered":"Vai ASV pal\u012bdz\u0113s Baltijai kr\u012bzes br\u012bd\u012b?"},"content":{"rendered":"<p class=\"descr\">ASV aizsardz\u012bbas sekret\u0101rs P\u012bts Hegsets Baltijas valstis un Poliju galvenok\u0101rt aizsardz\u012bbas izdevumu d\u0113\u013c ir nosaucis par paraugsabiedrotajiem, tom\u0113r ir jaut\u0101jums, cik liel\u0101 m\u0113r\u0101 var\u0113s pa\u013cauties uz ASV &#8220;X stund\u0101&#8221;, a\u0123ent\u016brai LETA pauda \u0122eopolitikas p\u0113t\u012bjumu centra direktors un R\u012bgas Stradi\u0146a universit\u0101tes asoci\u0113tais profesors M\u0101ris And\u017e\u0101ns.<\/p>\n<p>Vi\u0146\u0161 nor\u0101d\u012bja, ka, neraugoties uz pozit\u012bvo skat\u012bjumu uz Baltiju ASV instit\u016bcij\u0101s, gala l\u0113mumu pie\u0146emtu viens cilv\u0113ks &#8211; ASV prezidents <a href=\"https:\/\/nra.lv\/birka\/donalds-tramps\/\" target=\"_blank\" rel=\"noopener nofollow\">Donalds Tramps<\/a>. Jaut\u0101ts, vai var pa\u013cauties, ka kr\u012bzes br\u012bd\u012b ASV iesaist\u012bsies, And\u017e\u0101ns atbild\u0113ja, ka \u0161ogad Tramps bie\u017e\u0101k izmantojis tarifus un iebied\u0113\u0161anu ar tiem, bet karos iesaist\u012bjies tad, ja ir garant\u0113ta uzvara un ja iesaiste ir \u0101tra.<\/p>\n<blockquote><p>K\u0101 piem\u0113ru<a href=\"https:\/\/nra.lv\/birka\/maris-andzans\/\" target=\"_blank\" rel=\"noopener nofollow\"> And\u017e\u0101ns<\/a> min\u0113ja Izra\u0113las un Ir\u0101nas karu, kur ASV iesaist\u012bj\u0101s tad, kad Izra\u0113la jau bija paveikusi, p\u0113c And\u017e\u0101na teikt\u0101, &#8220;liel\u0101ko da\u013cu darba&#8221; &#8211; likvid\u0113jusi \u0123ener\u0101\u013cus, zin\u0101tniekus un pretgaisa aizsardz\u012bbas sist\u0113mas, un Izra\u0113las lidapar\u0101ti br\u012bvi lidoja virs Ir\u0101nas.<\/p><\/blockquote>\n<p>And\u017e\u0101ns sac\u012bja, ka t\u0101d\u0101 kontekst\u0101 notikusi oper\u0101cija &#8220;Pusnakts \u0101murs&#8221; jeb &#8220;Midnight Hammer&#8221;, kad Tramps nos\u016bt\u012bja bumbved\u0113jus B-2 un citus gaisa ku\u0123us triecieniem pa Ir\u0101nas kodolobjektiem un p\u0113c tam strauji spieda uz pamieru. Vi\u0146\u0161 min\u0113ja ar\u012b ASV triecienus S\u012brij\u0101, Som\u0101lij\u0101 un Jemen\u0101, kurus eksperts raksturoja k\u0101 \u0101trus, &#8220;\u0137irur\u0123iskus&#8221; un bez ac\u012bmredzamas apet\u012btes eskal\u0113t konfliktu.<\/p>\n<p>Koment\u0113jot ASV aizsardz\u012bbas ministra izteikumus par Baltijas valst\u012bm un Poliju, And\u017e\u0101ns nor\u0101d\u012bja, ka Baltijas valst\u012bm un Polijai ir labs t\u0113ls, tostarp l\u012bdz\u0161in\u0113j\u0101s sadarb\u012bbas d\u0113\u013c Afganist\u0101n\u0101, Ir\u0101k\u0101 un koal\u012bcij\u0101 c\u012b\u0146\u0101 pret &#8220;Isl\u0101ma valsti&#8221; (ISIS). Tom\u0113r vi\u0146\u0161 atk\u0101rtoja, ka iz\u0161\u0137iro\u0161s ir jaut\u0101jums, k\u0101 ASV r\u012bkotos, ja &#8220;kaut kas notiek&#8221; &#8211; vai ASV uz Baltiju raudz\u012btos k\u0101 uz baltie\u0161iem un po\u013ciem, kam ASV ir laba reput\u0101cija, vai k\u0101 uz eiropie\u0161iem, kam reput\u0101cija Trampa ac\u012bs ir zem\u0101ka.<\/p>\n<p>And\u017e\u0101ns sac\u012bja, ka kar\u0161 Ukrain\u0101 un miera sarunu process rada da\u017e\u0101das izj\u016btas. P\u0113c vi\u0146a teikt\u0101, Tramps ir paudis, ka Krievija neuzbruks cit\u0101m kaimi\u0146u valst\u012bm, jo vi\u0146\u0161 ir prezidents. And\u017e\u0101na ieskat\u0101 Krievijai var b\u016bt cits apr\u0113\u0137ins, proti, ka Tramps ir gatavs &#8220;Ukrainu sadal\u012bt&#8221;. Vi\u0146\u0161 piebilda, ka ASV s\u016btnis St\u012bvs Vitkofs braucis uz Maskavu un Sanktp\u0113terburgu un p\u0113c tam atska\u0146ojis Krievijas diktatora Vladimira Putina narat\u012bvus. And\u017e\u0101ns pauda, ka hipot\u0113tiski l\u012bdz\u012bgi var raudz\u012bties ar\u012b uz Narvu un Daugavpili, ja par\u0101d\u0101s pieeja &#8220;tirgoties ar teritoriju&#8221; un &#8220;tur ta\u010du run\u0101 krieviski&#8221;. Vi\u0146\u0161 k\u0101 &#8220;b\u0113d\u012bgu notikumu&#8221; min\u0113ja ar\u012b faktisko attiec\u012bbu &#8220;p\u0101rrestart\u0113\u0161anu&#8221; ar Baltkrieviju.<\/p>\n<p>Vienlaikus And\u017e\u0101ns nor\u0101d\u012bja, ka ASV ir main\u012bju\u0161\u0101s un ilgtermi\u0146\u0101 k\u013c\u016bs egoistisk\u0101kas, k\u0101 ar\u012b j\u0101\u0146em v\u0113r\u0101, ka ASV pl\u0101no samazin\u0101t karav\u012bru skaitu Eirop\u0101, ko administr\u0101cija esot skaidri nor\u0101d\u012bjusi. Vi\u0146\u0161 sac\u012bja, ka ar\u012b tad, ja tiek pausti atbalsta v\u0101rdi un ja ASV karav\u012bri tiek rot\u0113ti re\u0123ion\u0101, kop\u0113jais atbalsts Eiropai var b\u016bt v\u0101j\u0101ks un Eiropa tiek kritiz\u0113ta.<\/p>\n<p>And\u017e\u0101ns ar\u012b nor\u0101d\u012bja uz Hegseta poz\u012bcijas nestabilit\u0101ti, pieminot t\u0101 d\u0113v\u0113to &#8220;signalgeitu&#8221;, k\u0101 ar\u012b citus notikumus, un piebilda, ka Hegsets var ar\u012b paiet mal\u0101 un vi\u0146a viet\u0101 var n\u0101kt, piem\u0113ram, ASV viceprezidenta D\u017eeimsa Deivida Vensa draugs, ASV armijas ministrs Dens Driskols vai ASV aizsardz\u012bbas ministra vietnieks politikas jaut\u0101jumos Elbrid\u017es Kolbijs. \u0122eopolitikas p\u0113t\u012bjumu centra direktors nor\u0101d\u012bja, ka vi\u0146u attieksme pret Eiropu ir nelabv\u0113l\u012bga un vi\u0146i uzsver p\u0101rorient\u0113\u0161anos uz \u0100ziju un \u0136\u012bnu.<\/p>\n<p>Eksperts uzsv\u0113ra, ka &#8220;X stund\u0101&#8221; l\u0113mums b\u016btu j\u0101pie\u0146em sal\u012bdzino\u0161i strauji, ta\u010du izl\u016bkdienesti redz br\u012bdin\u0101juma paz\u012bmes, jo nekas nenotiek &#8220;no skaidr\u0101m debes\u012bm&#8221;. Vi\u0146\u0161 k\u0101 piem\u0113ru min\u0113ja Krievijas pilna m\u0113roga iebrukumu Ukrain\u0101, kam iepriek\u0161 biju\u0161as ac\u012bmredzamas paz\u012bmes. Vienlaikus And\u017e\u0101ns nor\u0101d\u012bja, ka politi\u0137u atbalsta v\u0101rdi ne vienm\u0113r p\u0101rtop r\u012bc\u012bb\u0101, k\u0101 piem\u0113ru minot sankciju jaut\u0101jumu, tostarp ASV senatora Lindsija Greiema pausto par gatav\u012bbu noteikt milz\u012bgas sankcijas pret Krieviju, kas t\u0101l\u0101k nevirz\u012bj\u0101s, lai gan balsojum\u0101, p\u0113c And\u017e\u0101na apl\u0113s\u0113m, t\u0101s var\u0113tu atbalst\u012bt aptuveni 80 senatori.<\/p>\n<p>Atbildot uz jaut\u0101jumu par Eiropas aizsardz\u012bbas sp\u0113ju k\u0101pin\u0101\u0161anu, And\u017e\u0101ns nor\u0101d\u012bja, ka apdraud\u0113jumu Eiropas Savien\u012bbas (ES) dal\u012bbvalstis nej\u016bt vien\u0101di. Vi\u0146\u0161 sac\u012bja, ka V\u0101cija, neraugoties uz tr\u016bkumiem, ir daudz izdar\u012bjusi, tostarp izvietojusi brig\u0101di Lietuv\u0101, ko vi\u0146\u0161 raksturoja k\u0101 \u0101rk\u0101rt\u012bgi b\u016btisku. \u0122eopolitikas p\u0113t\u012bjumu centra direktors retoriski vaic\u0101ja, vai, raugoties ciniski, Luksemburgai un Be\u013c\u0123ijai tie\u0161\u0101m ir j\u0101uztraucas par Krievijas iebrukumu. Vi\u0146\u0161 kl\u0101st\u012bja, ka \u0161\u012bs valstis vair\u0101k sastopas ar dronu incidentiem, kiberuzbrukumiem un spiego\u0161anu. Vi\u0146\u0161 piebilda, ka, Latvijai prasot vair\u0101k no Eiropas, j\u0101atceras, ka liel\u0101kajai da\u013cai citu Eiropas valstu apdraud\u0113jums ir iev\u0113rojami zem\u0101ks.<\/p>\n<p>Run\u0101jot par Latvijas r\u012bc\u012bbu, \u0122eopolitikas p\u0113t\u012bjumu centra direktors piebilda, ka valsts aizsardz\u012bbas dienestu var\u0113ja ieviest \u0101tr\u0101k, un min\u0113ja, ka Latvij\u0101 \u0161ogad 11 m\u0113ne\u0161u iesaukums ir ar 1000 cilv\u0113kiem, bet n\u0101kamgad &#8211; apm\u0113ram 1600 cilv\u0113kiem, kam\u0113r Igaunij\u0101 un Lietuv\u0101 apm\u0101ca ap 4000 cilv\u0113ku gad\u0101, kas piecu gadu laik\u0101 dod aptuveni 20 000 apm\u0101c\u012btu cilv\u0113ku.<\/p>\n<p>Vi\u0146\u0161 par no\u017e\u0113lojamu nosauca situ\u0101ciju attiec\u012bb\u0101 uz tirdzniec\u012bbu ar Krieviju un Baltkrieviju, k\u0101 ar\u012b dzelzce\u013ca slie\u017eu jaut\u0101jumu. And\u017e\u0101ns sac\u012bja, ka Krievija joproj\u0101m ir sestais liel\u0101kais pre\u010du eksporta tirgus Latvijai, p\u0101rsniedzot 800 miljonus eiro, un vi\u0146\u0161 nor\u0101d\u012bja uz divkos\u012bbu &#8211; Latvija atbalsta Ukrainu un stiprina aizsardz\u012bbu, bet vienlaikus turpin\u0101s tirdzniec\u012bba ar agresoru. Vi\u0146\u0161 piebilda, ka bru\u0146otie sp\u0113ki aicina sliedes demont\u0113t, un uzsv\u0113ra, ka br\u012bv\u012bbai ir cena, lai ar\u012b tas noz\u012bm\u0113 ekonomiskus zaud\u0113jumus.<\/p>\n<p>Vi\u0146\u0161 ar\u012b kritiz\u0113ja pieeju slie\u017eu jaut\u0101jum\u0101, nor\u0101dot, ka pras\u012bba p\u0113c kop\u012bga l\u0113muma starp Latviju, Lietuvu un Igauniju ir solis atpaka\u013c, jo kop\u012bgu l\u0113mumu nevar\u0113s pie\u0146emt, tostarp t\u0101d\u0113\u013c, ka Lietuvai ir K\u0113nigsbergas tranz\u012bts, kas noteikts saska\u0146\u0101 ar ES un Krievijas l\u012bgumu.<\/p>\n<p>And\u017e\u0101ns rezum\u0113ja, ka Latvij\u0101 daudz ir dar\u012bts, ta\u010du temps var\u0113ja b\u016bt \u0101tr\u0101ks un nost\u0101ja &#8211; principi\u0101l\u0101ka, \u012bpa\u0161i jaut\u0101jumos par tirdzniec\u012bbu ar Krieviju un slied\u0113m uz Krieviju un Baltkrieviju. Eksperts akcent\u0113ja, ka Latvija iztiek bez Krievijas g\u0101zes, elektr\u012bbas, bet bez tirgus Latvija negrib iztikt.<\/p>\n<p>\t\t\t\t\t\tinfo<\/p>\n<p>Uzzini pirmais<br \/>kas interesants noticis Latvij\u0101 un pasaul\u0113,<br \/>pievienojoties mums <a href=\"https:\/\/t.me\/neatkariga\" rel=\"nofollow\">Telegram<\/a> vai <a href=\"https:\/\/whatsapp.com\/channel\/0029VaMLFUH5K3zLU5s4wm3y\" rel=\"nofollow noopener\" target=\"_blank\">Whatsapp<\/a> kan\u0101l\u0101<\/p>\n","protected":false},"excerpt":{"rendered":"ASV aizsardz\u012bbas sekret\u0101rs P\u012bts Hegsets Baltijas valstis un Poliju galvenok\u0101rt aizsardz\u012bbas izdevumu d\u0113\u013c ir nosaucis par paraugsabiedrotajiem, tom\u0113r&hellip;\n","protected":false},"author":2,"featured_media":93760,"comment_status":"","ping_status":"","sticky":false,"template":"","format":"standard","meta":{"footnotes":""},"categories":[14],"tags":[23,57,28,29,32,33,22,30,31,35,39,38,36,37,34,40,20,26,27,24,25,54,55,56,21,58],"class_list":{"0":"post-93759","1":"post","2":"type-post","3":"status-publish","4":"format-standard","5":"has-post-thumbnail","7":"category-zinas-no-arvalstim","8":"tag-aktualitates","9":"tag-arvalstim","10":"tag-breaking-news","11":"tag-breakingnews","12":"tag-featured-news","13":"tag-featurednews","14":"tag-headlines","15":"tag-latest-news","16":"tag-latestnews","17":"tag-latvia","18":"tag-latvian","19":"tag-latviesu","20":"tag-latviesu-valoda","21":"tag-latviesuvaloda","22":"tag-latvija","23":"tag-lv","24":"tag-news","25":"tag-popularakas-zinas","26":"tag-popularakaszinas","27":"tag-top-stories","28":"tag-topstories","29":"tag-world","30":"tag-world-news","31":"tag-worldnews","32":"tag-zinas","33":"tag-zinas-no-arvalstim"},"share_on_mastodon":{"url":"https:\/\/pubeurope.com\/@lv\/115833309925549570","error":""},"_links":{"self":[{"href":"https:\/\/www.europesays.com\/lv\/wp-json\/wp\/v2\/posts\/93759","targetHints":{"allow":["GET"]}}],"collection":[{"href":"https:\/\/www.europesays.com\/lv\/wp-json\/wp\/v2\/posts"}],"about":[{"href":"https:\/\/www.europesays.com\/lv\/wp-json\/wp\/v2\/types\/post"}],"author":[{"embeddable":true,"href":"https:\/\/www.europesays.com\/lv\/wp-json\/wp\/v2\/users\/2"}],"replies":[{"embeddable":true,"href":"https:\/\/www.europesays.com\/lv\/wp-json\/wp\/v2\/comments?post=93759"}],"version-history":[{"count":0,"href":"https:\/\/www.europesays.com\/lv\/wp-json\/wp\/v2\/posts\/93759\/revisions"}],"wp:featuredmedia":[{"embeddable":true,"href":"https:\/\/www.europesays.com\/lv\/wp-json\/wp\/v2\/media\/93760"}],"wp:attachment":[{"href":"https:\/\/www.europesays.com\/lv\/wp-json\/wp\/v2\/media?parent=93759"}],"wp:term":[{"taxonomy":"category","embeddable":true,"href":"https:\/\/www.europesays.com\/lv\/wp-json\/wp\/v2\/categories?post=93759"},{"taxonomy":"post_tag","embeddable":true,"href":"https:\/\/www.europesays.com\/lv\/wp-json\/wp\/v2\/tags?post=93759"}],"curies":[{"name":"wp","href":"https:\/\/api.w.org\/{rel}","templated":true}]}}