{"id":93766,"date":"2026-01-03T22:10:15","date_gmt":"2026-01-03T22:10:15","guid":{"rendered":"https:\/\/www.europesays.com\/lv\/93766\/"},"modified":"2026-01-03T22:10:15","modified_gmt":"2026-01-03T22:10:15","slug":"valdosa-koalicija-visticamak-turpinas-darbu-lidz-velesanam-lente-lv","status":"publish","type":"post","link":"https:\/\/www.europesays.com\/lv\/93766\/","title":{"rendered":"Valdo\u0161\u0101 koal\u012bcija visticam\u0101k turpin\u0101s darbu l\u012bdz v\u0113l\u0113\u0161an\u0101m\u00a0\u2014\u00a0Lente.lv"},"content":{"rendered":"<p>Koal\u012bcijas stabilit\u0101te l\u012bdz v\u0113l\u0113\u0161an\u0101m<\/p>\n<p>Pa\u0161reiz\u0113j\u0101 valdo\u0161\u0101 koal\u012bcija, visticam\u0101k, turpin\u0101s darbu l\u012bdz n\u0101kamaj\u0101m Saeimas v\u0113l\u0113\u0161an\u0101m, kas paredz\u0113tas 2026. gada oktobr\u012b. \u0160\u0101du prognozi, analiz\u0113jot politisko situ\u0101ciju Latvij\u0101, a\u0123ent\u016brai LETA pauda politologs Juris Rozenvalds. Vi\u0146\u0161 nor\u0101da, ka politiskajiem sp\u0113kiem pa\u0161laik nav izdev\u012bgi atrasties \u0101rpus valdo\u0161\u0101s koal\u012bcijas, jo tas nerad\u012btu priek\u0161roc\u012bbas gaid\u0101maj\u0101s v\u0113l\u0113\u0161an\u0101s. K\u0101 inform\u0113 port\u0101ls NRA, Rozenvalds uzsver, ka jebkuras asas kust\u012bbas vai m\u0113\u0123in\u0101jumi g\u0101zt vald\u012bbu \u0161obr\u012bd b\u016btu pa\u0161n\u0101vniecisks solis, \u012bpa\u0161i \u0146emot v\u0113r\u0101 bud\u017eeta veido\u0161anas procesu un sabiedr\u012bbas uztic\u012bbas saglab\u0101\u0161anas noz\u012bmi. Politologs atz\u012bm\u0113, ka, lai gan koal\u012bcij\u0101 past\u0101v dzi\u013cas pretrunas, \u0161obr\u012bd nav pieejami lab\u0101ki alternat\u012bvi vald\u012bbas form\u0101ti, kas sp\u0113tu nodro\u0161in\u0101t stab\u012blu vair\u0101kumu Saeim\u0101. Vi\u0146\u0161 nor\u0101da, ka pat opoz\u012bcijas partijas nav gatavas vai sp\u0113j\u012bgas izveidot jaunu vair\u0101kuma vald\u012bbu.<\/p>\n<p>Politisko sp\u0113ku strat\u0113\u0123ija pirms v\u0113l\u0113\u0161an\u0101m<\/p>\n<p>Rozenvalda ieskat\u0101, politiskie sp\u0113ki, kas ir da\u013ca no valdo\u0161\u0101s koal\u012bcijas, apzin\u0101s, ka atra\u0161an\u0101s pie varas l\u012bdz v\u0113l\u0113\u0161an\u0101m ir strat\u0113\u0123iski izdev\u012bg\u0101ka nek\u0101 do\u0161an\u0101s priek\u0161laic\u012bg\u0101s v\u0113l\u0113\u0161an\u0101s vai vald\u012bbas kr\u012bzes izrais\u012b\u0161ana. \u0160\u0101da nost\u0101ja \u012bpa\u0161i attiecas uz gad\u012bjumiem, kad tiek gatavots valsts bud\u017eets, kas ir viens no svar\u012bg\u0101kajiem vald\u012bbas darba uzdevumiem. Gan 2026. gada bud\u017eeta projekts, gan t\u0101 apsprie\u0161ana Saeim\u0101 ir norises, kas liecina par vald\u012bbas sp\u0113ju str\u0101d\u0101t kop\u0101, pat ja past\u0101v zin\u0101mas domstarp\u012bbas. Bud\u017eeta priorit\u0101tes, tostarp nacion\u0101l\u0101 dro\u0161\u012bba, atbalsts \u0123imen\u0113m ar b\u0113rniem un izgl\u012bt\u012bba, liecina par centieniem saglab\u0101t sabiedr\u012bbas atbalstu. Rozenvalds pie\u013cauj, ka, neraugoties uz eso\u0161aj\u0101m gr\u016bt\u012bb\u0101m, koal\u012bcija var\u0113tu izveidot \u010detru partiju sast\u0101vu, lai nodro\u0161in\u0101tu stabil\u0101ku atbalstu. Tom\u0113r vi\u0146\u0161 ar\u012b nor\u0101da, ka Latvijas politik\u0101 prognozes ir gr\u016bti veikt, un situ\u0101cija var main\u012bties.<\/p>\n<p>Koal\u012bcijas izaicin\u0101jumi un n\u0101kotnes perspekt\u012bvas<\/p>\n<p>Neskatoties uz prognoz\u0113to stabilit\u0101ti l\u012bdz v\u0113l\u0113\u0161an\u0101m, valdo\u0161\u0101 koal\u012bcija saskaras ar nopietniem izaicin\u0101jumiem. P\u0113d\u0113jie politiskie notikumi un politologu v\u0113rt\u0113jumi liecina par juk\u0101m un nestabilit\u0101ti Latvijas politik\u0101. Piem\u0113ram, politologs Juris Rozenvalds jau iepriek\u0161 ir nor\u0101d\u012bjis, ka vald\u012bbas veido\u0161ana ir sare\u017e\u0123\u012bts process, kur\u0101 var b\u016bt nepiecie\u0161amas kompromisu starp da\u017e\u0101d\u0101m politiskaj\u0101m partij\u0101m, pat ja t\u0101s ir \u013coti at\u0161\u0137ir\u012bgas. Vi\u0146\u0161 ir piemin\u0113jis, ka da\u017ek\u0101rt lab\u0101k ir saglab\u0101t eso\u0161o koal\u012bciju, pat ja t\u0101 nav ide\u0101la, nek\u0101 risk\u0113t ar priek\u0161laic\u012bg\u0101m v\u0113l\u0113\u0161an\u0101m vai nestabilu jaunu vald\u012bbu. Rozenvalds ir ar\u012b atzinis, ka prezidenta iejauk\u0161an\u0101s, piem\u0113ram, Stambulas konvencijas denons\u0113\u0161anas jaut\u0101jum\u0101, ir pal\u012bdz\u0113jusi koal\u012bcijai \u201csaglab\u0101t seju\u201d un nov\u0113rst iesp\u0113jamo kr\u012bzi. Pa\u0161laik politisk\u0101 aina liecina, ka, lai gan ir nopietni izaicin\u0101jumi un pretrunas, politiskie sp\u0113ki ir ieinteres\u0113ti notur\u0113t koal\u012bciju l\u012bdz n\u0101kamaj\u0101m Saeimas v\u0113l\u0113\u0161an\u0101m, lai izvair\u012btos no v\u0113l liel\u0101kas politisk\u0101s nestabilit\u0101tes.<\/p>\n<p>N\u0101kam\u0101s Saeimas v\u0113l\u0113\u0161anas un iesp\u0113jamie koal\u012bcijas mode\u013ci<\/p>\n<p>N\u0101kam\u0101s Saeimas v\u0113l\u0113\u0161anas Latvij\u0101 ir pl\u0101notas 2026. gada oktobra pirmaj\u0101 sestdien\u0101. Aptaujas liecina par main\u012bgu popularit\u0101ti da\u017e\u0101d\u0101m partij\u0101m, un politologu prognozes par n\u0101kam\u0101s koal\u012bcijas sast\u0101vu bie\u017ei vien ir piesardz\u012bgas. Juris Rozenvalds iepriek\u0161 ir prognoz\u0113jis, ka, visticam\u0101k, veidosies \u010detru partiju koal\u012bcija, ta\u010du ir ar\u012b atzinis, ka viss ir atkar\u012bgs no v\u0113l\u0113t\u0101ju izv\u0113les un politisko sp\u0113ku sp\u0113jas vienoties. Pa\u0161reiz\u0113j\u0101 politisk\u0101 situ\u0101cija, kur\u0101 valdo\u0161\u0101 koal\u012bcija saskaras ar da\u017e\u0101diem izaicin\u0101jumiem, tom\u0113r liecina, ka t\u0101s galvenais m\u0113r\u0137is ir saglab\u0101t varu l\u012bdz v\u0113l\u0113\u0161anu nosl\u0113gumam. Tas noz\u012bm\u0113, ka politiskie sp\u0113ki cent\u012bsies nov\u0113rst jebk\u0101dus konfliktus, kas var\u0113tu novest pie vald\u012bbas kri\u0161anas pirms noteikt\u0101 termi\u0146a.<\/p>\n","protected":false},"excerpt":{"rendered":"Koal\u012bcijas stabilit\u0101te l\u012bdz v\u0113l\u0113\u0161an\u0101m Pa\u0161reiz\u0113j\u0101 valdo\u0161\u0101 koal\u012bcija, visticam\u0101k, turpin\u0101s darbu l\u012bdz n\u0101kamaj\u0101m Saeimas v\u0113l\u0113\u0161an\u0101m, kas paredz\u0113tas 2026. gada&hellip;\n","protected":false},"author":2,"featured_media":93767,"comment_status":"","ping_status":"","sticky":false,"template":"","format":"standard","meta":{"footnotes":""},"categories":[5],"tags":[23,28,29,32,33,22,15512,351,30,31,35,39,38,36,37,34,6661,40,20,14178,26,27,1421,24,25,21],"class_list":{"0":"post-93766","1":"post","2":"type-post","3":"status-publish","4":"format-standard","5":"has-post-thumbnail","7":"category-aktualitates","8":"tag-aktualitates","9":"tag-breaking-news","10":"tag-breakingnews","11":"tag-featured-news","12":"tag-featurednews","13":"tag-headlines","14":"tag-juris-rozenvalds","15":"tag-koalicija","16":"tag-latest-news","17":"tag-latestnews","18":"tag-latvia","19":"tag-latvian","20":"tag-latviesu","21":"tag-latviesu-valoda","22":"tag-latviesuvaloda","23":"tag-latvija","24":"tag-latvijas-valdiba","25":"tag-lv","26":"tag-news","27":"tag-politiki","28":"tag-popularakas-zinas","29":"tag-popularakaszinas","30":"tag-saeimas-velesanas","31":"tag-top-stories","32":"tag-topstories","33":"tag-zinas"},"share_on_mastodon":{"url":"https:\/\/pubeurope.com\/@lv\/115833459388679342","error":""},"_links":{"self":[{"href":"https:\/\/www.europesays.com\/lv\/wp-json\/wp\/v2\/posts\/93766","targetHints":{"allow":["GET"]}}],"collection":[{"href":"https:\/\/www.europesays.com\/lv\/wp-json\/wp\/v2\/posts"}],"about":[{"href":"https:\/\/www.europesays.com\/lv\/wp-json\/wp\/v2\/types\/post"}],"author":[{"embeddable":true,"href":"https:\/\/www.europesays.com\/lv\/wp-json\/wp\/v2\/users\/2"}],"replies":[{"embeddable":true,"href":"https:\/\/www.europesays.com\/lv\/wp-json\/wp\/v2\/comments?post=93766"}],"version-history":[{"count":0,"href":"https:\/\/www.europesays.com\/lv\/wp-json\/wp\/v2\/posts\/93766\/revisions"}],"wp:featuredmedia":[{"embeddable":true,"href":"https:\/\/www.europesays.com\/lv\/wp-json\/wp\/v2\/media\/93767"}],"wp:attachment":[{"href":"https:\/\/www.europesays.com\/lv\/wp-json\/wp\/v2\/media?parent=93766"}],"wp:term":[{"taxonomy":"category","embeddable":true,"href":"https:\/\/www.europesays.com\/lv\/wp-json\/wp\/v2\/categories?post=93766"},{"taxonomy":"post_tag","embeddable":true,"href":"https:\/\/www.europesays.com\/lv\/wp-json\/wp\/v2\/tags?post=93766"}],"curies":[{"name":"wp","href":"https:\/\/api.w.org\/{rel}","templated":true}]}}