{"id":9379,"date":"2025-10-01T06:00:08","date_gmt":"2025-10-01T06:00:08","guid":{"rendered":"https:\/\/www.europesays.com\/lv\/9379\/"},"modified":"2025-10-01T06:00:08","modified_gmt":"2025-10-01T06:00:08","slug":"video-%e2%9f%a9-kebabnicas-darbinieks-liepaja-meginajis-iepazities-ar-11-gadus-vecu-meiteni-policijas-reakcija-parsteigusi","status":"publish","type":"post","link":"https:\/\/www.europesays.com\/lv\/9379\/","title":{"rendered":"VIDEO \u27e9 Kebabn\u012bcas darbinieks Liep\u0101j\u0101 m\u0113\u0123in\u0101jis iepaz\u012bties ar 11 gadus vecu meiteni; policijas reakcija p\u0101rsteigusi"},"content":{"rendered":"<p>J\u0101nis un vi\u0146a 11 gadus vec\u0101 meita kop\u0101 ar draudzeni dev\u0101s uz \u0113stuvi &#8220;Pakist\u0101nas kebabs&#8221; Liep\u0101j\u0101, lai pa\u0113stu.<\/p>\n<p>&#8220;Pie mums palika meitas draudzene. M\u0113s vi\u0146\u0101m iedev\u0101m s\u012bceni un \u013c\u0101v\u0101m iet pastaig\u0101t. Vi\u0146\u0101m sagrib\u0113j\u0101s \u0113st. Kebabn\u012bc\u0101 v\u012brietis pie kebaba atdo\u0161anas s\u0101cis jaut\u0101t meitai, cik vi\u0146ai gadu. Vi\u0146a atbild\u0113ja, ka 11. P\u0113c tam sekoja jaut\u0101jums, vai var iedot &#8220;Snapchat&#8221; kontu, uz ko vi\u0146a teica, ka t\u0101du nelieto. Tad pras\u012bja telefona numuru. Vi\u0146\u0161 pazi\u0146oja meitai, ka vi\u0146am ir 17 gadi un ka grib b\u016bt vi\u0146as lab\u0101kais draugs.<\/p>\n<blockquote class=\"quote ck-widget\" contenteditable=\"false\">\n<p>Man \u0161\u012b draudz\u012bba liekas aizdom\u012bga. V\u012brietis ar b\u0101rdu meitenei prasa telefona numuru un citus kontaktus \u2013 skaidrs, ka tas ir sarkanais sign\u0101ls, ka kaut kas nav pareizi,&#8221; raid\u012bjumam st\u0101ta J\u0101nis.<\/p>\n<\/blockquote>\n<p>P\u0113c tam, kad no meitas uzzin\u0101ja par piedz\u012bvoto, J\u0101nis dev\u0101s uz kebabn\u012bcu, kur sastapa konkr\u0113to darbinieku. Meitenes t\u0113vs raid\u012bjumam sac\u012bja, ka dev\u0101s piefiks\u0113t seju, lai, ja nu v\u012brietis izdom\u0101 aizmukt, policijai ir vi\u0146a izskata fiks\u0101cija.<\/p>\n<p>Izr\u0101d\u0101s, ka darbinieks ir 20, nevis 17 gadus vecs, k\u0101 vi\u0146\u0161 st\u0101st\u012bjis mazajai meitenei. Iece\u013coju\u0161ais v\u012brietis Latvij\u0101 stud\u0113, st\u0101sta J\u0101nis.<\/p>\n","protected":false},"excerpt":{"rendered":"J\u0101nis un vi\u0146a 11 gadus vec\u0101 meita kop\u0101 ar draudzeni dev\u0101s uz \u0113stuvi &#8220;Pakist\u0101nas kebabs&#8221; Liep\u0101j\u0101, lai pa\u0113stu.&hellip;\n","protected":false},"author":2,"featured_media":9380,"comment_status":"","ping_status":"","sticky":false,"template":"","format":"standard","meta":{"footnotes":""},"categories":[12],"tags":[23,3657,28,29,32,33,22,30,31,35,39,38,36,37,34,40,20,163,26,27,24,25,138,21],"class_list":{"0":"post-9379","1":"post","2":"type-post","3":"status-publish","4":"format-standard","5":"has-post-thumbnail","7":"category-latvija","8":"tag-aktualitates","9":"tag-bez-tabu","10":"tag-breaking-news","11":"tag-breakingnews","12":"tag-featured-news","13":"tag-featurednews","14":"tag-headlines","15":"tag-latest-news","16":"tag-latestnews","17":"tag-latvia","18":"tag-latvian","19":"tag-latviesu","20":"tag-latviesu-valoda","21":"tag-latviesuvaloda","22":"tag-latvija","23":"tag-lv","24":"tag-news","25":"tag-policija","26":"tag-popularakas-zinas","27":"tag-popularakaszinas","28":"tag-top-stories","29":"tag-topstories","30":"tag-valsts-policija","31":"tag-zinas"},"share_on_mastodon":{"url":"","error":""},"_links":{"self":[{"href":"https:\/\/www.europesays.com\/lv\/wp-json\/wp\/v2\/posts\/9379","targetHints":{"allow":["GET"]}}],"collection":[{"href":"https:\/\/www.europesays.com\/lv\/wp-json\/wp\/v2\/posts"}],"about":[{"href":"https:\/\/www.europesays.com\/lv\/wp-json\/wp\/v2\/types\/post"}],"author":[{"embeddable":true,"href":"https:\/\/www.europesays.com\/lv\/wp-json\/wp\/v2\/users\/2"}],"replies":[{"embeddable":true,"href":"https:\/\/www.europesays.com\/lv\/wp-json\/wp\/v2\/comments?post=9379"}],"version-history":[{"count":0,"href":"https:\/\/www.europesays.com\/lv\/wp-json\/wp\/v2\/posts\/9379\/revisions"}],"wp:featuredmedia":[{"embeddable":true,"href":"https:\/\/www.europesays.com\/lv\/wp-json\/wp\/v2\/media\/9380"}],"wp:attachment":[{"href":"https:\/\/www.europesays.com\/lv\/wp-json\/wp\/v2\/media?parent=9379"}],"wp:term":[{"taxonomy":"category","embeddable":true,"href":"https:\/\/www.europesays.com\/lv\/wp-json\/wp\/v2\/categories?post=9379"},{"taxonomy":"post_tag","embeddable":true,"href":"https:\/\/www.europesays.com\/lv\/wp-json\/wp\/v2\/tags?post=9379"}],"curies":[{"name":"wp","href":"https:\/\/api.w.org\/{rel}","templated":true}]}}