{"id":9381,"date":"2025-10-01T06:01:08","date_gmt":"2025-10-01T06:01:08","guid":{"rendered":"https:\/\/www.europesays.com\/lv\/9381\/"},"modified":"2025-10-01T06:01:08","modified_gmt":"2025-10-01T06:01:08","slug":"asv-valdiba-apturejusi-darbu","status":"publish","type":"post","link":"https:\/\/www.europesays.com\/lv\/9381\/","title":{"rendered":"ASV vald\u012bba aptur\u0113jusi darbu"},"content":{"rendered":"<p>Demokr\u0101tiem un republik\u0101\u0146iem ASV Kongres\u0101 nesp\u0113jot vienoties par feder\u0101lo bud\u017eetu n\u0101kamajam fisk\u0101lajam gadam, Savienoto Valstu vald\u012bba pirmo reizi p\u0113d\u0113jo septi\u0146u gadu laik\u0101 aptur\u0113jusi darbu.<\/p>\n<p>Jau zi\u0146ots, ka demokr\u0101ti ASV Sen\u0101t\u0101 otrdien noraid\u012bja republik\u0101\u0146u sagatavoto likumprojektu par pagaidu finans\u0113jumu, un tre\u0161dienai plkst.00.01 (plkst.7.01 p\u0113c Latvijas laika) beidz\u0101s l\u012bdz\u0161in\u0113jais valsts iest\u0101\u017eu finans\u0113jums.<\/p>\n<p>Cik ilgi vald\u012bbas darba aptur\u0113\u0161ana turpin\u0101sies atkar\u012bgs no t\u0101, vai abas puses sp\u0113s pan\u0101kt vieno\u0161anos. Sagaid\u0101ms, ka Sen\u0101t\u0101 ar\u012b \u0161odien notiks balsojumi, bet P\u0101rst\u0101vju pal\u0101tai \u0161oned\u0113\u013c vairs nav paredz\u0113tas san\u0101ksmes, lai gan tas var main\u012bties, \u0146emot v\u0113r\u0101 apst\u0101k\u013cus.<\/p>\n<p>Neskatoties uz vald\u012bbas darba aptur\u0113\u0161anu, atsevi\u0161\u0137u vald\u012bbas iest\u0101\u017eu funkciju izpilde turpin\u0101sies. Darbu, piem\u0113ram, turpin\u0101s ASV Nacion\u0101l\u0101s Aeronautikas un kosmosa p\u0101rvaldes (NASA) kosmosa misijas, turpin\u0101sies neleg\u0101l\u0101s imigr\u0101cijas apkaro\u0161ana, k\u0101 ar\u012b P\u0101rtikas un z\u0101\u013cu administr\u0101cijas un Lauksaimniec\u012bbas ministrijas zin\u0101mu funkciju izpilde.<\/p>\n<p>Iepriek\u0161\u0113jo reizi vald\u012bbas darbs tika aptur\u0113ts Trampa pirm\u0101s prezident\u016bras laik\u0101 2018.gad\u0101, un tas tika ats\u0101kts tikai p\u0113c 35 dien\u0101m.<\/p>\n","protected":false},"excerpt":{"rendered":"Demokr\u0101tiem un republik\u0101\u0146iem ASV Kongres\u0101 nesp\u0113jot vienoties par feder\u0101lo bud\u017eetu n\u0101kamajam fisk\u0101lajam gadam, Savienoto Valstu vald\u012bba pirmo reizi&hellip;\n","protected":false},"author":2,"featured_media":9382,"comment_status":"","ping_status":"","sticky":false,"template":"","format":"standard","meta":{"footnotes":""},"categories":[5],"tags":[129,3658,957,23,28,29,32,33,22,30,31,35,39,38,36,37,34,40,20,26,27,958,3659,959,3660,24,25,21],"class_list":{"0":"post-9381","1":"post","2":"type-post","3":"status-publish","4":"format-standard","5":"has-post-thumbnail","7":"category-aktualitates","8":"tag-__typenameadvicekeyword","9":"tag-id1091","10":"tag-id597","11":"tag-aktualitates","12":"tag-breaking-news","13":"tag-breakingnews","14":"tag-featured-news","15":"tag-featurednews","16":"tag-headlines","17":"tag-latest-news","18":"tag-latestnews","19":"tag-latvia","20":"tag-latvian","21":"tag-latviesu","22":"tag-latviesu-valoda","23":"tag-latviesuvaloda","24":"tag-latvija","25":"tag-lv","26":"tag-news","27":"tag-popularakas-zinas","28":"tag-popularakaszinas","29":"tag-slugasv","30":"tag-slugvaldiba","31":"tag-titleasv","32":"tag-titlevaldiba","33":"tag-top-stories","34":"tag-topstories","35":"tag-zinas"},"share_on_mastodon":{"url":"","error":""},"_links":{"self":[{"href":"https:\/\/www.europesays.com\/lv\/wp-json\/wp\/v2\/posts\/9381","targetHints":{"allow":["GET"]}}],"collection":[{"href":"https:\/\/www.europesays.com\/lv\/wp-json\/wp\/v2\/posts"}],"about":[{"href":"https:\/\/www.europesays.com\/lv\/wp-json\/wp\/v2\/types\/post"}],"author":[{"embeddable":true,"href":"https:\/\/www.europesays.com\/lv\/wp-json\/wp\/v2\/users\/2"}],"replies":[{"embeddable":true,"href":"https:\/\/www.europesays.com\/lv\/wp-json\/wp\/v2\/comments?post=9381"}],"version-history":[{"count":0,"href":"https:\/\/www.europesays.com\/lv\/wp-json\/wp\/v2\/posts\/9381\/revisions"}],"wp:featuredmedia":[{"embeddable":true,"href":"https:\/\/www.europesays.com\/lv\/wp-json\/wp\/v2\/media\/9382"}],"wp:attachment":[{"href":"https:\/\/www.europesays.com\/lv\/wp-json\/wp\/v2\/media?parent=9381"}],"wp:term":[{"taxonomy":"category","embeddable":true,"href":"https:\/\/www.europesays.com\/lv\/wp-json\/wp\/v2\/categories?post=9381"},{"taxonomy":"post_tag","embeddable":true,"href":"https:\/\/www.europesays.com\/lv\/wp-json\/wp\/v2\/tags?post=9381"}],"curies":[{"name":"wp","href":"https:\/\/api.w.org\/{rel}","templated":true}]}}