{"id":93831,"date":"2026-01-04T02:11:06","date_gmt":"2026-01-04T02:11:06","guid":{"rendered":"https:\/\/www.europesays.com\/lv\/93831\/"},"modified":"2026-01-04T02:11:06","modified_gmt":"2026-01-04T02:11:06","slug":"foto-spelmanu-nakts-balvas-sadalitas-par-gada-aktieriem-atziti-maija-doveika-un-artis-jancevskis-lente-lv","status":"publish","type":"post","link":"https:\/\/www.europesays.com\/lv\/93831\/","title":{"rendered":"FOTO. &#8220;Sp\u0113lma\u0146u nakts&#8221; balvas sadal\u012btas! Par gada aktieriem atz\u012bti Maija Doveika un Artis Jan\u010devskis\u00a0\u2014\u00a0Lente.lv"},"content":{"rendered":"<p>Dailes te\u0101tr\u012b, atz\u012bm\u0113jot skatuves m\u0101kslas reformatora Eduarda Smi\u013c\u0123a 139. dzim\u0161anas dienu, norisin\u0101j\u0101s ikgad\u0113j\u0101 te\u0101tra balvu \u201cSp\u0113lma\u0146u nakts\u201d ceremonija, kur\u0101 tika pasniegtas balvas par 2023.\/2024. gada sezonas sasniegumiem. K\u0101 zi\u0146o Latvijas Av\u012bze, \u0161ogad par gada aktieriem atz\u012bti Maija Doveika un Artis Jan\u010devskis. \u0160\u012b ir noz\u012bm\u012bga atzin\u012bba aktieriem par vi\u0146u izcilajiem sniegumiem un ieguld\u012bjumu te\u0101tra m\u0101ksl\u0101 aizvad\u012btaj\u0101 sezon\u0101. Ceremonija, kas notika 23. novembr\u012b, ir viens no gaid\u012bt\u0101kajiem notikumiem Latvijas kult\u016bras dz\u012bv\u0113, pulc\u0113jot te\u0101tra profesion\u0101\u013cus un m\u012b\u013cot\u0101jus.<\/p>\n<p>Gada aktieru triumfs<\/p>\n<p>Maija Doveika sa\u0146\u0113musi gada aktrises balvu par izcilo Blan\u0161as lomu Tenesija Viljamsa lugas &#8220;Ilgu tramvajs&#8221; iestud\u0113jum\u0101 Latvijas Nacion\u0101laj\u0101 te\u0101tr\u012b. Artis Jan\u010devskis savuk\u0101rt nov\u0113rt\u0113ts par Hansa Kastorpa atveidojumu Valmieras te\u0101tra izr\u0101d\u0113 &#8220;Burvju kalns&#8221;. \u0160\u012bs balvas apliecina abu aktieru talantu un ilggad\u0113jo darbu skatuves m\u0101ksl\u0101.<\/p>\n<p>Noz\u012bm\u012bg\u0101k\u0101s balvas un nomin\u0101cijas<\/p>\n<p>\u201cSp\u0113lma\u0146u nakts\u201d balvu pasnieg\u0161anas ceremonija, kas \u0161ogad norisin\u0101j\u0101s jau 32. reizi, godin\u0101ja Latvijas te\u0101tra 2023.\/2024. gada sezonas lab\u0101kos sniegumus. Ceremonija ir kulmin\u0101cija r\u016bp\u012bgam ekspertu un \u017e\u016brijas darbam, kas visas sezonas garum\u0101 izv\u0113rt\u0113jis jauniestud\u0113jumus. Balvas tika pasniegtas vair\u0101k\u0101s kategorij\u0101s, atz\u012bstot gan galvenos aktierdarbus, gan noz\u012bm\u012bgus sasniegumus cit\u0101s rado\u0161aj\u0101s jom\u0101s. Par gada liel\u0101s formas izr\u0101di atz\u012bta Dailes te\u0101tra izr\u0101de &#8220;Dzen savu arklu p\u0101r miru\u0161o kauliem&#8221;, bet par gada maz\u0101s formas izr\u0101di \u2013 &#8220;Alfas&#8221; no Dirty Deal Teatro. Gada re\u017eisora titulu sa\u0146\u0113mis Valters S\u012blis par izr\u0101di &#8220;Alfas&#8221;.<\/p>\n<p>Balvas par m\u016b\u017ea ieguld\u012bjumu un citas atzin\u012bbas<\/p>\n<p>\u0160ogad balvas par m\u016b\u017ea ieguld\u012bjumu skatuves m\u0101ksl\u0101 tika pasniegtas Liep\u0101jas te\u0101tra aktrisei Ainai Karelei un Mihaila \u010cehova R\u012bgas Krievu te\u0101tra aktierim Jakovam Rafaelsonam. \u0160ie apbalvojumi ir apliecin\u0101jums vi\u0146u ilgajai un noz\u012bm\u012bgajai karjerai te\u0101tra vid\u0113. T\u0101pat tika pasniegtas balvas par gada aktrisi otraj\u0101 pl\u0101na lom\u0101, ko ieguvusi Jana \u013bisova par Stellas atveidojumu izr\u0101d\u0113 &#8220;Ilgu tramvajs&#8221; Latvijas Nacion\u0101laj\u0101 te\u0101tr\u012b, un par gada aktieri otraj\u0101 pl\u0101n\u0101 \u2013 Ritvars Logins par Toma Vingf\u012blda lomu izr\u0101d\u0113 &#8220;Stikla zv\u0113rn\u012bca&#8221; Jaunaj\u0101 R\u012bgas te\u0101tr\u012b.<\/p>\n<p>Trad\u012bcija un inov\u0101cija<\/p>\n<p>\u201cSp\u0113lma\u0146u nakts\u201d balvu pasnieg\u0161anas ceremonija ir noz\u012bm\u012bgs notikums Latvijas te\u0101tra dz\u012bv\u0113, kas stiprina te\u0101tra kopienu un populariz\u0113 jaunus talantus. Ceremonija turpina trad\u012bciju godin\u0101t Eduarda Smi\u013c\u0123a piemi\u0146u, kura 139. dzim\u0161anas diena tiek atz\u012bm\u0113ta \u0161aj\u0101 dien\u0101. T\u0101pat k\u0101 Smi\u013c\u0123is savulaik drosm\u012bgi eksperiment\u0113ja un att\u012bst\u012bja te\u0101tra valodu, ar\u012b m\u016bsdienu m\u0101kslinieki turpina mekl\u0113t jaunus izpausmes veidus, radot darbus, kas atspogu\u013co m\u016bsdienu sabiedr\u012bbas aktualit\u0101tes un izaicin\u0101jumus. Ceremonija stiprina te\u0101tra kopienu un ir platforma jaun\u0101m idej\u0101m un inov\u0101cij\u0101m.<\/p>\n","protected":false},"excerpt":{"rendered":"Dailes te\u0101tr\u012b, atz\u012bm\u0113jot skatuves m\u0101kslas reformatora Eduarda Smi\u013c\u0123a 139. dzim\u0161anas dienu, norisin\u0101j\u0101s ikgad\u0113j\u0101 te\u0101tra balvu \u201cSp\u0113lma\u0146u nakts\u201d ceremonija,&hellip;\n","protected":false},"author":2,"featured_media":92544,"comment_status":"","ping_status":"","sticky":false,"template":"","format":"standard","meta":{"footnotes":""},"categories":[19],"tags":[15564,16472,89,90,35,39,38,36,37,34,40,6568,6020,1176],"class_list":{"0":"post-93831","1":"post","2":"type-post","3":"status-publish","4":"format-standard","5":"has-post-thumbnail","7":"category-izklaide","8":"tag-artis-jancevskis","9":"tag-balvas","10":"tag-entertainment","11":"tag-izklaide","12":"tag-latvia","13":"tag-latvian","14":"tag-latviesu","15":"tag-latviesu-valoda","16":"tag-latviesuvaloda","17":"tag-latvija","18":"tag-lv","19":"tag-maija-doveika","20":"tag-spelmanu-nakts","21":"tag-teatris"},"share_on_mastodon":{"url":"https:\/\/pubeurope.com\/@lv\/115834407014120217","error":""},"_links":{"self":[{"href":"https:\/\/www.europesays.com\/lv\/wp-json\/wp\/v2\/posts\/93831","targetHints":{"allow":["GET"]}}],"collection":[{"href":"https:\/\/www.europesays.com\/lv\/wp-json\/wp\/v2\/posts"}],"about":[{"href":"https:\/\/www.europesays.com\/lv\/wp-json\/wp\/v2\/types\/post"}],"author":[{"embeddable":true,"href":"https:\/\/www.europesays.com\/lv\/wp-json\/wp\/v2\/users\/2"}],"replies":[{"embeddable":true,"href":"https:\/\/www.europesays.com\/lv\/wp-json\/wp\/v2\/comments?post=93831"}],"version-history":[{"count":0,"href":"https:\/\/www.europesays.com\/lv\/wp-json\/wp\/v2\/posts\/93831\/revisions"}],"wp:featuredmedia":[{"embeddable":true,"href":"https:\/\/www.europesays.com\/lv\/wp-json\/wp\/v2\/media\/92544"}],"wp:attachment":[{"href":"https:\/\/www.europesays.com\/lv\/wp-json\/wp\/v2\/media?parent=93831"}],"wp:term":[{"taxonomy":"category","embeddable":true,"href":"https:\/\/www.europesays.com\/lv\/wp-json\/wp\/v2\/categories?post=93831"},{"taxonomy":"post_tag","embeddable":true,"href":"https:\/\/www.europesays.com\/lv\/wp-json\/wp\/v2\/tags?post=93831"}],"curies":[{"name":"wp","href":"https:\/\/api.w.org\/{rel}","templated":true}]}}