{"id":93842,"date":"2026-01-04T02:56:19","date_gmt":"2026-01-04T02:56:19","guid":{"rendered":"https:\/\/www.europesays.com\/lv\/93842\/"},"modified":"2026-01-04T02:56:19","modified_gmt":"2026-01-04T02:56:19","slug":"ukrainas-speki-veic-plasu-triecienu-krievijas-dronu-bazei-donecka-lente-lv","status":"publish","type":"post","link":"https:\/\/www.europesays.com\/lv\/93842\/","title":{"rendered":"Ukrainas sp\u0113ki veic pla\u0161u triecienu Krievijas dronu b\u0101zei Doneck\u0101\u00a0\u2014\u00a0Lente.lv"},"content":{"rendered":"<p>Ukrainas Bezpilota sist\u0113mu sp\u0113ki uzbrukuma centr\u0101<\/p>\n<p>Ukrainas Bezpilota sist\u0113mu sp\u0113ki veiku\u0161i pla\u0161us un koordin\u0113tus uzbrukumus Krievijas dronu palai\u0161anas b\u0101zei Doneck\u0101, zi\u0146o medijs &#8220;Espreso&#8221;, atsaucoties uz Ukrainas Bezpilota sist\u0113mu sp\u0113ku komandiera Roberta (Madjara) Brovdi ierakstu soci\u0101laj\u0101 t\u012bkl\u0101 &#8220;Facebook&#8221;. K\u0101 inform\u0113 port\u0101ls jauns.lv, \u0161is uzbrukums ir da\u013ca no pla\u0161\u0101kas Ukrainas milit\u0101r\u0101s strat\u0113\u0123ijas, kas v\u0113rsta uz Krievijas milit\u0101r\u0101s infrastrukt\u016bras v\u0101jin\u0101\u0161anu un Ukrainas aizsardz\u012bbas sp\u0113ju stiprin\u0101\u0161anu.<\/p>\n<p>Prec\u012bzi triecieni vair\u0101kiem m\u0113r\u0137iem<\/p>\n<p>Uzbrukuma m\u0113r\u0137i biju\u0161i vair\u0101ki Krievijas milit\u0101ro oper\u0101ciju un lo\u0123istikas objekti. Saska\u0146\u0101 ar Ukrainas aizsardz\u012bbas avotu sniegto inform\u0101ciju, Ukrainas sp\u0113ki veiksm\u012bgi tr\u0101p\u012bju\u0161i \u0161\u0101diem objektiem: lo\u0123istikas centram, kas saist\u012bts ar &#8220;Geran&#8221;https:\/\/lente.lv\/&#8221;Shahed&#8221; bezpilota lidapar\u0101tiem; sagatavo\u0161anas un apkopes punktiem pirms lidojuma, kur tiek veikta min\u0113to dronu sagatavo\u0161ana un tehnisk\u0101 apkope; centr\u0101lajai kaujas galvi\u0146u glab\u0101tuvei; &#8220;Gerbera&#8221; bezpilota lidapar\u0101tu uzkr\u0101jumu noliktavai; un person\u0101la izvieto\u0161anas vietai. \u0160ie prec\u012bzie triecieni demonstr\u0113 Ukrainas sp\u0113ku sp\u0113ju veikt m\u0113r\u0137tiec\u012bgas oper\u0101cijas pret Krievijas milit\u0101rajiem objektiem.<\/p>\n<p>Dronu kara att\u012bst\u012bba un noz\u012bme<\/p>\n<p>\u0160is incidents notiek laik\u0101, kad bezpilota lidapar\u0101tu izmanto\u0161ana ir k\u013cuvusi par noz\u012bm\u012bgu kara Ukrain\u0101 taktikas elementu. Krievija akt\u012bvi izmanto da\u017e\u0101da veida dronus, tostarp kamikadzes dronus &#8220;Shahed&#8221; un &#8220;Geran&#8221;, ko t\u0101 ra\u017eo p\u0113c Ir\u0101nas tehnolo\u0123ij\u0101m. \u0160ie droni tiek izmantoti masveida uzbrukumos, lai izsmeltu Ukrainas pretgaisa aizsardz\u012bbas resursus. Savuk\u0101rt Ukraina att\u012bsta savas bezpilota sist\u0113mas un tehnolo\u0123ijas, lai pretotos Krievijas agresijai. Ukrainas Bezpilota sist\u0113mu sp\u0113ki, kas izveidoti 2024. gad\u0101, ir k\u013cuvu\u0161i par svar\u012bgu Ukrainas bru\u0146oto sp\u0113ku sast\u0101vda\u013cu. To komandieris Roberts Brovdi &#8220;Madjars&#8221; nor\u0101d\u012bjis, ka dronu tehnolo\u0123ijas ir b\u016btisks faktors pan\u0101kumos kaujas lauk\u0101, \u013caujot nodar\u012bt zaud\u0113jumus pretiniekam pat 1000-2000 kilometru att\u0101lum\u0101 aiz frontes l\u012bnij\u0101m.<\/p>\n<p>Pla\u0161\u0101ks konflikta konteksts<\/p>\n<p>Notiku\u0161ais uzbrukums Doneckas dronu b\u0101zei ir da\u013ca no ilgsto\u0161\u0101 konflikta starp Ukrainu un Krieviju, kas turpin\u0101s kop\u0161 2022. gada. Krievijas agres\u012bv\u0101 politika, ko raksturo nep\u0101rtraukti uzbrukumi Ukrainas infrastrukt\u016brai un civiliedz\u012bvot\u0101jiem, ir mudin\u0101jusi Ukrainu pastiprin\u0101t savu aizsardz\u012bbu un veikt atbildes triecienus pret Krievijas milit\u0101rajiem objektiem. Situ\u0101cija Doneckas apgabal\u0101 joproj\u0101m ir saspringta, un milit\u0101r\u0101s aktivit\u0101tes turpin\u0101s. Starptautisk\u0101 sabiedr\u012bba turpina sekot l\u012bdzi att\u012bst\u012bbai un politisk\u0101s un milit\u0101r\u0101s reakcijas gaid\u0101mas da\u017e\u0101dos l\u012bme\u0146os.<\/p>\n","protected":false},"excerpt":{"rendered":"Ukrainas Bezpilota sist\u0113mu sp\u0113ki uzbrukuma centr\u0101 Ukrainas Bezpilota sist\u0113mu sp\u0113ki veiku\u0161i pla\u0161us un koordin\u0113tus uzbrukumus Krievijas dronu palai\u0161anas&hellip;\n","protected":false},"author":2,"featured_media":93843,"comment_status":"","ping_status":"","sticky":false,"template":"","format":"standard","meta":{"footnotes":""},"categories":[14],"tags":[23,57,23474,28,29,478,12668,32,33,22,23473,30,31,35,39,38,36,37,34,40,20,26,27,24,25,23472,54,55,56,21,58],"class_list":{"0":"post-93842","1":"post","2":"type-post","3":"status-publish","4":"format-standard","5":"has-post-thumbnail","7":"category-zinas-no-arvalstim","8":"tag-aktualitates","9":"tag-arvalstim","10":"tag-bezpilota-sistemu-speki","11":"tag-breaking-news","12":"tag-breakingnews","13":"tag-donecka","14":"tag-dronu-uzbrukums","15":"tag-featured-news","16":"tag-featurednews","17":"tag-headlines","18":"tag-krievijas-dronu-baze","19":"tag-latest-news","20":"tag-latestnews","21":"tag-latvia","22":"tag-latvian","23":"tag-latviesu","24":"tag-latviesu-valoda","25":"tag-latviesuvaloda","26":"tag-latvija","27":"tag-lv","28":"tag-news","29":"tag-popularakas-zinas","30":"tag-popularakaszinas","31":"tag-top-stories","32":"tag-topstories","33":"tag-ukrainas-brunotie-speki","34":"tag-world","35":"tag-world-news","36":"tag-worldnews","37":"tag-zinas","38":"tag-zinas-no-arvalstim"},"share_on_mastodon":{"url":"https:\/\/pubeurope.com\/@lv\/115834583927980428","error":""},"_links":{"self":[{"href":"https:\/\/www.europesays.com\/lv\/wp-json\/wp\/v2\/posts\/93842","targetHints":{"allow":["GET"]}}],"collection":[{"href":"https:\/\/www.europesays.com\/lv\/wp-json\/wp\/v2\/posts"}],"about":[{"href":"https:\/\/www.europesays.com\/lv\/wp-json\/wp\/v2\/types\/post"}],"author":[{"embeddable":true,"href":"https:\/\/www.europesays.com\/lv\/wp-json\/wp\/v2\/users\/2"}],"replies":[{"embeddable":true,"href":"https:\/\/www.europesays.com\/lv\/wp-json\/wp\/v2\/comments?post=93842"}],"version-history":[{"count":0,"href":"https:\/\/www.europesays.com\/lv\/wp-json\/wp\/v2\/posts\/93842\/revisions"}],"wp:featuredmedia":[{"embeddable":true,"href":"https:\/\/www.europesays.com\/lv\/wp-json\/wp\/v2\/media\/93843"}],"wp:attachment":[{"href":"https:\/\/www.europesays.com\/lv\/wp-json\/wp\/v2\/media?parent=93842"}],"wp:term":[{"taxonomy":"category","embeddable":true,"href":"https:\/\/www.europesays.com\/lv\/wp-json\/wp\/v2\/categories?post=93842"},{"taxonomy":"post_tag","embeddable":true,"href":"https:\/\/www.europesays.com\/lv\/wp-json\/wp\/v2\/tags?post=93842"}],"curies":[{"name":"wp","href":"https:\/\/api.w.org\/{rel}","templated":true}]}}