{"id":93847,"date":"2026-01-04T03:05:14","date_gmt":"2026-01-04T03:05:14","guid":{"rendered":"https:\/\/www.europesays.com\/lv\/93847\/"},"modified":"2026-01-04T03:05:14","modified_gmt":"2026-01-04T03:05:14","slug":"serfosana-gimenes-saknes-un-desmitkartigs-demences-risks-lente-lv-2","status":"publish","type":"post","link":"https:\/\/www.europesays.com\/lv\/93847\/","title":{"rendered":"S\u0113rfo\u0161ana, \u0123imenes saknes un desmitk\u0101rt\u012bgs demences risks\u00a0\u2014\u00a0Lente.lv"},"content":{"rendered":"<p>Kriss Hemsvorts \u2013 vair\u0101k nek\u0101 tikai \u00abTors\u00bb<\/p>\n<p>Austr\u0101lij\u0101 dzimu\u0161ais aktieris Kriss Hemsvorts jau vair\u0101k nek\u0101 desmit gadus ir viens no atpaz\u012bstam\u0101kajiem Holivudas talantiem, ta\u010du aiz spo\u017e\u0101s un nesatricin\u0101m\u0101s \u0101rienes sl\u0113pjas kas daudz dzi\u013c\u0101ks. K\u0101 inform\u0113 port\u0101ls jauns.lv, aktieris, kur\u0161 vislab\u0101k zin\u0101ms k\u0101 varenais dievs Tors no \u00abMarvel\u00bb filmu fran\u0161\u012bzes, ir sask\u0101ries ar negaid\u012btu atkl\u0101jumu par savu vesel\u012bbu, kas vi\u0146am liek kardin\u0101li main\u012bt dz\u012bvesveidu.<\/p>\n<p>42 gadus vecais Hemsvorts savu lielo izr\u0101vienu karjer\u0101 piedz\u012bvoja ar lomu pirmaj\u0101 \u00abTora\u00bb film\u0101 2011. gad\u0101, kas pav\u0113ra ce\u013cu uz cit\u0101m noz\u012bm\u012bg\u0101m lom\u0101m, tostarp dal\u012bbu \u00abAtrieb\u0113ju\u00bb film\u0101s un zin\u0101tnisk\u0101s fantastikas kom\u0113dij\u0101 \u00abV\u012bri meln\u0101: glob\u0101lie draudi\u00bb. Vi\u0146a karjer\u0101 iek\u013caujas ar\u012b t\u0101das filmas k\u0101 \u00abZvaig\u017e\u0146u ce\u013c\u0161\u00bb (2009), \u00abSniegbalt\u012bte un mednieks\u00bb (2012) un asa si\u017eeta trilleris \u00abEkstrakcija\u00bb (2020), kas kop\u0101 ar turpin\u0101jumu k\u013cuva par vienu no popul\u0101r\u0101kaj\u0101m film\u0101m straum\u0113\u0161anas platform\u0101 Netflix.<\/p>\n<p>S\u0113rfo\u0161anas sap\u0146i un gandr\u012bz zaud\u0113t\u0101 loma<\/p>\n<p>Lai gan Hemsvorta v\u0101rds m\u016bsdien\u0101s asoci\u0113jas ar supervaro\u0146u lom\u0101m, vi\u0146a pirm\u0101 m\u012blest\u012bba bija s\u0113rfo\u0161ana. Aktieris savulaik bija gandr\u012bz zaud\u0113jis savu karjeras svar\u012bg\u0101ko lomu \u2013 Tora atveidojumu \u2013 savam br\u0101lim. Detaliz\u0113ta inform\u0101cija par to, kur\u0161 br\u0101lis gandr\u012bz ieguva lomu, nav pla\u0161i pieejama, ta\u010du zin\u0101ms, ka Krisam ir divi br\u0101\u013ci, kuri ar\u012b ir aktieri \u2013 L\u016bks un Liams Hemsvorti. Tas liecina par sp\u0113c\u012bgu \u0123imenes talantu un iesp\u0113jamu iek\u0161\u0113ju konkurenci.<\/p>\n<p>Nejauk\u0101 paties\u012bba par demences risku<\/p>\n<p>Visliel\u0101ko izbr\u012bnu un ba\u017eas Hemsvorta dz\u012bv\u0113 rad\u012bjis vi\u0146a \u0123en\u0113tiskais tests, ko vi\u0146\u0161 veica dokument\u0101l\u0101 seri\u0101la \u00abLimitless\u00bb (\u00abBez robe\u017e\u0101m\u00bb) ietvaros. Izr\u0101d\u012bj\u0101s, ka vi\u0146am ir asto\u0146as l\u012bdz desmit reizes liel\u0101ks risks saslimt ar demenci nek\u0101 vidusm\u0113ra cilv\u0113kam. Tas saist\u012bts ar divu APOE4 g\u0113na kopiju esam\u012bbu, no kur\u0101m vienu vi\u0146\u0161 mantoja no m\u0101tes un otru no t\u0113va.<\/p>\n<p>\u0160is atkl\u0101jums aktieri s\u0101kotn\u0113ji nom\u0101ca un bied\u0113ja, ta\u010du ar laiku vi\u0146\u0161 pie\u0146\u0113mis \u0161o inform\u0101ciju un savai vesel\u012bbai piev\u0113rsies daudz nopietn\u0101k. Hemsvorts paudis, ka vi\u0146a liel\u0101k\u0101s bailes ir aizmirst savu dz\u012bvi, savu \u0123imeni. Lai mazin\u0101tu riskus, vi\u0146\u0161 pastiprin\u0101ti piev\u0113rsies vesel\u012bgam dz\u012bvesveidam: regul\u0101ri sporto, samazin\u0101jis alkohola pat\u0113ri\u0146u, r\u016bp\u012bgi seko miega kvalit\u0101tei un vair\u0101k atp\u016b\u0161as.<\/p>\n<p>Person\u012bgais ce\u013cojums un \u0123imenes saknes<\/p>\n<p>Hemsvorta jaun\u0101kais darbs \u2013 dokument\u0101l\u0101 filma \u00abKriss Hemsvorts. Neaizmirstamais ce\u013cojums\u00bb \u2013 turpina vi\u0146a iepriek\u0161\u0113jo projektu t\u0113mu par vesel\u012bbu un ilgm\u016b\u017e\u012bbu, ta\u010du \u0161oreiz tas ir daudz personisk\u0101ks ce\u013cojums. Film\u0101 vi\u0146\u0161 p\u0113ta cilv\u0113kus, vietas un atmi\u0146as, kas veidoju\u0161as vi\u0146a t\u0113vu Kreigu, kuram nesen diagnostic\u0113ta Alcheimera slim\u012bba. \u0160is projekts atspogu\u013co Hemsvorta dzi\u013co interesi par \u0123imenes v\u0113sturi un vi\u0146a v\u0113lmi izprast slim\u012bbas, kas skar vi\u0146a tuviniekus.<\/p>\n<p>Kriss Hemsvorts apprec\u0113j\u0101s ar sp\u0101\u0146u modeli un aktrisi Elzu Patakiju 2010. gad\u0101. Vi\u0146iem ir tr\u012bs b\u0113rni: meita Indija Roze un dv\u012b\u0146u d\u0113li Tristans un Sa\u0161a. \u0122imene savulaik p\u0101rc\u0113l\u0101s no Losand\u017eelosas atpaka\u013c uz Austr\u0101liju, jo aktieris saprata, ka vi\u0146am nav nepiecie\u0161ams atrasties ASV, lai veiksm\u012bgi turpin\u0101tu savu filmu darbu.<\/p>\n","protected":false},"excerpt":{"rendered":"Kriss Hemsvorts \u2013 vair\u0101k nek\u0101 tikai \u00abTors\u00bb Austr\u0101lij\u0101 dzimu\u0161ais aktieris Kriss Hemsvorts jau vair\u0101k nek\u0101 desmit gadus ir&hellip;\n","protected":false},"author":2,"featured_media":93848,"comment_status":"","ping_status":"","sticky":false,"template":"","format":"standard","meta":{"footnotes":""},"categories":[19],"tags":[1267,22452,89,1105,90,16208,35,39,38,36,37,34,40,14200],"class_list":{"0":"post-93847","1":"post","2":"type-post","3":"status-publish","4":"format-standard","5":"has-post-thumbnail","7":"category-izklaide","8":"tag-aktieris","9":"tag-demence","10":"tag-entertainment","11":"tag-holivuda","12":"tag-izklaide","13":"tag-kriss-hemsvorts","14":"tag-latvia","15":"tag-latvian","16":"tag-latviesu","17":"tag-latviesu-valoda","18":"tag-latviesuvaloda","19":"tag-latvija","20":"tag-lv","21":"tag-tors"},"share_on_mastodon":{"url":"https:\/\/pubeurope.com\/@lv\/115834619330044927","error":""},"_links":{"self":[{"href":"https:\/\/www.europesays.com\/lv\/wp-json\/wp\/v2\/posts\/93847","targetHints":{"allow":["GET"]}}],"collection":[{"href":"https:\/\/www.europesays.com\/lv\/wp-json\/wp\/v2\/posts"}],"about":[{"href":"https:\/\/www.europesays.com\/lv\/wp-json\/wp\/v2\/types\/post"}],"author":[{"embeddable":true,"href":"https:\/\/www.europesays.com\/lv\/wp-json\/wp\/v2\/users\/2"}],"replies":[{"embeddable":true,"href":"https:\/\/www.europesays.com\/lv\/wp-json\/wp\/v2\/comments?post=93847"}],"version-history":[{"count":0,"href":"https:\/\/www.europesays.com\/lv\/wp-json\/wp\/v2\/posts\/93847\/revisions"}],"wp:featuredmedia":[{"embeddable":true,"href":"https:\/\/www.europesays.com\/lv\/wp-json\/wp\/v2\/media\/93848"}],"wp:attachment":[{"href":"https:\/\/www.europesays.com\/lv\/wp-json\/wp\/v2\/media?parent=93847"}],"wp:term":[{"taxonomy":"category","embeddable":true,"href":"https:\/\/www.europesays.com\/lv\/wp-json\/wp\/v2\/categories?post=93847"},{"taxonomy":"post_tag","embeddable":true,"href":"https:\/\/www.europesays.com\/lv\/wp-json\/wp\/v2\/tags?post=93847"}],"curies":[{"name":"wp","href":"https:\/\/api.w.org\/{rel}","templated":true}]}}