{"id":93849,"date":"2026-01-04T03:11:07","date_gmt":"2026-01-04T03:11:07","guid":{"rendered":"https:\/\/www.europesays.com\/lv\/93849\/"},"modified":"2026-01-04T03:11:07","modified_gmt":"2026-01-04T03:11:07","slug":"lacplesa-diena-riga-izskan-patriotiskais-deju-lieluzvedums-indulis-un-arija-dzirnam-40-lente-lv-2","status":"publish","type":"post","link":"https:\/\/www.europesays.com\/lv\/93849\/","title":{"rendered":"L\u0101\u010dpl\u0113\u0161a dien\u0101 R\u012bg\u0101 izskan patriotiskais deju lieluzvedums &#8220;Indulis un \u0100rija. Dzirn\u0101m 40&#8221;\u00a0\u2014\u00a0Lente.lv"},"content":{"rendered":"<p>Lieluzvedums vieno paaudzes un svin jubilejas<\/p>\n<p>L\u0101\u010dpl\u0113\u0161a dien\u0101, 11. novembr\u012b, R\u012bgas &#8220;Xiaomi Ar\u0113n\u0101&#8221; notika grandiozs patriotiskais deju lieluzvedums &#8220;Indulis un \u0100rija. Dzirn\u0101m 40&#8221;, kas pulc\u0113ja pilnu ar\u0113nu skat\u012bt\u0101ju. K\u0101 zi\u0146o Latvijas Av\u012bze, izr\u0101des beig\u0101s publika ar st\u0101vov\u0101cij\u0101m izteica pateic\u012bbu deju skolas &#8220;Dzirnas&#8221; dejot\u0101jiem, vad\u012bt\u0101jiem un m\u0101kslinieciskajai komandai par sag\u0101d\u0101to iespaid\u012bgo notikumu. \u0160is pas\u0101kums tika velt\u012bts div\u0101m noz\u012bm\u012bg\u0101m jubilej\u0101m \u2013 dzejnieka Rai\u0146a 160. gadadienai un deju skolas &#8220;Dzirnas&#8221; 40. past\u0101v\u0113\u0161anas gadadienai..<\/p>\n<p>Uzvedums, kas tapis p\u0113c Rai\u0146a romantisk\u0101s tra\u0123\u0113dijas &#8220;Indulis un \u0100rija&#8221; mot\u012bviem, ir re\u017eisora Intara Re\u0161etina-P\u0113tersona, komponista Valtera P\u016bces un horeogr\u0101fa Agra Da\u0146i\u013cevi\u010da kopdarbs, kur\u0101 piedal\u012bju\u0161ies &#8220;Dzirnu&#8221; pedagogi un vec\u0101ko grupu dejot\u0101ji..<\/p>\n<p>M\u016bzika, deja un tehnolo\u0123ijas vienot\u0101 st\u0101st\u0101<\/p>\n<p>Ori\u0123in\u0101lm\u016bziku uzvedumam rad\u012bjis Valters P\u016bce, un to dz\u012bvaj\u0101 izpild\u012bjum\u0101 sniedza kameror\u0137estris &#8220;Sinfonietta R\u012bga&#8221; un jaunie\u0161u koris &#8220;Balsis&#8221;.. Lieluzveduma rado\u0161\u0101 komanda ir rad\u012bjusi daudzsl\u0101\u0146ainu m\u0101kslas pieredzi, apvienojot deju, dz\u012bvo m\u016bziku, Rai\u0146a lugas t\u0113lus un video m\u0101kslu, papildinot to ar iespaid\u012bgu ar\u0113nas m\u0113roga gaismu partit\u016bru..<\/p>\n<p>Paaud\u017eu sadarb\u012bba un patriotiskais v\u0113st\u012bjums<\/p>\n<p>\u012apa\u0161u \u0161armu un unikalit\u0101ti pas\u0101kumam pie\u0161\u0137\u012bra visu paaud\u017eu dejot\u0101ju \u2013 gan eso\u0161o, gan biju\u0161o &#8220;Dzirnu&#8221; audz\u0113k\u0146u, vi\u0146u vec\u0101ku un deju draugu \u2013 kop\u012bg\u0101 uzst\u0101\u0161an\u0101s.. K\u0101 atz\u012bm\u0113jis horeogr\u0101fs Agris Da\u0146i\u013cevi\u010ds, viena no skaist\u0101kaj\u0101m \u0161\u012b uzveduma iez\u012bm\u0113m ir da\u017e\u0101du &#8220;Dzirnu&#8221; paaud\u017eu satik\u0161an\u0101s uz skatuves, kur vien\u0101 p\u0101ri dejo dejot\u0101ji ar vair\u0101k nek\u0101 20 gadu vecuma starp\u012bbu.. Uzvedums kalpo k\u0101 patriotisks st\u0101sts par Latviju, tautas likteni, sakn\u0113m un vienot\u012bbu, pau\u017eot v\u0113st\u012bjumu par n\u0101ciju, sen\u010diem un cilv\u0113km\u012blest\u012bbu, kas ir \u012bpa\u0161i aktu\u0101ls m\u016bsdienu \u0123eopolitiskaj\u0101 situ\u0101cij\u0101..<\/p>\n<p>Vair\u0101k nek\u0101 600 dal\u012bbnieku<\/p>\n<p>Kopum\u0101 lieluzvedum\u0101 piedal\u012bj\u0101s vair\u0101k nek\u0101 600 dejot\u0101ju.. Papildus &#8220;Dzirnu&#8221; dejot\u0101jiem, uz skatuves k\u0101pa ar\u012b pieaicin\u0101tie deju kolekt\u012bvi \u2013 TDA &#8220;Lielupe&#8221; un TDA &#8220;Ogre&#8221;.. \u0160is v\u0113rien\u012bgais notikums bija iesp\u0113ja ne tikai piemin\u0113t varo\u0146us L\u0101\u010dpl\u0113\u0161a dien\u0101, bet ar\u012b izdz\u012bvot vienot\u012bbu m\u0101ksl\u0101 un stiprin\u0101t latvisk\u0101s pamatv\u0113rt\u012bbas..<\/p>\n<p>Deju skolai &#8220;Dzirnas&#8221; \u2013 40<\/p>\n<p>Deju skolas &#8220;Dzirnas&#8221; pirms\u0101kumi mekl\u0113jami 1985. gada 1. septembr\u012b Krimuldas vidusskol\u0101.. M\u016bsdien\u0101s &#8220;Dzirnas&#8221; ir akredit\u0113ta m\u0101c\u012bbu iest\u0101de R\u012bg\u0101, kur\u0101 jaunie\u0161i apg\u016bst da\u017e\u0101dus deju stilus, tostarp hip-hopu, d\u017eezu, m\u016bsdienu un modern\u0101s dejas, breika elementus, k\u0101 ar\u012b latvie\u0161u tautas dejas.. Skolas rado\u0161ais lidojums un tehnisk\u0101 meistar\u012bba bie\u017ei vien sniedzas \u0101rpus standarta repertu\u0101ra, tom\u0113r nemain\u012bgi tiek saglab\u0101ta m\u012blest\u012bba pret deju un latvisk\u0101s pamatv\u0113rt\u012bbas..<\/p>\n","protected":false},"excerpt":{"rendered":"Lieluzvedums vieno paaudzes un svin jubilejas L\u0101\u010dpl\u0113\u0161a dien\u0101, 11. novembr\u012b, R\u012bgas &#8220;Xiaomi Ar\u0113n\u0101&#8221; notika grandiozs patriotiskais deju lieluzvedums&hellip;\n","protected":false},"author":2,"featured_media":93850,"comment_status":"","ping_status":"","sticky":false,"template":"","format":"standard","meta":{"footnotes":""},"categories":[19],"tags":[5104,89,1377,90,11267,35,39,38,275,36,37,34,40,23476],"class_list":{"0":"post-93849","1":"post","2":"type-post","3":"status-publish","4":"format-standard","5":"has-post-thumbnail","7":"category-izklaide","8":"tag-dzirnas","9":"tag-entertainment","10":"tag-indulis-un-arija","11":"tag-izklaide","12":"tag-lacplesa-diena","13":"tag-latvia","14":"tag-latvian","15":"tag-latviesu","16":"tag-latviesu-deja","17":"tag-latviesu-valoda","18":"tag-latviesuvaloda","19":"tag-latvija","20":"tag-lv","21":"tag-raina-160-gadadiena"},"share_on_mastodon":{"url":"https:\/\/pubeurope.com\/@lv\/115834642966182120","error":""},"_links":{"self":[{"href":"https:\/\/www.europesays.com\/lv\/wp-json\/wp\/v2\/posts\/93849","targetHints":{"allow":["GET"]}}],"collection":[{"href":"https:\/\/www.europesays.com\/lv\/wp-json\/wp\/v2\/posts"}],"about":[{"href":"https:\/\/www.europesays.com\/lv\/wp-json\/wp\/v2\/types\/post"}],"author":[{"embeddable":true,"href":"https:\/\/www.europesays.com\/lv\/wp-json\/wp\/v2\/users\/2"}],"replies":[{"embeddable":true,"href":"https:\/\/www.europesays.com\/lv\/wp-json\/wp\/v2\/comments?post=93849"}],"version-history":[{"count":0,"href":"https:\/\/www.europesays.com\/lv\/wp-json\/wp\/v2\/posts\/93849\/revisions"}],"wp:featuredmedia":[{"embeddable":true,"href":"https:\/\/www.europesays.com\/lv\/wp-json\/wp\/v2\/media\/93850"}],"wp:attachment":[{"href":"https:\/\/www.europesays.com\/lv\/wp-json\/wp\/v2\/media?parent=93849"}],"wp:term":[{"taxonomy":"category","embeddable":true,"href":"https:\/\/www.europesays.com\/lv\/wp-json\/wp\/v2\/categories?post=93849"},{"taxonomy":"post_tag","embeddable":true,"href":"https:\/\/www.europesays.com\/lv\/wp-json\/wp\/v2\/tags?post=93849"}],"curies":[{"name":"wp","href":"https:\/\/api.w.org\/{rel}","templated":true}]}}