{"id":93854,"date":"2026-01-04T03:34:08","date_gmt":"2026-01-04T03:34:08","guid":{"rendered":"https:\/\/www.europesays.com\/lv\/93854\/"},"modified":"2026-01-04T03:34:08","modified_gmt":"2026-01-04T03:34:08","slug":"vieglakai-2026-gada-2-nedelai-receptes-vakarinam","status":"publish","type":"post","link":"https:\/\/www.europesays.com\/lv\/93854\/","title":{"rendered":"Viegl\u0101kai 2026. gada 2. ned\u0113\u013cai: receptes vakari\u0146\u0101m"},"content":{"rendered":"<p>T\u0101 k\u0101 sv\u0113tkos \u0113sts vis\u0101du labumu gana, pied\u0101v\u0101jam gadu s\u0101kt ar mazliet viegl\u0101k\u0101m malt\u012bt\u0113m, \u013caujot organismam atkopties un atg\u016bt sp\u0113kus.<\/p>\n<p>\u0112\u0161anas paradumi da\u017e\u0101d\u0101s \u0123imen\u0113s at\u0161\u0137iras, iemesli tam var b\u016bt da\u017e\u0101di \u2013 ieradumi, da\u017e\u0101das di\u0113tas, produktu nepanes\u012bba, vienk\u0101r\u0161i gar\u0161o-negar\u0161o.<\/p>\n<p>Aicin\u0101m, apskatot receptes, neaizmirst par rado\u0161umu \u2013 daudzi \u0113dieni ir vair\u0101k vai maz\u0101k piel\u0101gojami \u0123imenes vajadz\u012bb\u0101m un gaum\u0113m, t\u0101p\u0113c smelies idejas, un lai viegl\u0101ka ned\u0113\u013ca!<\/p>\n<p>Pamat\u0113dieni<\/p>\n<p>Zupas<\/p>\n<p>Sal\u0101ti<\/p>\n<p>K\u0101rajam zobam<\/p>\n","protected":false},"excerpt":{"rendered":"T\u0101 k\u0101 sv\u0113tkos \u0113sts vis\u0101du labumu gana, pied\u0101v\u0101jam gadu s\u0101kt ar mazliet viegl\u0101k\u0101m malt\u012bt\u0113m, \u013caujot organismam atkopties un&hellip;\n","protected":false},"author":2,"featured_media":93855,"comment_status":"","ping_status":"","sticky":false,"template":"","format":"standard","meta":{"footnotes":""},"categories":[5],"tags":[23,28,29,23477,32,33,22,30,31,35,39,38,36,37,34,40,20,26,27,24,25,21],"class_list":{"0":"post-93854","1":"post","2":"type-post","3":"status-publish","4":"format-standard","5":"has-post-thumbnail","7":"category-aktualitates","8":"tag-aktualitates","9":"tag-breaking-news","10":"tag-breakingnews","11":"tag-edienkarte-nedelai","12":"tag-featured-news","13":"tag-featurednews","14":"tag-headlines","15":"tag-latest-news","16":"tag-latestnews","17":"tag-latvia","18":"tag-latvian","19":"tag-latviesu","20":"tag-latviesu-valoda","21":"tag-latviesuvaloda","22":"tag-latvija","23":"tag-lv","24":"tag-news","25":"tag-popularakas-zinas","26":"tag-popularakaszinas","27":"tag-top-stories","28":"tag-topstories","29":"tag-zinas"},"share_on_mastodon":{"url":"https:\/\/pubeurope.com\/@lv\/115834733406500398","error":""},"_links":{"self":[{"href":"https:\/\/www.europesays.com\/lv\/wp-json\/wp\/v2\/posts\/93854","targetHints":{"allow":["GET"]}}],"collection":[{"href":"https:\/\/www.europesays.com\/lv\/wp-json\/wp\/v2\/posts"}],"about":[{"href":"https:\/\/www.europesays.com\/lv\/wp-json\/wp\/v2\/types\/post"}],"author":[{"embeddable":true,"href":"https:\/\/www.europesays.com\/lv\/wp-json\/wp\/v2\/users\/2"}],"replies":[{"embeddable":true,"href":"https:\/\/www.europesays.com\/lv\/wp-json\/wp\/v2\/comments?post=93854"}],"version-history":[{"count":0,"href":"https:\/\/www.europesays.com\/lv\/wp-json\/wp\/v2\/posts\/93854\/revisions"}],"wp:featuredmedia":[{"embeddable":true,"href":"https:\/\/www.europesays.com\/lv\/wp-json\/wp\/v2\/media\/93855"}],"wp:attachment":[{"href":"https:\/\/www.europesays.com\/lv\/wp-json\/wp\/v2\/media?parent=93854"}],"wp:term":[{"taxonomy":"category","embeddable":true,"href":"https:\/\/www.europesays.com\/lv\/wp-json\/wp\/v2\/categories?post=93854"},{"taxonomy":"post_tag","embeddable":true,"href":"https:\/\/www.europesays.com\/lv\/wp-json\/wp\/v2\/tags?post=93854"}],"curies":[{"name":"wp","href":"https:\/\/api.w.org\/{rel}","templated":true}]}}