{"id":93856,"date":"2026-01-04T03:40:09","date_gmt":"2026-01-04T03:40:09","guid":{"rendered":"https:\/\/www.europesays.com\/lv\/93856\/"},"modified":"2026-01-04T03:40:09","modified_gmt":"2026-01-04T03:40:09","slug":"gatavojieties-lietuvas-bijusais-arlietu-ministrs-landsbergis-bridinosi-izsakas-par-asv-operaciju-venecuela-jauns-lv","status":"publish","type":"post","link":"https:\/\/www.europesays.com\/lv\/93856\/","title":{"rendered":"\u201cGatavojieties\u2026\u201d Lietuvas biju\u0161ais \u0100rlietu ministrs Landsber\u0123is br\u012bdino\u0161i izsak\u0101s par ASV oper\u0101ciju Venecu\u0113l\u0101 &#8211; Jauns.lv"},"content":{"rendered":"<ol>\n<li><a href=\"https:\/\/news.google.com\/rss\/articles\/CBMi3gFBVV95cUxNczUyVk81T2h5a29wTTF6S05qX1dfd2FhTE9lT1lBOWc5cm5wMnZqSmF0ZkhHV0VBYTJuREJCdEVJUEJBNVpTaVNyR0Z4WV9sS09VOFpidWMxaTBHclRJMGZCcVhrNGtzVEtPRXpUajBrai1vdTlGMWJtVUZTRFh0cXppaW0wM3BmWFJMZXpYaFJPeUp4dm41VkdxRzVNc3V5MmYzSEtOUGZOUlNGcjhuX2UzTWxNTUN3Smx5a2YxQUswNlpKY3BMRi01MERTNkEzd2RBNWdwbTVhTUpGQ1E?oc=5\" target=\"_blank\" rel=\"nofollow noopener\">\u201cGatavojieties\u2026\u201d Lietuvas biju\u0161ais \u0100rlietu ministrs Landsber\u0123is br\u012bdino\u0161i izsak\u0101s par ASV oper\u0101ciju Venecu\u0113l\u0101<\/a>&nbsp;&nbsp;Jauns.lv<\/li>\n<li><a href=\"https:\/\/news.google.com\/rss\/articles\/CBMirgFBVV95cUxObUhqcDVORlZ0Vmt5cUlBcDR3dC14N3pXR0ozMHIwS2ZvZjdVV2s4TUk4MHV0d09RbkxNUFpjOU1aMFJ3TmdCQ29wMlVpTUJMZHpOY2dqdnl3YmpoaXdtczBPT1VaY1ozN0l2TFlnSUlEbHFCV3ZKT0tKcE0wTm0tM0pDajZEeS1oc2ZZN3R3U28xajZOWmFkb3ZKdFNRVXF0bmRwS01zbk9pNEx4alE?oc=5\" target=\"_blank\" rel=\"nofollow noopener\">&#8220;Vair\u0101k cietoksnis nek\u0101 m\u0101ja&#8221;: Tramps koment\u0113 Maduro aiztur\u0113\u0161anu<\/a>&nbsp;&nbsp;Delfi<\/li>\n<li><a href=\"https:\/\/news.google.com\/rss\/articles\/CBMiqAFBVV95cUxOVFQxYW1QREhKbGZWTXRHOUFuTTdjbDAzcHc5S2dtcS13ZkdOLTMybVlOWENkSmNLMTlNX2tFUFRHalJIU2RhZ1N0NnpBTHVVUjB5NklIYWQxRGdmak5OMXdFZ3liRUZsWEZ2N0k3RFFUN3FlNXVNV2pvc0pQSDVjS3FTM3NZNnl2VjY5WkxKc3VkbHdFQVZWMzdvc3FwTzB3Zzc0cWV5V3Q?oc=5\" target=\"_blank\" rel=\"nofollow noopener\">Zi\u0146as vieglaj\u0101 valod\u0101 3. janv\u0101r\u012b \/ Raksts<\/a>&nbsp;&nbsp;LSM<\/li>\n<li><a href=\"https:\/\/news.google.com\/rss\/articles\/CBMiggFBVV95cUxONHdPbW1NQTlQZnVVaTUzQWlDZ0psOGh4d0ZZUmhwQzNtWnJKOEdaa0NTNnU4Z1pVOUFGd3llelhJZUJIN25OSmZIS2tJMldrY2d6d2tZVjJLVzJheGctUGQ5ZWlGLUFEY09VUWxfMHBZQ2JqUnFrT3Z5aE4xdGM0WDdR?oc=5\" target=\"_blank\" rel=\"nofollow noopener\">Tramps atkl\u0101j, kur atrodas Maduro un vi\u0146a sieva<\/a>&nbsp;&nbsp;Apollo.lv<\/li>\n<li><a href=\"https:\/\/news.google.com\/rss\/articles\/CBMiugFBVV95cUxPRFlZT0lSMWN4dkFjYmhIUnI1Ym53cUdlY29OMVhKcC1vRS1EOXU5NU0yelRmNGJkRGNaRjVqTDlUU0s2cVN2aUhyU280Y05vdkRWdm53akdxZkRzaWtNREZFNmZieEt0N3lRQ3RUT0tfazgzSFFIVTRQUlZpTHJVVTlXVHd2a284b1Itb2ZJNTI5ZWc4RGl6RVhaQUxaUVFVM0pUNTMzeDE4TTVnM2NIMDVOaXh4bnBmNnc?oc=5\" target=\"_blank\" rel=\"nofollow noopener\">Nu ko \u2013 Putina \u013caunais murgs piepild\u0101s! Tramps pazi\u0146o, ka ASV p\u0101rvald\u012bs Venecu\u0113lu un t\u0101s naftas kr\u0101jumus<\/a>&nbsp;&nbsp;LA.LV<\/li>\n<\/ol>\n","protected":false},"excerpt":{"rendered":"\u201cGatavojieties\u2026\u201d Lietuvas biju\u0161ais \u0100rlietu ministrs Landsber\u0123is br\u012bdino\u0161i izsak\u0101s par ASV oper\u0101ciju Venecu\u0113l\u0101&nbsp;&nbsp;Jauns.lv &#8220;Vair\u0101k cietoksnis nek\u0101 m\u0101ja&#8221;: Tramps koment\u0113&hellip;\n","protected":false},"author":2,"featured_media":93857,"comment_status":"","ping_status":"","sticky":false,"template":"","format":"standard","meta":{"footnotes":""},"categories":[5],"tags":[23,28,29,32,33,22,30,31,35,39,38,36,37,34,40,20,26,27,24,25,21],"class_list":{"0":"post-93856","1":"post","2":"type-post","3":"status-publish","4":"format-standard","5":"has-post-thumbnail","7":"category-aktualitates","8":"tag-aktualitates","9":"tag-breaking-news","10":"tag-breakingnews","11":"tag-featured-news","12":"tag-featurednews","13":"tag-headlines","14":"tag-latest-news","15":"tag-latestnews","16":"tag-latvia","17":"tag-latvian","18":"tag-latviesu","19":"tag-latviesu-valoda","20":"tag-latviesuvaloda","21":"tag-latvija","22":"tag-lv","23":"tag-news","24":"tag-popularakas-zinas","25":"tag-popularakaszinas","26":"tag-top-stories","27":"tag-topstories","28":"tag-zinas"},"share_on_mastodon":{"url":"https:\/\/pubeurope.com\/@lv\/115834756986493549","error":""},"_links":{"self":[{"href":"https:\/\/www.europesays.com\/lv\/wp-json\/wp\/v2\/posts\/93856","targetHints":{"allow":["GET"]}}],"collection":[{"href":"https:\/\/www.europesays.com\/lv\/wp-json\/wp\/v2\/posts"}],"about":[{"href":"https:\/\/www.europesays.com\/lv\/wp-json\/wp\/v2\/types\/post"}],"author":[{"embeddable":true,"href":"https:\/\/www.europesays.com\/lv\/wp-json\/wp\/v2\/users\/2"}],"replies":[{"embeddable":true,"href":"https:\/\/www.europesays.com\/lv\/wp-json\/wp\/v2\/comments?post=93856"}],"version-history":[{"count":0,"href":"https:\/\/www.europesays.com\/lv\/wp-json\/wp\/v2\/posts\/93856\/revisions"}],"wp:featuredmedia":[{"embeddable":true,"href":"https:\/\/www.europesays.com\/lv\/wp-json\/wp\/v2\/media\/93857"}],"wp:attachment":[{"href":"https:\/\/www.europesays.com\/lv\/wp-json\/wp\/v2\/media?parent=93856"}],"wp:term":[{"taxonomy":"category","embeddable":true,"href":"https:\/\/www.europesays.com\/lv\/wp-json\/wp\/v2\/categories?post=93856"},{"taxonomy":"post_tag","embeddable":true,"href":"https:\/\/www.europesays.com\/lv\/wp-json\/wp\/v2\/tags?post=93856"}],"curies":[{"name":"wp","href":"https:\/\/api.w.org\/{rel}","templated":true}]}}