{"id":93860,"date":"2026-01-04T03:52:09","date_gmt":"2026-01-04T03:52:09","guid":{"rendered":"https:\/\/www.europesays.com\/lv\/93860\/"},"modified":"2026-01-04T03:52:09","modified_gmt":"2026-01-04T03:52:09","slug":"asv-apsudz-maduro-un-sievu-narkotiku-noziegumos","status":"publish","type":"post","link":"https:\/\/www.europesays.com\/lv\/93860\/","title":{"rendered":"ASV aps\u016bdz Maduro un sievu narkotiku noziegumos"},"content":{"rendered":"<p class=\"descr\">Venecu\u0113las prezidentam Nikolasam Maduro un vi\u0146a sievai ASV izvirz\u012btas ar narkotik\u0101m saist\u012btas aps\u016bdz\u012bbas un vi\u0146i &#8220;dr\u012bzum\u0101 piedz\u012bvos piln\u012bgu amerik\u0101\u0146u tieslietu sp\u0113ku uz amerik\u0101\u0146u zemes&#8221;, sestdien pazi\u0146oja ASV \u0123ener\u0101lprokurore Pema Bondi.<\/p>\n<blockquote><p>&#8220;<a href=\"https:\/\/nra.lv\/birka\/nikolass-maduro\/\" target=\"_blank\" rel=\"noopener nofollow\">Maduro<\/a> ir aps\u016bdz\u0113ts narkoterorisma sazv\u0113rest\u012bb\u0101, koka\u012bna ieve\u0161anas sazv\u0113rest\u012bb\u0101, autom\u0101tisko iero\u010du un izn\u012bcin\u0101\u0161anas ier\u012b\u010du glab\u0101\u0161an\u0101 un sazv\u0113rest\u012bb\u0101 ar m\u0113r\u0137i glab\u0101t autom\u0101tiskos iero\u010dus un izn\u012bcin\u0101\u0161anas ier\u012bces pret ASV,&#8221; platform\u0101 &#8220;X&#8221; sestdien rakst\u012bja Bondi, nor\u0101dot, ka aps\u016bdz\u012bbas izvirz\u012btas \u0145ujork\u0101.<\/p><\/blockquote>\n<p>ASV valsts sekret\u0101rs Marko Rubio vietn\u0113 X rakst\u012bja, ka &#8220;Maduro nav Venecu\u0113las prezidents un vi\u0146a re\u017e\u012bms nav likum\u012bg\u0101 vald\u012bba&#8221;.<\/p>\n<p>&#8220;Maduro ir karte\u013ca &#8220;Los Soles&#8221; &#8211; narkoteroristu organiz\u0101cijas &#8211; vad\u012bt\u0101js,&#8221; vi\u0146\u0161 rakst\u012bja.<\/p>\n<p>Maduro ir &#8220;aps\u016bdz\u0113ts par narkotiku ieve\u0161anu Savienotaj\u0101s Valst\u012bs,&#8221; pazi\u0146oja Rubio.<\/p>\n<p>ASV prezidents Donalds Tramps sestdien pazi\u0146oja, ka Maduro un vi\u0146a sieva ir &#8220;sag\u016bst\u012bti&#8221; p\u0113c tam, kad ASV veica gaisa triecienus vair\u0101kiem m\u0113r\u0137iem Venecu\u0113l\u0101.<\/p>\n<p>ASV bru\u0146otie sp\u0113ki pastiprin\u0101ti ir v\u0113rsu\u0161ies pret, iesp\u0113jams, narkotiku kontrabandas ku\u0123iem. Piektdien Venecu\u0113la pazi\u0146oja, ka t\u0101 ir gatava sarun\u0101m ar ASV par l\u012bgumu narkotiku kontrabandas apkaro\u0161anai.<\/p>\n<p>Maduro ceturtdien p\u0101rraid\u012bt\u0101 intervij\u0101 sac\u012bja, ka ASV v\u0113las piespiest Venecu\u0113lu main\u012bt vald\u012bbu un ieg\u016bt piek\u013cuvi t\u0101s milz\u012bgaj\u0101m naftas rezerv\u0113m, izmantojot m\u0113ne\u0161iem ilgo spiediena kampa\u0146u, kas s\u0101k\u0101s ar masveida milit\u0101ro sp\u0113ku izvieto\u0161anu Kar\u012bbu j\u016br\u0101 august\u0101.<\/p>\n<p><a href=\"https:\/\/nra.lv\/birka\/venacuela\/\" target=\"_blank\" rel=\"noopener nofollow\">Venecu\u0113las<\/a> viceprezidente Delsija Rodrigesa piepras\u012bja ASV nekav\u0113joties pier\u0101d\u012bt, ka aiztur\u0113tais valsts vad\u012bt\u0101js ir dz\u012bvs.<\/p>\n<p>&#8220;M\u0113s nezin\u0101m, kur ir prezidents Nikolass Maduro un pirm\u0101 l\u0113dija S\u012blija Floresa,&#8221; teica viceprezidente.<\/p>\n<p>Telev\u012bzijas uzrun\u0101 vi\u0146a ar\u012b pazi\u0146oja, ka ASV triecienos ir nogalin\u0101ti gan Venecu\u0113las karav\u012bri, gan civiliedz\u012bvot\u0101ji.<\/p>\n<p>\t\t\t\t\t\tinfo<\/p>\n<p>Uzzini pirmais<br \/>kas interesants noticis Latvij\u0101 un pasaul\u0113,<br \/>pievienojoties mums <a href=\"https:\/\/t.me\/neatkariga\" rel=\"nofollow\">Telegram<\/a> vai <a href=\"https:\/\/whatsapp.com\/channel\/0029VaMLFUH5K3zLU5s4wm3y\" rel=\"nofollow noopener\" target=\"_blank\">Whatsapp<\/a> kan\u0101l\u0101<\/p>\n","protected":false},"excerpt":{"rendered":"Venecu\u0113las prezidentam Nikolasam Maduro un vi\u0146a sievai ASV izvirz\u012btas ar narkotik\u0101m saist\u012btas aps\u016bdz\u012bbas un vi\u0146i &#8220;dr\u012bzum\u0101 piedz\u012bvos piln\u012bgu&hellip;\n","protected":false},"author":2,"featured_media":93861,"comment_status":"","ping_status":"","sticky":false,"template":"","format":"standard","meta":{"footnotes":""},"categories":[5],"tags":[23,28,29,32,33,22,30,31,35,39,38,36,37,34,40,20,26,27,24,25,21],"class_list":{"0":"post-93860","1":"post","2":"type-post","3":"status-publish","4":"format-standard","5":"has-post-thumbnail","7":"category-aktualitates","8":"tag-aktualitates","9":"tag-breaking-news","10":"tag-breakingnews","11":"tag-featured-news","12":"tag-featurednews","13":"tag-headlines","14":"tag-latest-news","15":"tag-latestnews","16":"tag-latvia","17":"tag-latvian","18":"tag-latviesu","19":"tag-latviesu-valoda","20":"tag-latviesuvaloda","21":"tag-latvija","22":"tag-lv","23":"tag-news","24":"tag-popularakas-zinas","25":"tag-popularakaszinas","26":"tag-top-stories","27":"tag-topstories","28":"tag-zinas"},"share_on_mastodon":{"url":"https:\/\/pubeurope.com\/@lv\/115834804190937036","error":""},"_links":{"self":[{"href":"https:\/\/www.europesays.com\/lv\/wp-json\/wp\/v2\/posts\/93860","targetHints":{"allow":["GET"]}}],"collection":[{"href":"https:\/\/www.europesays.com\/lv\/wp-json\/wp\/v2\/posts"}],"about":[{"href":"https:\/\/www.europesays.com\/lv\/wp-json\/wp\/v2\/types\/post"}],"author":[{"embeddable":true,"href":"https:\/\/www.europesays.com\/lv\/wp-json\/wp\/v2\/users\/2"}],"replies":[{"embeddable":true,"href":"https:\/\/www.europesays.com\/lv\/wp-json\/wp\/v2\/comments?post=93860"}],"version-history":[{"count":0,"href":"https:\/\/www.europesays.com\/lv\/wp-json\/wp\/v2\/posts\/93860\/revisions"}],"wp:featuredmedia":[{"embeddable":true,"href":"https:\/\/www.europesays.com\/lv\/wp-json\/wp\/v2\/media\/93861"}],"wp:attachment":[{"href":"https:\/\/www.europesays.com\/lv\/wp-json\/wp\/v2\/media?parent=93860"}],"wp:term":[{"taxonomy":"category","embeddable":true,"href":"https:\/\/www.europesays.com\/lv\/wp-json\/wp\/v2\/categories?post=93860"},{"taxonomy":"post_tag","embeddable":true,"href":"https:\/\/www.europesays.com\/lv\/wp-json\/wp\/v2\/tags?post=93860"}],"curies":[{"name":"wp","href":"https:\/\/api.w.org\/{rel}","templated":true}]}}