{"id":93862,"date":"2026-01-04T03:58:11","date_gmt":"2026-01-04T03:58:11","guid":{"rendered":"https:\/\/www.europesays.com\/lv\/93862\/"},"modified":"2026-01-04T03:58:11","modified_gmt":"2026-01-04T03:58:11","slug":"sigulda-pirmo-uzvaru-karjera-izcina-sevics-mikelsevics-krasts","status":"publish","type":"post","link":"https:\/\/www.europesays.com\/lv\/93862\/","title":{"rendered":"Siguld\u0101 pirmo uzvaru karjer\u0101 izc\u012bna \u0160evics-Mike\u013c\u0161evics\/Krasts"},"content":{"rendered":"<p>Sievie\u0161u divnieku sacens\u012bb\u0101s uzvar\u0113ja austrietes Sel\u012bna Egle\/Lara Kipa, kuras divu braucienu summ\u0101 par 0,031 sekundi p\u0101rsp\u0113ja l\u012bderes p\u0113c pirm\u0101 brauciena v\u0101cietes Dajanu Eitbergeri\/Magdal\u0113nu Ma\u010dinu. Tre\u0161o vietu ieguva it\u0101lietes Andrea Fetere\/Mariona Oberhofere, kuras bija 0,203 sekundes l\u0113n\u0101kas par uzvar\u0113t\u0101j\u0101m.<\/p>\n<p>Robe\u017eniece\/Bogdanova pirmaj\u0101 braucien\u0101 bija sest\u0101s, bet otraj\u0101 uzr\u0101d\u012bja ceturto rezult\u0101tu, kas \u013c\u0101va \u0161o poz\u012bciju ie\u0146emt ar\u012b summ\u0101. No goda pjedest\u0101la vi\u0146as atpalika vair\u0101k nek\u0101 pussekundi jeb 0,56 sekundes.<\/p>\n<p>Up\u012bte\/Pavlova pirmaj\u0101 braucien\u0101 bija desmit\u0101s, bet otraj\u0101 uzr\u0101d\u012bja sept\u012bto rezult\u0101tu, summ\u0101 zaud\u0113jot gandr\u012bz pusotru sekundi. Ogorod\u0146ikova\/Zvilna aizvad\u012bja nesekm\u012bgu pirmo braucienu, kur\u0101 bija p\u0113d\u0113j\u0101, 14. viet\u0101 no fini\u0161\u0113ju\u0161aj\u0101m sportist\u0113m, ta\u010du otraj\u0101 braucien\u0101 vi\u0146\u0101m bija desmitais lab\u0101kais rezult\u0101ts, turkl\u0101t s\u0101ncen\u0161u neveiksme \u013c\u0101va pak\u0101pties poz\u012bciju augst\u0101k.<\/p>\n<p>Pasaules kausa kopv\u0113rt\u0113jum\u0101 v\u012brie\u0161iem l\u012bderi ir Vendls\/Arlts ar 266 punktiem, ta\u010du Bots\/Pl\u016bme vi\u0146iem zaud\u0113 tikai vienu punktu. \u0160evics-Mike\u013c\u0161evics\/Krasts ar 222 punktiem pak\u0101pu\u0161ies uz sesto vietu.<\/p>\n<p>Sieviet\u0113m l\u012bderes ar 370 punktiem ir divas uzvaras p\u0113c k\u0101rtas izc\u012bn\u012bju\u0161\u0101s Egle\/Kipa, par 30 apsteidzot Eitbergeri\/Ma\u010dinu. Up\u012bte\/Pavlova tiku\u0161as pie 180 punktiem un ar v\u0113l div\u0101m ekip\u0101\u017e\u0101m dala ceturto vietu, Robe\u017eniece\/Bogdanova ar 130 punktiem ir 11. poz\u012bcij\u0101.<\/p>\n<p>P\u0101r\u0113j\u0101s Latvijas ekip\u0101\u017eas nav aizvad\u012bju\u0161as visus posmus.<\/p>\n<p>Vieninieki otro braucienu aizvad\u012bs sv\u0113tdien, kad norisin\u0101sies ar\u012b komandu stafete.<\/p>\n<p>Pasaules kausa piektais posms janv\u0101r\u012b notiks Vinterberg\u0101, kad nosl\u0113gsies olimpisk\u0101 kvalifik\u0101cija, bet pirmaj\u0101 no diviem posmiem v\u0113l vien\u0101 V\u0101cijas tras\u0113 Oberhof\u0101 tiks dal\u012btas ar\u012b Eiropas \u010dempion\u0101ta meda\u013cas, febru\u0101ra s\u0101kum\u0101 sportistiem sacen\u0161oties Mil\u0101nas-Kort\u012bnas d\u2019Ampeco olimpiskaj\u0101s sp\u0113l\u0113s.<\/p>\n","protected":false},"excerpt":{"rendered":"Sievie\u0161u divnieku sacens\u012bb\u0101s uzvar\u0113ja austrietes Sel\u012bna Egle\/Lara Kipa, kuras divu braucienu summ\u0101 par 0,031 sekundi p\u0101rsp\u0113ja l\u012bderes p\u0113c&hellip;\n","protected":false},"author":2,"featured_media":93863,"comment_status":"","ping_status":"","sticky":false,"template":"","format":"standard","meta":{"footnotes":""},"categories":[5],"tags":[23,28,29,32,33,22,10482,30,31,35,39,38,36,37,34,40,20,26,27,615,24,25,21],"class_list":{"0":"post-93862","1":"post","2":"type-post","3":"status-publish","4":"format-standard","5":"has-post-thumbnail","7":"category-aktualitates","8":"tag-aktualitates","9":"tag-breaking-news","10":"tag-breakingnews","11":"tag-featured-news","12":"tag-featurednews","13":"tag-headlines","14":"tag-kamaninu-sports","15":"tag-latest-news","16":"tag-latestnews","17":"tag-latvia","18":"tag-latvian","19":"tag-latviesu","20":"tag-latviesu-valoda","21":"tag-latviesuvaloda","22":"tag-latvija","23":"tag-lv","24":"tag-news","25":"tag-popularakas-zinas","26":"tag-popularakaszinas","27":"tag-sigulda","28":"tag-top-stories","29":"tag-topstories","30":"tag-zinas"},"share_on_mastodon":{"url":"https:\/\/pubeurope.com\/@lv\/115834827797444742","error":""},"_links":{"self":[{"href":"https:\/\/www.europesays.com\/lv\/wp-json\/wp\/v2\/posts\/93862","targetHints":{"allow":["GET"]}}],"collection":[{"href":"https:\/\/www.europesays.com\/lv\/wp-json\/wp\/v2\/posts"}],"about":[{"href":"https:\/\/www.europesays.com\/lv\/wp-json\/wp\/v2\/types\/post"}],"author":[{"embeddable":true,"href":"https:\/\/www.europesays.com\/lv\/wp-json\/wp\/v2\/users\/2"}],"replies":[{"embeddable":true,"href":"https:\/\/www.europesays.com\/lv\/wp-json\/wp\/v2\/comments?post=93862"}],"version-history":[{"count":0,"href":"https:\/\/www.europesays.com\/lv\/wp-json\/wp\/v2\/posts\/93862\/revisions"}],"wp:featuredmedia":[{"embeddable":true,"href":"https:\/\/www.europesays.com\/lv\/wp-json\/wp\/v2\/media\/93863"}],"wp:attachment":[{"href":"https:\/\/www.europesays.com\/lv\/wp-json\/wp\/v2\/media?parent=93862"}],"wp:term":[{"taxonomy":"category","embeddable":true,"href":"https:\/\/www.europesays.com\/lv\/wp-json\/wp\/v2\/categories?post=93862"},{"taxonomy":"post_tag","embeddable":true,"href":"https:\/\/www.europesays.com\/lv\/wp-json\/wp\/v2\/tags?post=93862"}],"curies":[{"name":"wp","href":"https:\/\/api.w.org\/{rel}","templated":true}]}}