{"id":93867,"date":"2026-01-04T04:05:11","date_gmt":"2026-01-04T04:05:11","guid":{"rendered":"https:\/\/www.europesays.com\/lv\/93867\/"},"modified":"2026-01-04T04:05:11","modified_gmt":"2026-01-04T04:05:11","slug":"mes-nekad-vairs-nebusim-vergi-venecuelas-viceprezidente-pieprasa-asv-atbrivot-maduro","status":"publish","type":"post","link":"https:\/\/www.europesays.com\/lv\/93867\/","title":{"rendered":"\u201cM\u0113s nekad vairs neb\u016bsim vergi.\u201d Venecu\u0113las viceprezidente pieprasa ASV atbr\u012bvot Maduro"},"content":{"rendered":"<p>\u201cM\u0113s nekad vairs neb\u016bsim vergi,\u201d teica viceprezidente, kura saska\u0146\u0101 ar Venecu\u0113las konstit\u016bciju gad\u012bjum\u0101, ja valsts prezidents vairs nepilda pien\u0101kumus, l\u012bdz jaun\u0101m v\u0113l\u0113\u0161an\u0101m p\u0101r\u0146em varu.<\/p>\n<p>Vi\u0146a notiku\u0161o ASV oper\u0101ciju raksturoja k\u0101 ANO Stat\u016btu p\u0101rk\u0101pumu un \u201c\u0161ausm\u012bgu traipu\u201d abu valstu divpus\u0113j\u0101m attiec\u012bb\u0101m.<\/p>\n<p>\u201cM\u0113s esam gatavi aizst\u0101v\u0113t Venecu\u0113lu, m\u0113s esam gatavi aizst\u0101v\u0113t m\u016bsu dabas resursus,\u201d apliecin\u0101ja Rodrigesa.<\/p>\n<p>ASV prezidents Donalds Tramps preses konferenc\u0113 sav\u0101 Floridas rezidenc\u0113 \u201cMar-a-Lago\u201d pazi\u0146oja, ka vi\u0146a administr\u0101cija v\u0113las sadarboties ar Rodrigesu, jo \u201cvi\u0146a b\u016bt\u012bb\u0101 ir gatava dar\u012bt to, ko uzskat\u0101m par nepiecie\u0161amu, lai Venecu\u0113lu atkal padar\u012btu di\u017eenu\u201d.<\/p>\n<p>Rodrigesa, b\u016bdama \u0101rlietu ministre 2014.-2017. gad\u0101, veidoja konfront\u0101cijas politiku ar ASV, ko turpin\u0101ja ar\u012b k\u0101 viceprezidente.<\/p>\n<p>Tramps ar\u012b pazi\u0146oja, ka ASV pl\u0101no p\u0101rvald\u012bt Venecu\u0113lu l\u012bdz varas p\u0101rejas nodro\u0161in\u0101\u0161anai.<\/p>\n<p>ASV prezidents teica, ka Rodrigesai ir bijusi gara saruna ar ASV valsts sekret\u0101ru Marko Rubio, kur\u0101 vi\u0146a ir sol\u012bjusi, ka \u201cdar\u012bs visu nepiecie\u0161amo\u201d. \u201cDom\u0101ju, ka vi\u0146a bija diezgan laipna, ta\u010du paties\u012bb\u0101 vi\u0146ai nav izv\u0113les,\u201d sac\u012bja Tramps.<\/p>\n<p class=\"ad-desc ad-desc-main\">Saturs turpin\u0101s p\u0113c rekl\u0101mas<\/p>\n<p class=\"ad-desc ad-desc-sec\">Rekl\u0101ma<\/p>\n<p>Sestdien Tramps pazi\u0146oja, ka ASV sp\u0113ki oper\u0101cij\u0101 ir sagr\u0101bu\u0161i Maduro un vi\u0146a sievu S\u012bliju Floresu. Vi\u0146us ved uz \u0145ujorku, kur vi\u0146i tiek aps\u016bdz\u0113ti da\u017e\u0101dos ar narkotik\u0101m saist\u012btos noziegumos.<\/p>\n<p>Tramps ar\u012b pazi\u0146oja, ka ASV naftas komp\u0101nijas str\u0101d\u0101s pie Venecu\u0113las naftas ieguves att\u012bst\u012b\u0161anas.<\/p>\n<p class=\"tv3-fw-500\">Zi\u0146o par k\u013c\u016bdu rakst\u0101<\/p>\n<p class=\"d-md-block d-none\">Iez\u012bm\u0113 k\u013c\u016bdaino tekstu un spied Ctrl+Enter.<\/p>\n<p class=\"d-md-none d-block\">Iez\u012bm\u0113 k\u013c\u016bdaino tekstu un zi\u0146o par to!<\/p>\n","protected":false},"excerpt":{"rendered":"\u201cM\u0113s nekad vairs neb\u016bsim vergi,\u201d teica viceprezidente, kura saska\u0146\u0101 ar Venecu\u0113las konstit\u016bciju gad\u012bjum\u0101, ja valsts prezidents vairs nepilda&hellip;\n","protected":false},"author":2,"featured_media":93868,"comment_status":"","ping_status":"","sticky":false,"template":"","format":"standard","meta":{"footnotes":""},"categories":[19],"tags":[23440,89,90,35,39,38,36,37,34,40],"class_list":{"0":"post-93867","1":"post","2":"type-post","3":"status-publish","4":"format-standard","5":"has-post-thumbnail","7":"category-izklaide","8":"tag-asvdonalds-trampsnikolass-madurovenecuela","9":"tag-entertainment","10":"tag-izklaide","11":"tag-latvia","12":"tag-latvian","13":"tag-latviesu","14":"tag-latviesu-valoda","15":"tag-latviesuvaloda","16":"tag-latvija","17":"tag-lv"},"share_on_mastodon":{"url":"https:\/\/pubeurope.com\/@lv\/115834855238197458","error":""},"_links":{"self":[{"href":"https:\/\/www.europesays.com\/lv\/wp-json\/wp\/v2\/posts\/93867","targetHints":{"allow":["GET"]}}],"collection":[{"href":"https:\/\/www.europesays.com\/lv\/wp-json\/wp\/v2\/posts"}],"about":[{"href":"https:\/\/www.europesays.com\/lv\/wp-json\/wp\/v2\/types\/post"}],"author":[{"embeddable":true,"href":"https:\/\/www.europesays.com\/lv\/wp-json\/wp\/v2\/users\/2"}],"replies":[{"embeddable":true,"href":"https:\/\/www.europesays.com\/lv\/wp-json\/wp\/v2\/comments?post=93867"}],"version-history":[{"count":0,"href":"https:\/\/www.europesays.com\/lv\/wp-json\/wp\/v2\/posts\/93867\/revisions"}],"wp:featuredmedia":[{"embeddable":true,"href":"https:\/\/www.europesays.com\/lv\/wp-json\/wp\/v2\/media\/93868"}],"wp:attachment":[{"href":"https:\/\/www.europesays.com\/lv\/wp-json\/wp\/v2\/media?parent=93867"}],"wp:term":[{"taxonomy":"category","embeddable":true,"href":"https:\/\/www.europesays.com\/lv\/wp-json\/wp\/v2\/categories?post=93867"},{"taxonomy":"post_tag","embeddable":true,"href":"https:\/\/www.europesays.com\/lv\/wp-json\/wp\/v2\/tags?post=93867"}],"curies":[{"name":"wp","href":"https:\/\/api.w.org\/{rel}","templated":true}]}}