{"id":93876,"date":"2026-01-04T04:56:11","date_gmt":"2026-01-04T04:56:11","guid":{"rendered":"https:\/\/www.europesays.com\/lv\/93876\/"},"modified":"2026-01-04T04:56:11","modified_gmt":"2026-01-04T04:56:11","slug":"bulgarija-oficiali-pievienojas-eirozonai-aizstajot-savu-nacionalo-valutu-lente-lv","status":"publish","type":"post","link":"https:\/\/www.europesays.com\/lv\/93876\/","title":{"rendered":"Bulg\u0101rija ofici\u0101li pievienojas eirozonai, aizst\u0101jot savu nacion\u0101lo val\u016btu\u00a0\u2014\u00a0Lente.lv"},"content":{"rendered":"<p>Bulg\u0101rija pievienojas eirozonai<\/p>\n<p>Kop\u0161 2026. gada 1. janv\u0101ra Bulg\u0101rija ir k\u013cuvusi par 21. dal\u012bbvalsti, kas pie\u0146\u0113musi eiro k\u0101 savu ofici\u0101lo val\u016btu, t\u0101d\u0113j\u0101di ofici\u0101li pievienojoties eirozonai. \u0160is v\u0113sturiskais solis noz\u012bm\u0113 Bulg\u0101rijas nacion\u0101l\u0101s val\u016btas, levas, beigas, kas apgroz\u012bb\u0101 bija kop\u0161 19. gadsimta beig\u0101m. P\u0101reja uz eiro tiek uzskat\u012bta par noz\u012bm\u012bgu Bulg\u0101rijas integr\u0101cijas soli Eiropas Savien\u012bb\u0101 un tiek sagaid\u012bts, ka t\u0101 veicin\u0101s valsts ekonomisko izaugsmi un stiprin\u0101s saites ar Rietumiem.<\/p>\n<p>V\u0113sturiskais ce\u013c\u0161 uz eiro<\/p>\n<p>Bulg\u0101rija, kas pievienoj\u0101s ES 2007. gad\u0101, jau ilgu laiku cent\u0101s pan\u0101kt savu dal\u012bbu eirozon\u0101. Valsts nacion\u0101l\u0101 val\u016bta, leva, tika piesaist\u012bta eiro jau 1999. gad\u0101, kas bija viens no pirmajiem so\u013ciem ce\u013c\u0101 uz piln\u012bgu integr\u0101ciju. S\u0101kotn\u0113ji Bulg\u0101rija pl\u0101noja ieviest eiro jau 2024. gad\u0101, ta\u010du p\u0101reja tika atlikta augst\u0101s infl\u0101cijas d\u0113\u013c. \u0160is kav\u0113jums un nepiecie\u0161am\u012bba izpild\u012bt stingros M\u0101strihtas krit\u0113rijus apliecina valsts ap\u0146\u0113m\u012bbu un sp\u0113ju veikt nepiecie\u0161am\u0101s ekonomisk\u0101s reformas.<\/p>\n<p>Sabiedr\u012bbas ba\u017eas un politisk\u0101 ainava<\/p>\n<p>Neskatoties uz ofici\u0101lo pievieno\u0161anos eirozonai, Bulg\u0101rijas sabiedr\u012bb\u0101 joproj\u0101m past\u0101v ba\u017eas par eiro ievie\u0161anas sek\u0101m. Aptaujas liecina, ka aptuveni puse iedz\u012bvot\u0101ju ir piesardz\u012bgi vai skeptiski, galvenok\u0101rt baidoties no cenu k\u0101puma un infl\u0101cijas pieauguma. \u0160\u012bs ba\u017eas tiek veicin\u0101tas ar\u012b ar dezinform\u0101ciju un politisko nenoteikt\u012bbu, ko izmanto prokrieviski un nacion\u0101listiski sp\u0113ki, lai graut Bulg\u0101rijas integr\u0101ciju Eiropas Savien\u012bb\u0101. Politiskais fons valst\u012b ir bijis nemier\u012bgs, ar vair\u0101k\u0101m parlamenta v\u0113l\u0113\u0161an\u0101m p\u0113d\u0113jo gadu laik\u0101, kas v\u0113l vair\u0101k palielina nenoteikt\u012bbu.<\/p>\n<p>Latvijas pieredze un prognozes<\/p>\n<p>Sal\u012bdzin\u0101jum\u0101 ar Latvijas pieredzi eiro ievie\u0161an\u0101 2014. gad\u0101, kur\u0101 ar\u012b past\u0101v\u0113ja l\u012bdz\u012bgas ba\u017eas par cenu pieaugumu, ir sagaid\u0101ms, ka Bulg\u0101rija saskarsies ar l\u012bdz\u012bgiem izaicin\u0101jumiem. Tom\u0113r pieredze no cit\u0101m eirozonas valst\u012bm, tai skait\u0101 Latvijas, liecina, ka ba\u017e\u0101m par past\u0101v\u012bgu cenu pieaugumu nav ekonomiska pamata un dal\u012bba eirozon\u0101 sniedz aizsardz\u012bbu pret \u0101r\u0113jiem ekonomiskajiem satricin\u0101jumiem. Lai gan s\u0101kotn\u0113j\u0101 cenu sv\u0101rst\u012bbu period\u0101 var b\u016bt neliela ietekme uz pat\u0113ri\u0146a cen\u0101m, ilgtermi\u0146\u0101 tiek prognoz\u0113ts, ka cenu l\u012bmenis Bulg\u0101rij\u0101 pak\u0101peniski izl\u012bdzin\u0101sies ar eirozonas vid\u0113jo l\u012bmeni. Paredzams, ka eiro ievie\u0161ana uzlabos Bulg\u0101rijas ekonomisko stabilit\u0101ti, veicin\u0101s invest\u012bcijas un samazin\u0101s dar\u012bjumu izmaksas, \u012bpa\u0161i mazajiem un vid\u0113jiem uz\u0146\u0113mumiem.<\/p>\n<p>Nacion\u0101l\u0101s val\u016btas nostal\u0123ija<\/p>\n<p>T\u0101pat k\u0101 Latvij\u0101, ievie\u0161ot eiro, ar\u012b Bulg\u0101rij\u0101 j\u016btama zin\u0101ma nostal\u0123ija un skumjas par nacion\u0101l\u0101s val\u016btas \u2013 levas \u2013 zaud\u0113\u0161anu. Leva, kas tika lietota kop\u0161 1881. gada, ir v\u0113sturisks simbols valsts identit\u0101tei. Lai gan eiro nodro\u0161in\u0101s jaunus ekonomiskos ieguvumus un dzi\u013c\u0101ku integr\u0101ciju Eirop\u0101, nacion\u0101l\u0101s val\u016btas aizie\u0161ana vienm\u0113r ir noz\u012bm\u012bgs pagrieziena punkts.<\/p>\n","protected":false},"excerpt":{"rendered":"Bulg\u0101rija pievienojas eirozonai Kop\u0161 2026. gada 1. janv\u0101ra Bulg\u0101rija ir k\u013cuvusi par 21. dal\u012bbvalsti, kas pie\u0146\u0113musi eiro k\u0101&hellip;\n","protected":false},"author":2,"featured_media":93877,"comment_status":"","ping_status":"","sticky":false,"template":"","format":"standard","meta":{"footnotes":""},"categories":[14],"tags":[23,57,28,29,3567,16028,552,32,33,22,550,30,31,35,39,38,36,37,34,23482,40,20,26,27,24,25,54,55,56,21,58],"class_list":{"0":"post-93876","1":"post","2":"type-post","3":"status-publish","4":"format-standard","5":"has-post-thumbnail","7":"category-zinas-no-arvalstim","8":"tag-aktualitates","9":"tag-arvalstim","10":"tag-breaking-news","11":"tag-breakingnews","12":"tag-bulgarija","13":"tag-eiro","14":"tag-eirozona","15":"tag-featured-news","16":"tag-featurednews","17":"tag-headlines","18":"tag-inflacija","19":"tag-latest-news","20":"tag-latestnews","21":"tag-latvia","22":"tag-latvian","23":"tag-latviesu","24":"tag-latviesu-valoda","25":"tag-latviesuvaloda","26":"tag-latvija","27":"tag-levas","28":"tag-lv","29":"tag-news","30":"tag-popularakas-zinas","31":"tag-popularakaszinas","32":"tag-top-stories","33":"tag-topstories","34":"tag-world","35":"tag-world-news","36":"tag-worldnews","37":"tag-zinas","38":"tag-zinas-no-arvalstim"},"share_on_mastodon":{"url":"https:\/\/pubeurope.com\/@lv\/115835055818262621","error":""},"_links":{"self":[{"href":"https:\/\/www.europesays.com\/lv\/wp-json\/wp\/v2\/posts\/93876","targetHints":{"allow":["GET"]}}],"collection":[{"href":"https:\/\/www.europesays.com\/lv\/wp-json\/wp\/v2\/posts"}],"about":[{"href":"https:\/\/www.europesays.com\/lv\/wp-json\/wp\/v2\/types\/post"}],"author":[{"embeddable":true,"href":"https:\/\/www.europesays.com\/lv\/wp-json\/wp\/v2\/users\/2"}],"replies":[{"embeddable":true,"href":"https:\/\/www.europesays.com\/lv\/wp-json\/wp\/v2\/comments?post=93876"}],"version-history":[{"count":0,"href":"https:\/\/www.europesays.com\/lv\/wp-json\/wp\/v2\/posts\/93876\/revisions"}],"wp:featuredmedia":[{"embeddable":true,"href":"https:\/\/www.europesays.com\/lv\/wp-json\/wp\/v2\/media\/93877"}],"wp:attachment":[{"href":"https:\/\/www.europesays.com\/lv\/wp-json\/wp\/v2\/media?parent=93876"}],"wp:term":[{"taxonomy":"category","embeddable":true,"href":"https:\/\/www.europesays.com\/lv\/wp-json\/wp\/v2\/categories?post=93876"},{"taxonomy":"post_tag","embeddable":true,"href":"https:\/\/www.europesays.com\/lv\/wp-json\/wp\/v2\/tags?post=93876"}],"curies":[{"name":"wp","href":"https:\/\/api.w.org\/{rel}","templated":true}]}}