{"id":93880,"date":"2026-01-04T05:02:10","date_gmt":"2026-01-04T05:02:10","guid":{"rendered":"https:\/\/www.europesays.com\/lv\/93880\/"},"modified":"2026-01-04T05:02:10","modified_gmt":"2026-01-04T05:02:10","slug":"venecuelai-bez-maduro-butu-labak-raksts","status":"publish","type":"post","link":"https:\/\/www.europesays.com\/lv\/93880\/","title":{"rendered":"Venecu\u0113lai bez Maduro b\u016btu lab\u0101k \/ Raksts"},"content":{"rendered":"<p>Venecu\u0113lai bez t\u0101s prezidenta Nikolasa Maduro b\u016btu lab\u0101k, platform\u0101 &#8220;X&#8221; pauda Latvijas \u0101rlietu ministre Baiba Bra\u017ee (JV).<\/p>\n<p>&#8220;P\u0113c nozagtaj\u0101m v\u0113l\u0113\u0161an\u0101m m\u0113s nekad neesam atzinu\u0161i Maduro re\u017e\u012bma le\u0123itimit\u0101ti,&#8221; uzsv\u0113ra ministre. Vi\u0146a skaidroja, ka Latvija r\u016bp\u012bgi seko l\u012bdzi situ\u0101cijai Venecu\u0113l\u0101, koordin\u0113jot savu r\u012bc\u012bbu gan ar Eiropas Savien\u012bbas valst\u012bm, gan ar partneriem. &#8220;M\u0113s aicin\u0101m visus uz savald\u012bbu un starptautisko ties\u012bbu iev\u0113ro\u0161anu,&#8221; sac\u012bja Bra\u017ee.<\/p>\n<blockquote class=\"twitter-tweet\">\n<p>Latvia closely follows the situation in Venezuela, coordinating within the EU and with partners.<\/p>\n<p>We\u2019ve never recognised legitimacy of Maduro regime after the stolen elections. Venezuela is better off without him.<\/p>\n<p>We call for restraint and respect for international law by all. <a href=\"https:\/\/t.co\/xhCy9tIaGW\" target=\"_blank\" rel=\"nofollow\">https:\/\/t.co\/xhCy9tIaGW<\/a><\/p>\n<p>\u2014 Baiba Bra\u017ee (@Braze_Baiba) <a href=\"https:\/\/twitter.com\/Braze_Baiba\/status\/2007492462147736049?ref_src=twsrc%5Etfw\" target=\"_blank\" rel=\"nofollow noopener\">January 3, 2026<\/a><\/p><\/blockquote>\n<p>K\u0101 zi\u0146ots, ASV prezidents Donalds Tramps pazi\u0146oja par oper\u0101ciju, kuras laik\u0101 sagr\u0101bts Venecu\u0113las l\u012bderis Nikolass Maduro.<\/p>\n<p>Eiropas Savien\u012bba (ES) sestdien aicin\u0101ja Venecu\u0113l\u0101 iev\u0113rot savald\u012bbu un starptautisk\u0101s ties\u012bbas. &#8220;ES ir vair\u0101kk\u0101rt nor\u0101d\u012bjusi, ka Maduro kungam tr\u016bkst le\u0123itimit\u0101tes, un ir aizst\u0101v\u0113jusi mierm\u012bl\u012bgu p\u0101reju&#8221; Venecu\u0113l\u0101, p\u0113c sarunas ar\u00a0ASV valsts sekret\u0101ru Marko Rubio platform\u0101 &#8220;X&#8221; rakst\u012bja bloka augst\u0101k\u0101 \u0101rlietu p\u0101rst\u0101ve Kaja Kallasa. &#8220;Jebkur\u0101 gad\u012bjum\u0101 ir j\u0101iev\u0113ro starptautisko ties\u012bbu principi un ANO Stat\u016bti. M\u0113s aicin\u0101m uz savald\u012bbu,&#8221; vi\u0146a uzsv\u0113ra. Kallasa pauda, ka ES cie\u0161i uzrauga strauji main\u012bgo situ\u0101ciju.\u00a0Vi\u0146a ir run\u0101jusi ar\u012b ar bloka s\u016btni Venecu\u0113l\u0101 un akcent\u0113ja, ka\u00a0ES pilso\u0146u dro\u0161\u012bba ir &#8220;m\u016bsu galven\u0101 priorit\u0101te&#8221;.<\/p>\n<blockquote>\n<p>ES nav atzinusi apstr\u012bd\u0113to 2024. gada v\u0113l\u0113\u0161anu rezult\u0101tus, kas Maduro pie\u0161\u0137\u012bra tre\u0161o pilnvaru termi\u0146u, un ir noteikusi sankcijas desmitiem Venecu\u0113las amatpersonu par demokr\u0101tijas grau\u0161anu valst\u012b.<\/p>\n<\/blockquote>\n<p>Tom\u0113r 27 valstu bloks nav ofici\u0101li atzinis opoz\u012bcijas kandid\u0101tu Edmundo Gonsalesu par Venecu\u0113las likum\u012bgo l\u012bderi, k\u0101 to ir izdar\u012bju\u0161as ASV.<\/p>\n<p>Gonsaless p\u0113d\u0113j\u0101 br\u012bd\u012b kandid\u0113ja Venecu\u0113las prezidenta v\u0113l\u0113\u0161an\u0101s k\u0101 opoz\u012bcijas l\u012bderes Marijas Korinas Ma\u010dado aizst\u0101j\u0113js p\u0113c tam, kad vi\u0146ai tika liegts taj\u0101s piedal\u012bties. P\u0113c balso\u0161anas Gonsaless aizb\u0113ga no Venecu\u0113las uz Madridi, kas pied\u0101v\u0101ja darboties k\u0101 starpniece p\u0113c Maduro sag\u016bst\u012b\u0161anas sestdien.<\/p>\n<p>Ar\u012b Lielbrit\u0101nijas premjerministrs K\u012brs St\u0101rmers sestdien pazi\u0146oja, ka vis\u0101m valst\u012bm ir j\u0101iev\u0113ro starptautisk\u0101s ties\u012bbas. &#8220;Vispirms es v\u0113los noskaidrot faktus, es v\u0113los run\u0101t ar prezidentu Trampu, es v\u0113los run\u0101t ar sabiedrotajiem,&#8221; Lielbrit\u0101nijas premjerministrs teica da\u017eas stundas p\u0113c ASV uzbrukuma Venecu\u0113l\u0101.<\/p>\n<p>                    Valodas k\u013c\u016bda rakst\u0101?<\/p>\n<p class=\"d-none d-md-block\">Iez\u012bm\u0113jiet tekstu un spiediet Ctrl+Enter, lai nos\u016bt\u012btu labojamo teksta fragmentu redaktoram! Par faktu k\u013c\u016bd\u0101m l\u016bdzam zi\u0146ot e-past\u0101 <a href=\"https:\/\/www.lsm.lv\/cdn-cgi\/l\/email-protection\" class=\"__cf_email__\" data-cfemail=\"1c6e79787d777f75767d5c706f7132706a\" rel=\"nofollow noopener\" target=\"_blank\">[email\u00a0protected]<\/a>.<\/p>\n<p class=\"d-md-none\">Iez\u012bm\u0113jiet tekstu un spiediet uz Zi\u0146ot par k\u013c\u016bdu pogas, lai nos\u016bt\u012btu labojamo teksta fragmentu redaktoram!<\/p>\n<p>\n                    Zi\u0146ot par k\u013c\u016bdu\n                <\/p>\n<p>            <script async src=\"https:\/\/platform.twitter.com\/widgets.js\" charset=\"utf-8\"><\/script><\/p>\n","protected":false},"excerpt":{"rendered":"Venecu\u0113lai bez t\u0101s prezidenta Nikolasa Maduro b\u016btu lab\u0101k, platform\u0101 &#8220;X&#8221; pauda Latvijas \u0101rlietu ministre Baiba Bra\u017ee (JV). &#8220;P\u0113c&hellip;\n","protected":false},"author":2,"featured_media":93881,"comment_status":"","ping_status":"","sticky":false,"template":"","format":"standard","meta":{"footnotes":""},"categories":[14],"tags":[23,57,28,29,32,33,22,30,31,35,39,38,36,37,34,40,20,26,27,24,25,54,55,56,21,58],"class_list":{"0":"post-93880","1":"post","2":"type-post","3":"status-publish","4":"format-standard","5":"has-post-thumbnail","7":"category-zinas-no-arvalstim","8":"tag-aktualitates","9":"tag-arvalstim","10":"tag-breaking-news","11":"tag-breakingnews","12":"tag-featured-news","13":"tag-featurednews","14":"tag-headlines","15":"tag-latest-news","16":"tag-latestnews","17":"tag-latvia","18":"tag-latvian","19":"tag-latviesu","20":"tag-latviesu-valoda","21":"tag-latviesuvaloda","22":"tag-latvija","23":"tag-lv","24":"tag-news","25":"tag-popularakas-zinas","26":"tag-popularakaszinas","27":"tag-top-stories","28":"tag-topstories","29":"tag-world","30":"tag-world-news","31":"tag-worldnews","32":"tag-zinas","33":"tag-zinas-no-arvalstim"},"share_on_mastodon":{"url":"https:\/\/pubeurope.com\/@lv\/115835079430505614","error":""},"_links":{"self":[{"href":"https:\/\/www.europesays.com\/lv\/wp-json\/wp\/v2\/posts\/93880","targetHints":{"allow":["GET"]}}],"collection":[{"href":"https:\/\/www.europesays.com\/lv\/wp-json\/wp\/v2\/posts"}],"about":[{"href":"https:\/\/www.europesays.com\/lv\/wp-json\/wp\/v2\/types\/post"}],"author":[{"embeddable":true,"href":"https:\/\/www.europesays.com\/lv\/wp-json\/wp\/v2\/users\/2"}],"replies":[{"embeddable":true,"href":"https:\/\/www.europesays.com\/lv\/wp-json\/wp\/v2\/comments?post=93880"}],"version-history":[{"count":0,"href":"https:\/\/www.europesays.com\/lv\/wp-json\/wp\/v2\/posts\/93880\/revisions"}],"wp:featuredmedia":[{"embeddable":true,"href":"https:\/\/www.europesays.com\/lv\/wp-json\/wp\/v2\/media\/93881"}],"wp:attachment":[{"href":"https:\/\/www.europesays.com\/lv\/wp-json\/wp\/v2\/media?parent=93880"}],"wp:term":[{"taxonomy":"category","embeddable":true,"href":"https:\/\/www.europesays.com\/lv\/wp-json\/wp\/v2\/categories?post=93880"},{"taxonomy":"post_tag","embeddable":true,"href":"https:\/\/www.europesays.com\/lv\/wp-json\/wp\/v2\/tags?post=93880"}],"curies":[{"name":"wp","href":"https:\/\/api.w.org\/{rel}","templated":true}]}}