{"id":93886,"date":"2026-01-04T05:14:17","date_gmt":"2026-01-04T05:14:17","guid":{"rendered":"https:\/\/www.europesays.com\/lv\/93886\/"},"modified":"2026-01-04T05:14:17","modified_gmt":"2026-01-04T05:14:17","slug":"medvedevs-versas-pret-somiju-ar-kodolierocu-draudiem-un-apsudzibam-rusofobija-lente-lv-2","status":"publish","type":"post","link":"https:\/\/www.europesays.com\/lv\/93886\/","title":{"rendered":"Medvedevs v\u0113r\u0161as pret Somiju ar kodoliero\u010du draudiem un aps\u016bdz\u012bb\u0101m &#8220;rusofobij\u0101&#8221;\u00a0\u2014\u00a0Lente.lv"},"content":{"rendered":"<p>Medvedevs pau\u017e niknu kritiku pret Somiju<\/p>\n<p>Biju\u0161ais Krievijas prezidents Dmitrijs Medvedevs atkal izteicies ar skarbiem v\u0101rdiem, v\u0113r\u0161oties pret Somiju un t\u0101s prezidentu Aleksandru Stubi, zi\u0146o port\u0101ls jauns.lv. Medvedevs aps\u016bdz Somiju &#8220;negant\u0101 rusofobij\u0101&#8221; un draud, ka tai &#8220;j\u0101maks\u0101&#8221; par \u0161\u0101du attieksmi. \u0160ie izteikumi seko p\u0113c Stuba koment\u0101riem, kuros vi\u0146\u0161 uzsv\u0113ra Somijas ap\u0146\u0113m\u012bbu nodro\u0161in\u0101t savu dro\u0161\u012bbu un nov\u0113rst turpm\u0101kus Krievijas agresijas gad\u012bjumus pret kaimi\u0146valst\u012bm. Medvedevs sav\u0101 pieej\u0101 bie\u017ei vien izmanto provokat\u012bvu retoriku, kas atspogu\u013co radik\u0101l\u0101ko sp\u0101rnu Krievijas politik\u0101, cen\u0161oties demonstr\u0113t stingr\u012bbu un nostiprin\u0101t Krievijas poz\u012bcijas starptautiskaj\u0101 ar\u0113n\u0101.<\/p>\n<p>Draudi un kodoliero\u010di k\u0101 politiskais instruments<\/p>\n<p>Medvedeva runas maniere bie\u017ei vien ietver nopietnus draudus, tostarp ar\u012b kodoliero\u010du pielieto\u0161anas iesp\u0113jam\u012bbu, k\u0101 retorisku ieroci, lai rad\u012btu spriedzi un neskaidr\u012bbu starptautiskaj\u0101s attiec\u012bb\u0101s. Vi\u0146a izteikumi tiek interpret\u0113ti ne tikai k\u0101 iek\u0161politiskais sign\u0101ls, bet ar\u012b k\u0101 m\u0113\u0123in\u0101jums ietekm\u0113t Rietumu sabiedr\u012bbas viedokli un politisko kursu. \u0160\u0101di izteikumi rada papildu spriedzi glob\u0101laj\u0101 dro\u0161\u012bbas situ\u0101cij\u0101, \u012bpa\u0161i \u0146emot v\u0113r\u0101 pa\u0161reiz\u0113jo \u0123eopolitisko klimatu un notieko\u0161o karu Ukrain\u0101.<\/p>\n<p>Somijas pievieno\u0161an\u0101s NATO un Krievijas reakcija<\/p>\n<p>Somijas pievieno\u0161an\u0101s NATO 2023. gada apr\u012bl\u012b izrais\u012bja strauju Krievijas neapmierin\u0101t\u012bbu. Krievija iepriek\u0161 bija piepras\u012bjusi, lai NATO p\u0101rtrauc papla\u0161in\u0101\u0161anos uz austrumiem, uzskatot to par draudu savai dro\u0161\u012bbai. Pret\u0113ji Krievijas cer\u012bb\u0101m, t\u0101s agresija Ukrain\u0101 ir tikai veicin\u0101jusi NATO alianses salied\u0113t\u012bbu un t\u0101s papla\u0161in\u0101\u0161anos, jo ar\u012b Zviedrija v\u0113l\u0101k pievienoj\u0101s NATO. Krievijas un NATO robe\u017ea ar Somijas pievieno\u0161anos k\u013cuvusi vair\u0101k nek\u0101 divas reizes gar\u0101ka, radot jaunas dro\u0161\u012bbas dimensijas re\u0123ion\u0101. Krievijas politisk\u0101s elites, tostarp Medvedevs, bie\u017ei vien izmanto Somijas un citu Baltijas valstu attieksmi pret Krieviju k\u0101 ieganstu saviem retoriskajiem uzbrukumiem, apvainojot t\u0101s rusofobij\u0101.<\/p>\n<p>Krievijas \u0101rpolitikas tendences un draudi Baltijas valst\u012bm<\/p>\n<p>\u0160\u0101di Krievijas politi\u0137u izteikumi, k\u0101dus pau\u017e Medvedevs, nav jauni un atspogu\u013co Krievijas \u0101rpolitikas tendenci uztur\u0113t spriedzi attiec\u012bb\u0101s ar Rietumiem. Krievijas publiskaj\u0101 telp\u0101 regul\u0101ri izskan draudi ne tikai pret Somiju, bet ar\u012b pret Baltijas valst\u012bm, tiek lietota retorika, kas atg\u0101dina Krem\u013ca narat\u012bvus pirms uzbrukuma Ukrainai. Eksperti nor\u0101da, ka Krievija var cer\u0113t uz Rietumu sabiedr\u012bbas nogurumu vai politisko sp\u0113ku mai\u0146u, kas v\u0101jin\u0101tu atbalstu Ukrainai, ta\u010du Baltijas valstis past\u0101v\u012bgi stiprina savu dro\u0161\u012bbu. Latvijas \u0101rpolitikas m\u0113r\u0137i ietver Krievijas atbild\u012bbas pan\u0101k\u0161anu par kara noziegumiem un NATO kl\u0101tb\u016btnes stiprin\u0101\u0161anu Baltijas re\u0123ion\u0101, ta\u010du \u0161\u012b nost\u0101ja var ar\u012b palielin\u0101t Latvijas k\u0101 potenci\u0101l\u0101 Krievijas agresijas m\u0113r\u0137a risku.<\/p>\n","protected":false},"excerpt":{"rendered":"Medvedevs pau\u017e niknu kritiku pret Somiju Biju\u0161ais Krievijas prezidents Dmitrijs Medvedevs atkal izteicies ar skarbiem v\u0101rdiem, v\u0113r\u0161oties pret&hellip;\n","protected":false},"author":2,"featured_media":93052,"comment_status":"","ping_status":"","sticky":false,"template":"","format":"standard","meta":{"footnotes":""},"categories":[14],"tags":[23,57,28,29,3555,334,32,33,22,234,30,31,35,39,38,36,37,34,40,71,20,26,27,490,24,25,54,55,56,21,58],"class_list":{"0":"post-93886","1":"post","2":"type-post","3":"status-publish","4":"format-standard","5":"has-post-thumbnail","7":"category-zinas-no-arvalstim","8":"tag-aktualitates","9":"tag-arvalstim","10":"tag-breaking-news","11":"tag-breakingnews","12":"tag-dmitrijs-medvedevs","13":"tag-drosiba","14":"tag-featured-news","15":"tag-featurednews","16":"tag-headlines","17":"tag-krievija","18":"tag-latest-news","19":"tag-latestnews","20":"tag-latvia","21":"tag-latvian","22":"tag-latviesu","23":"tag-latviesu-valoda","24":"tag-latviesuvaloda","25":"tag-latvija","26":"tag-lv","27":"tag-nato","28":"tag-news","29":"tag-popularakas-zinas","30":"tag-popularakaszinas","31":"tag-somija","32":"tag-top-stories","33":"tag-topstories","34":"tag-world","35":"tag-world-news","36":"tag-worldnews","37":"tag-zinas","38":"tag-zinas-no-arvalstim"},"share_on_mastodon":{"url":"https:\/\/pubeurope.com\/@lv\/115835126609815948","error":""},"_links":{"self":[{"href":"https:\/\/www.europesays.com\/lv\/wp-json\/wp\/v2\/posts\/93886","targetHints":{"allow":["GET"]}}],"collection":[{"href":"https:\/\/www.europesays.com\/lv\/wp-json\/wp\/v2\/posts"}],"about":[{"href":"https:\/\/www.europesays.com\/lv\/wp-json\/wp\/v2\/types\/post"}],"author":[{"embeddable":true,"href":"https:\/\/www.europesays.com\/lv\/wp-json\/wp\/v2\/users\/2"}],"replies":[{"embeddable":true,"href":"https:\/\/www.europesays.com\/lv\/wp-json\/wp\/v2\/comments?post=93886"}],"version-history":[{"count":0,"href":"https:\/\/www.europesays.com\/lv\/wp-json\/wp\/v2\/posts\/93886\/revisions"}],"wp:featuredmedia":[{"embeddable":true,"href":"https:\/\/www.europesays.com\/lv\/wp-json\/wp\/v2\/media\/93052"}],"wp:attachment":[{"href":"https:\/\/www.europesays.com\/lv\/wp-json\/wp\/v2\/media?parent=93886"}],"wp:term":[{"taxonomy":"category","embeddable":true,"href":"https:\/\/www.europesays.com\/lv\/wp-json\/wp\/v2\/categories?post=93886"},{"taxonomy":"post_tag","embeddable":true,"href":"https:\/\/www.europesays.com\/lv\/wp-json\/wp\/v2\/tags?post=93886"}],"curies":[{"name":"wp","href":"https:\/\/api.w.org\/{rel}","templated":true}]}}