{"id":93891,"date":"2026-01-04T05:23:09","date_gmt":"2026-01-04T05:23:09","guid":{"rendered":"https:\/\/www.europesays.com\/lv\/93891\/"},"modified":"2026-01-04T05:23:09","modified_gmt":"2026-01-04T05:23:09","slug":"dziedataja-ieva-sutugova-ziemassvetkos-sagaida-otro-meitinu-rotu-lente-lv-2","status":"publish","type":"post","link":"https:\/\/www.europesays.com\/lv\/93891\/","title":{"rendered":"Dzied\u0101t\u0101ja Ieva Sutugova Ziemassv\u0113tkos sagaida otro meiti\u0146u Rotu\u00a0\u2014\u00a0Lente.lv"},"content":{"rendered":"<p>Priec\u012bgs notikums Ievas Sutugovas \u0123imen\u0113<\/p>\n<p>Dzied\u0101t\u0101ja Ieva Sutugova Ziemassv\u0113tku laik\u0101 ir k\u013cuvusi par m\u0101mi\u0146u otrajam b\u0113rni\u0146am \u2013 pasaul\u0113 n\u0101kusi meiti\u0146a Rota. K\u0101 inform\u0113 port\u0101ls jauns.lv, dzied\u0101t\u0101ja par priec\u012bgo notikumu pazi\u0146ojusi savos soci\u0101lajos t\u012bklos. Tas ir \u0123imenes otrais b\u0113rni\u0146\u0161. Pirms tam Ieva k\u013cuva par m\u0101mi\u0146u d\u0113lam Austrim, kur\u0161 pasaul\u0113 n\u0101cis 2022. gada novembr\u012b. <\/p>\n<p>Pravietiski v\u0101rdi pirms meiti\u0146as dzim\u0161anas<\/p>\n<p>Ieva Sutugova soci\u0101lajos t\u012bklos dal\u012bjusies ar emocion\u0101lu atzi\u0146u, nor\u0101dot, ka v\u0113l oktobr\u012b uz skatuves nodzied\u0101jusi J\u0101\u0146a Petera v\u0101rsmas, kuras izr\u0101d\u012bju\u0161\u0101s \u013coti pravietiskas: \u201cCitgad Ziemassv\u0113tkos klons kad viz\u0113s spodri, M\u0113nesn\u012bc\u0101 skaidr\u0101 atn\u0101cis b\u016bs otris.\u201d Dzied\u0101t\u0101ja atkl\u0101j, ka toreiz v\u0113l nenojautusi, ka tie\u0161i Ziemassv\u0113tkos vi\u0146u \u0123imen\u0113 ierad\u012bsies meiti\u0146a Rota. <\/p>\n<p>\u0122imenes pieaugums un Ievas karjera<\/p>\n<p>Pirmo reizi par otr\u0101 b\u0113rni\u0146a gaid\u012bb\u0101m Ieva Sutugova pazi\u0146oja 2025. gada septembr\u012b, public\u0113jot gais\u012bgu foto, kur\u0101 redzams vi\u0146as gr\u016btnieces v\u0113ders. Vi\u0146a nor\u0101d\u012bja, ka b\u0113rni\u0146\u0161 pasaul\u0113 n\u0101ks ziem\u0101. \u0160is ir Ievas un m\u016bzi\u0137a J\u0101\u0146a Milti\u0146a kop\u012bgais otrais b\u0113rns. Dzied\u0101t\u0101ja iepriek\u0161 atkl\u0101jusi, ka l\u012bdz ar b\u0113rnu piedzim\u0161anu pieaugusi ar\u012b vi\u0146as produktivit\u0101te. <\/p>\n<p>Priec\u012bgi sveicieni un atzi\u0146as<\/p>\n<p>Zi\u0146a par meitas dzim\u0161anu izrais\u012bjusi pla\u0161u prieka vilni gan starp faniem, gan kol\u0113\u0123iem, kuri sirsn\u012bgi sveic m\u0101kslinieci \u0161aj\u0101 \u012bpa\u0161aj\u0101 dz\u012bves posm\u0101. Ieva Sutugova nav sl\u0113pusi, ka vi\u0146ai nav svar\u012bgi, ko citi dom\u0101 par vi\u0146as b\u0113rnu audzin\u0101\u0161anas pieeju, uzsverot katras mammas individu\u0101lo p\u0101rliec\u012bbu. <\/p>\n","protected":false},"excerpt":{"rendered":"Priec\u012bgs notikums Ievas Sutugovas \u0123imen\u0113 Dzied\u0101t\u0101ja Ieva Sutugova Ziemassv\u0113tku laik\u0101 ir k\u013cuvusi par m\u0101mi\u0146u otrajam b\u0113rni\u0146am \u2013 pasaul\u0113&hellip;\n","protected":false},"author":2,"featured_media":92900,"comment_status":"","ping_status":"","sticky":false,"template":"","format":"standard","meta":{"footnotes":""},"categories":[19],"tags":[89,23287,90,35,39,38,4708,36,37,34,40,23289,23288,9687],"class_list":{"0":"post-93891","1":"post","2":"type-post","3":"status-publish","4":"format-standard","5":"has-post-thumbnail","7":"category-izklaide","8":"tag-entertainment","9":"tag-ieva-sutugova","10":"tag-izklaide","11":"tag-latvia","12":"tag-latvian","13":"tag-latviesu","14":"tag-latviesu-muziki","15":"tag-latviesu-valoda","16":"tag-latviesuvaloda","17":"tag-latvija","18":"tag-lv","19":"tag-otras-atvases-dzimsana","20":"tag-rota","21":"tag-ziemassvetki"},"share_on_mastodon":{"url":"https:\/\/pubeurope.com\/@lv\/115835162005022345","error":""},"_links":{"self":[{"href":"https:\/\/www.europesays.com\/lv\/wp-json\/wp\/v2\/posts\/93891","targetHints":{"allow":["GET"]}}],"collection":[{"href":"https:\/\/www.europesays.com\/lv\/wp-json\/wp\/v2\/posts"}],"about":[{"href":"https:\/\/www.europesays.com\/lv\/wp-json\/wp\/v2\/types\/post"}],"author":[{"embeddable":true,"href":"https:\/\/www.europesays.com\/lv\/wp-json\/wp\/v2\/users\/2"}],"replies":[{"embeddable":true,"href":"https:\/\/www.europesays.com\/lv\/wp-json\/wp\/v2\/comments?post=93891"}],"version-history":[{"count":0,"href":"https:\/\/www.europesays.com\/lv\/wp-json\/wp\/v2\/posts\/93891\/revisions"}],"wp:featuredmedia":[{"embeddable":true,"href":"https:\/\/www.europesays.com\/lv\/wp-json\/wp\/v2\/media\/92900"}],"wp:attachment":[{"href":"https:\/\/www.europesays.com\/lv\/wp-json\/wp\/v2\/media?parent=93891"}],"wp:term":[{"taxonomy":"category","embeddable":true,"href":"https:\/\/www.europesays.com\/lv\/wp-json\/wp\/v2\/categories?post=93891"},{"taxonomy":"post_tag","embeddable":true,"href":"https:\/\/www.europesays.com\/lv\/wp-json\/wp\/v2\/tags?post=93891"}],"curies":[{"name":"wp","href":"https:\/\/api.w.org\/{rel}","templated":true}]}}