{"id":93892,"date":"2026-01-04T05:27:13","date_gmt":"2026-01-04T05:27:13","guid":{"rendered":"https:\/\/www.europesays.com\/lv\/93892\/"},"modified":"2026-01-04T05:27:13","modified_gmt":"2026-01-04T05:27:13","slug":"vecriga-tukstosiem-cilveku-sagaida-jauno-gadu-prieka-un-ceriba-lente-lv","status":"publish","type":"post","link":"https:\/\/www.europesays.com\/lv\/93892\/","title":{"rendered":"Vecr\u012bg\u0101 t\u016bksto\u0161iem cilv\u0113ku sagaida Jauno gadu priek\u0101 un cer\u012bb\u0101\u00a0\u2014\u00a0Lente.lv"},"content":{"rendered":"<p>Jaungada svin\u012bbas pulc\u0113 t\u016bksto\u0161iem Vecr\u012bg\u0101<\/p>\n<p>Gadu mijas sagaid\u012b\u0161ana galvaspils\u0113t\u0101 pulc\u0113ja t\u016bksto\u0161iem cilv\u0113ku \u2013 gan r\u012bdziniekus, gan viesus no Latvijas un cit\u0101m valst\u012bm. T\u0101 k\u0101rt\u0113jo reizi pier\u0101d\u012bj\u0101s, ka Vecr\u012bga ir iecien\u012bta vieta, kur vienkopus svin\u0113t sv\u0113tkus da\u017e\u0101d\u0101m paaudz\u0113m un taut\u012bb\u0101m. Atmosf\u0113ru piepild\u012bja sirsn\u012bba, cer\u012bba uz lab\u0101ku n\u0101kotni un prieks par sv\u0113tku rad\u012bto kr\u0101\u0161\u0146umu, ko daudzviet pastiprin\u0101ja uzsnigu\u0161ais sniegs.<\/p>\n<p>Pla\u0161s pas\u0101kumu kl\u0101sts se\u0161os Vecr\u012bgas laukumos<\/p>\n<p>R\u012bga aicin\u0101ja iedz\u012bvot\u0101jus un pils\u0113tas viesus sagaid\u012bt jauno 2026. gadu se\u0161os sv\u0113tku laukumos Vecr\u012bg\u0101. Pas\u0101kumi norisin\u0101j\u0101s R\u0101tslaukum\u0101, L\u012bvu laukum\u0101, Pils laukum\u0101, laukum\u0101 pie Pulvertor\u0146a, k\u0101 ar\u012b Ka\u013c\u0137u ielas posm\u0101 starp Va\u013c\u0146u ielu un Aspazijas bulv\u0101ri, un 11. novembra krastmalai paral\u0113laj\u0101 iel\u0101 starp Po\u013cu un B\u012bskapa g\u0101ti.. No plkst. 21.00 l\u012bdz pat 2:00 nakt\u012b apmekl\u0113t\u0101ji var\u0113ja baud\u012bt da\u017e\u0101du DJ sagatavot\u0101s muzik\u0101l\u0101s programmas, kas bija sinhroniz\u0113tas ar vizu\u0101l\u0101m projekcij\u0101m uz \u0113ku fas\u0101d\u0113m.. Katr\u0101 laukum\u0101 tika pied\u0101v\u0101ta unik\u0101la multimedi\u0101la pieredze, radot iespaid\u012bgu sv\u0113tku atmosf\u0113ru.. Papildus muzik\u0101lajam baud\u012bjumam, pas\u0101kuma viet\u0101s bija pieejami ar\u012b da\u017e\u0101di dz\u0113rieni un uzkodas.<\/p>\n<p>M\u0101ksliniecisk\u0101s projekcijas un muzik\u0101lais baud\u012bjums<\/p>\n<p>\u012apa\u0161u sv\u0113tku noska\u0146u rad\u012bja topo\u0161o m\u0101kslinieku, b\u0113rnu un jaunie\u0161u veidot\u0101s video projekcijas uz \u0113ku fas\u0101d\u0113m, kas vizu\u0101li papildin\u0101ja DJ uzst\u0101\u0161anos un rad\u012bja daudzpus\u012bgu m\u0101ksliniecisku baud\u012bjumu.. Da\u017e\u0101dos laukumos uzst\u0101j\u0101s popul\u0101ri Latvijas un \u0101rvalstu d\u012bd\u017eeji, tostarp DJ All-Viss ar afro, latino, funk un disco noska\u0146\u0101m, DJ Aspirins ar hip-hop, trap un house elementiem, MC Valters Krauze ar latvie\u0161u un \u0101rzemju hitiem, DJ Linda Samsonova ar elektronisk\u0101s m\u016bzikas setu, DJ Gustavito ar ener\u0123isku open format setu, un DJ Ozols (DJ Sets).. Par vizu\u0101lo noform\u0113jumu r\u016bp\u0113j\u0101s ar\u012b VJ DIGIDIVA, VJ Slavpapii, VJ Mersedes Margoit, VJ Arsenijs Rozenbachs un VJ Wickiss.. 11. novembra krastmalas paral\u0113laj\u0101 iel\u0101 vizu\u0101l\u0101 m\u0101ksla tika demonstr\u0113ta uz LED ekr\u0101niem..<\/p>\n<p>Starptautiska gaisotne un prieks par sniegu<\/p>\n<p>Jaungada sagaid\u012b\u0161ana Vecr\u012bg\u0101 pulc\u0113ja ne tikai viet\u0113jos iedz\u012bvot\u0101jus, bet ar\u012b daudz \u0101rvalstu viesu, kuri R\u012bg\u0101 str\u0101d\u0101, dz\u012bvo, stud\u0113 vai atbrauku\u0161i \u012bpa\u0161i sagaid\u012bt jauno gadu.. \u0100rvalstu studenti, piem\u0113ram, no Turcijas, pauda saj\u016bsmu par Latviju, atz\u012bm\u0113jot, ka \u0161eit ir br\u012bni\u0161\u0137\u012bgi pavad\u012bt sv\u0113tkus.. \u012apa\u0161u prieku daudziem sag\u0101d\u0101ja uzsnigu\u0161ais sniegs, kas rad\u012bja pasakainu atmosf\u0113ru un lika daudziem jokot, ka visu gadu esam labi uzvedu\u0161ies.. \u0160is gadu mijas br\u012bdis daudziem kalpoja k\u0101 iesp\u0113ja apst\u0101ties, atskat\u012bties uz aizvad\u012bto gadu, atst\u0101jot pag\u0101tnes likstas aiz muguras, un sagaid\u012bt jauno 2026. gadu ar jaun\u0101m cer\u012bb\u0101m un optimismu..<\/p>\n","protected":false},"excerpt":{"rendered":"Jaungada svin\u012bbas pulc\u0113 t\u016bksto\u0161iem Vecr\u012bg\u0101 Gadu mijas sagaid\u012b\u0161ana galvaspils\u0113t\u0101 pulc\u0113ja t\u016bksto\u0161iem cilv\u0113ku \u2013 gan r\u012bdziniekus, gan viesus no&hellip;\n","protected":false},"author":2,"featured_media":93893,"comment_status":"","ping_status":"","sticky":false,"template":"","format":"standard","meta":{"footnotes":""},"categories":[12],"tags":[23,28,29,32,33,22,23114,30,31,35,39,38,36,37,34,40,20,26,27,172,23020,24,25,23487,581,21],"class_list":{"0":"post-93892","1":"post","2":"type-post","3":"status-publish","4":"format-standard","5":"has-post-thumbnail","7":"category-latvija","8":"tag-aktualitates","9":"tag-breaking-news","10":"tag-breakingnews","11":"tag-featured-news","12":"tag-featurednews","13":"tag-headlines","14":"tag-jaungada-svinibas","15":"tag-latest-news","16":"tag-latestnews","17":"tag-latvia","18":"tag-latvian","19":"tag-latviesu","20":"tag-latviesu-valoda","21":"tag-latviesuvaloda","22":"tag-latvija","23":"tag-lv","24":"tag-news","25":"tag-popularakas-zinas","26":"tag-popularakaszinas","27":"tag-riga","28":"tag-svinibas","29":"tag-top-stories","30":"tag-topstories","31":"tag-tukstosiem-cilveku","32":"tag-vecriga","33":"tag-zinas"},"share_on_mastodon":{"url":"https:\/\/pubeurope.com\/@lv\/115835177689412059","error":""},"_links":{"self":[{"href":"https:\/\/www.europesays.com\/lv\/wp-json\/wp\/v2\/posts\/93892","targetHints":{"allow":["GET"]}}],"collection":[{"href":"https:\/\/www.europesays.com\/lv\/wp-json\/wp\/v2\/posts"}],"about":[{"href":"https:\/\/www.europesays.com\/lv\/wp-json\/wp\/v2\/types\/post"}],"author":[{"embeddable":true,"href":"https:\/\/www.europesays.com\/lv\/wp-json\/wp\/v2\/users\/2"}],"replies":[{"embeddable":true,"href":"https:\/\/www.europesays.com\/lv\/wp-json\/wp\/v2\/comments?post=93892"}],"version-history":[{"count":0,"href":"https:\/\/www.europesays.com\/lv\/wp-json\/wp\/v2\/posts\/93892\/revisions"}],"wp:featuredmedia":[{"embeddable":true,"href":"https:\/\/www.europesays.com\/lv\/wp-json\/wp\/v2\/media\/93893"}],"wp:attachment":[{"href":"https:\/\/www.europesays.com\/lv\/wp-json\/wp\/v2\/media?parent=93892"}],"wp:term":[{"taxonomy":"category","embeddable":true,"href":"https:\/\/www.europesays.com\/lv\/wp-json\/wp\/v2\/categories?post=93892"},{"taxonomy":"post_tag","embeddable":true,"href":"https:\/\/www.europesays.com\/lv\/wp-json\/wp\/v2\/tags?post=93892"}],"curies":[{"name":"wp","href":"https:\/\/api.w.org\/{rel}","templated":true}]}}