{"id":93910,"date":"2026-01-04T05:56:07","date_gmt":"2026-01-04T05:56:07","guid":{"rendered":"https:\/\/www.europesays.com\/lv\/93910\/"},"modified":"2026-01-04T05:56:07","modified_gmt":"2026-01-04T05:56:07","slug":"vairak-neka-400-aiztureti-desmitiem-ievainoto-tai-skaita-berns-lente-lv","status":"publish","type":"post","link":"https:\/\/www.europesays.com\/lv\/93910\/","title":{"rendered":"vair\u0101k nek\u0101 400 aiztur\u0113ti, desmitiem ievainoto, tai skait\u0101 b\u0113rns\u00a0\u2014\u00a0Lente.lv"},"content":{"rendered":"<p>Jaungada sagaid\u012b\u0161ana p\u0101riet haos\u0101<\/p>\n<p>V\u0101cijas galvaspils\u0113t\u0101 Berl\u012bn\u0113 Jaungada vakara svin\u012bbas 2026. gada s\u0101kum\u0101 p\u0101rv\u0113rt\u0101s nekontrol\u0113jam\u0101 haos\u0101, policijai apstiprinot vair\u0101k nek\u0101 400 aiztur\u0113to personu skaitu. K\u0101 inform\u0113 port\u0101ls jauns.lv, sv\u0113tku nakt\u012b notika vair\u0101kas vardarb\u012bgas sadursmes un uzbrukumi gl\u0101b\u0161anas dienestiem.<\/p>\n<p>Nek\u0101rt\u012bbas un uzbrukumi<\/p>\n<p>Problem\u0101tiskajos rajonos, tostarp Neikeln\u0101, Krojcberg\u0101 un M\u014dabit\u0101, svin\u012bbu laik\u0101 izc\u0113l\u0101s sadursmes. Atsevi\u0161\u0137i indiv\u012bdi izmantoja ra\u0137etes un improviz\u0113tus spridzek\u013cus, uzbr\u016bkot gl\u0101b\u0161anas dienestiem. Lai nodro\u0161in\u0101tu k\u0101rt\u012bbu, tika mobiliz\u0113ti 4300 policisti, kas ir tr\u012bsreiz vair\u0101k nek\u0101 ierastaj\u0101 de\u017e\u016br\u0101, sadarb\u012bb\u0101 ar 1600 ugunsdz\u0113s\u0113jiem cen\u0161oties savald\u012bt nek\u0101rt\u012bbas. Berl\u012bnes policija uzs\u0101kusi 670 krimin\u0101lprocesus, galvenok\u0101rt par b\u012bstamas pirotehnikas lieto\u0161anu, uzbrukumiem un \u013caunpr\u0101t\u012bgu ugunsgr\u0113ku izrais\u012b\u0161anu.<\/p>\n<p>Ievainotie un traumu sekas<\/p>\n<p>Sv\u0113tku nakt\u012b ievainoti tika 37 policisti, viens no kuriem guvis smagu k\u0101jas traumu. T\u0101pat cieta ar\u012b civiliedz\u012bvot\u0101ji. Vair\u0101k nek\u0101 40 cilv\u0113ki tika nog\u0101d\u0101ti Berl\u012bnes Traumu slimn\u012bc\u0101 (UKB) smagu traumu d\u0113\u013c, savuk\u0101rt Charit\u00e9 slimn\u012bc\u0101 24 stund\u0101s re\u0123istr\u0113ti 49 l\u012bdz\u012bgi gad\u012bjumi. Medi\u0137i ievainojumus sal\u012bdzina ar \u201ckara traum\u0101m\u201d, ko rad\u012bju\u0161i nelikum\u012bgi pirotehnikas l\u012bdzek\u013ci. Vair\u0101ki cilv\u0113ki pils\u0113t\u0101 zaud\u0113ju\u0161i pirkstus spr\u0101dzienu rezult\u0101t\u0101.<\/p>\n<p>Tra\u0123iskais gad\u012bjums ar b\u0113rnu<\/p>\n<p>\u012apa\u0161i satrauco\u0161s incidents notika Tegel rajon\u0101, kur spr\u0101dziens ievainoja asto\u0146us cilv\u0113kus, tai skait\u0101 septi\u0146us gadus vecu z\u0113nu. Z\u0113ns guvis dz\u012bv\u012bbai b\u012bstamus ievainojumus un vi\u0146am nekav\u0113joties bija nepiecie\u0161ama oper\u0101cija. \u0160enberg\u0101 spr\u0101dziens rad\u012bja post\u012bjumus \u0113k\u0101m, liekot vair\u0101kiem iedz\u012bvot\u0101jiem evaku\u0113ties.<\/p>\n","protected":false},"excerpt":{"rendered":"Jaungada sagaid\u012b\u0161ana p\u0101riet haos\u0101 V\u0101cijas galvaspils\u0113t\u0101 Berl\u012bn\u0113 Jaungada vakara svin\u012bbas 2026. gada s\u0101kum\u0101 p\u0101rv\u0113rt\u0101s nekontrol\u0113jam\u0101 haos\u0101, policijai apstiprinot&hellip;\n","protected":false},"author":2,"featured_media":93911,"comment_status":"","ping_status":"","sticky":false,"template":"","format":"standard","meta":{"footnotes":""},"categories":[14],"tags":[23492,23,57,1804,28,29,32,33,22,11861,23114,30,31,35,39,38,36,37,34,40,23491,20,26,27,24,25,54,55,56,21,58],"class_list":{"0":"post-93910","1":"post","2":"type-post","3":"status-publish","4":"format-standard","5":"has-post-thumbnail","7":"category-zinas-no-arvalstim","8":"tag-aizturetie","9":"tag-aktualitates","10":"tag-arvalstim","11":"tag-berline","12":"tag-breaking-news","13":"tag-breakingnews","14":"tag-featured-news","15":"tag-featurednews","16":"tag-headlines","17":"tag-ievainotie","18":"tag-jaungada-svinibas","19":"tag-latest-news","20":"tag-latestnews","21":"tag-latvia","22":"tag-latvian","23":"tag-latviesu","24":"tag-latviesu-valoda","25":"tag-latviesuvaloda","26":"tag-latvija","27":"tag-lv","28":"tag-nekartibas","29":"tag-news","30":"tag-popularakas-zinas","31":"tag-popularakaszinas","32":"tag-top-stories","33":"tag-topstories","34":"tag-world","35":"tag-world-news","36":"tag-worldnews","37":"tag-zinas","38":"tag-zinas-no-arvalstim"},"share_on_mastodon":{"url":"https:\/\/pubeurope.com\/@lv\/115835291753912810","error":""},"_links":{"self":[{"href":"https:\/\/www.europesays.com\/lv\/wp-json\/wp\/v2\/posts\/93910","targetHints":{"allow":["GET"]}}],"collection":[{"href":"https:\/\/www.europesays.com\/lv\/wp-json\/wp\/v2\/posts"}],"about":[{"href":"https:\/\/www.europesays.com\/lv\/wp-json\/wp\/v2\/types\/post"}],"author":[{"embeddable":true,"href":"https:\/\/www.europesays.com\/lv\/wp-json\/wp\/v2\/users\/2"}],"replies":[{"embeddable":true,"href":"https:\/\/www.europesays.com\/lv\/wp-json\/wp\/v2\/comments?post=93910"}],"version-history":[{"count":0,"href":"https:\/\/www.europesays.com\/lv\/wp-json\/wp\/v2\/posts\/93910\/revisions"}],"wp:featuredmedia":[{"embeddable":true,"href":"https:\/\/www.europesays.com\/lv\/wp-json\/wp\/v2\/media\/93911"}],"wp:attachment":[{"href":"https:\/\/www.europesays.com\/lv\/wp-json\/wp\/v2\/media?parent=93910"}],"wp:term":[{"taxonomy":"category","embeddable":true,"href":"https:\/\/www.europesays.com\/lv\/wp-json\/wp\/v2\/categories?post=93910"},{"taxonomy":"post_tag","embeddable":true,"href":"https:\/\/www.europesays.com\/lv\/wp-json\/wp\/v2\/tags?post=93910"}],"curies":[{"name":"wp","href":"https:\/\/api.w.org\/{rel}","templated":true}]}}