{"id":93914,"date":"2026-01-04T06:02:08","date_gmt":"2026-01-04T06:02:08","guid":{"rendered":"https:\/\/www.europesays.com\/lv\/93914\/"},"modified":"2026-01-04T06:02:08","modified_gmt":"2026-01-04T06:02:08","slug":"gimenes-tragedija-italija-pec-ziemassvetku-vakarinam-mirst-mate-un-15-gadu-veca-meita-2","status":"publish","type":"post","link":"https:\/\/www.europesays.com\/lv\/93914\/","title":{"rendered":"\u0122imenes tra\u0123\u0113dija It\u0101lij\u0101 &#8211; p\u0113c Ziemassv\u0113tku vakari\u0146\u0101m mirst m\u0101te un 15 gadu vec\u0101 meita"},"content":{"rendered":"<p>M\u012bdijas ir p\u0101rtikas produkts, kas \u013coti \u0101tri boj\u0101jas. T\u0101s tiek uzskat\u012btas par svaig\u0101m tikai tik ilgi, kam\u0113r t\u0101s ir dz\u012bvas. Ja m\u012bdija izdala zivju smaku, vairs neturas kop\u0101 vai ir boj\u0101ta, t\u0101 var b\u016bt mirusi un saboj\u0101jusies \u2013 t\u0101d\u0101 gad\u012bjum\u0101 to nek\u0101d\u0101 gad\u012bjum\u0101 nedr\u012bkst \u0113st. Pret\u0113j\u0101 gad\u012bjum\u0101 past\u0101v risks saind\u0113ties ar p\u0101rtiku no bakt\u0113rij\u0101m. T\u0101 k\u0101 m\u012bdijas akt\u012bvi filtr\u0113 \u016bdeni un dien\u0101 var filtr\u0113t l\u012bdz pat 40 litriem \u016bdens, t\u0101s ir \u013coti jut\u012bgas pret toks\u012bniem. Tie parasti rodas no noteikt\u0101m a\u013c\u0123\u0113m un uzkr\u0101jas gliemenes audos. Pat ja gliemenes ir pareizi sagatavotas, saind\u0113\u0161an\u0101s risks joproj\u0101m past\u0101v. Gatavo\u0161ana toks\u012bnus neizvada. Atkar\u012bb\u0101 no toks\u012bna veida, saind\u0113\u0161an\u0101s var izpausties da\u017e\u0101dos veidos un da\u017eos gad\u012bjumos b\u016bt let\u0101la. Saska\u0146\u0101 ar medic\u012bnas port\u0101lu &#8220;MSD Manual&#8221;, p\u0113c saind\u0113\u0161an\u0101s ar m\u012bdij\u0101m simptomi var b\u016bt \u0161\u0101di:<br \/>&#13;<br \/>\nda\u017eas min\u016btes p\u0113c lieto\u0161anas &#8211; tirpsto\u0161a saj\u016bta ap muti, slikta d\u016b\u0161a, vem\u0161ana, v\u0113dera krampji, musku\u013cu v\u0101jums, nesp\u0113ja kustin\u0101t roku un k\u0101ju musku\u013cus, elpas tr\u016bkums.<\/p>\n<p>Atkar\u012bb\u0101 no slim\u012bbas c\u0113lo\u0146a tiek noteikts:<\/p>\n<p>P\u0101rtikas infekcija &#8211; ko izraisa v\u012brusi, bakt\u0113rijas (piem\u0113ram, salmonella) vai paraz\u012bti, kas non\u0101k organism\u0101 ar p\u0101rtiku. Iekaisums, drudzis, s\u0101pes v\u0113der\u0101 un l\u012bdz\u012bgi simptomi rodas p\u0113c da\u017e\u0101m dien\u0101m.<br \/>&#13;<br \/>\nP\u0101rtikas saind\u0113\u0161an\u0101s &#8211; ko izraisa bakt\u0113riju, piem\u0113ram, E. coli, ra\u017eotas ind\u012bgas vielas (toks\u012bni). Slikta d\u016b\u0161a, vem\u0161ana un caureja rodas da\u017eu stundu laik\u0101 p\u0113c pies\u0101r\u0146otas p\u0101rtikas lieto\u0161anas.<\/p>\n","protected":false},"excerpt":{"rendered":"M\u012bdijas ir p\u0101rtikas produkts, kas \u013coti \u0101tri boj\u0101jas. T\u0101s tiek uzskat\u012btas par svaig\u0101m tikai tik ilgi, kam\u0113r t\u0101s&hellip;\n","protected":false},"author":2,"featured_media":93901,"comment_status":"","ping_status":"","sticky":false,"template":"","format":"standard","meta":{"footnotes":""},"categories":[14],"tags":[23,57,28,29,32,33,22,30,31,35,39,38,36,37,34,40,20,26,27,24,25,54,55,56,21,58],"class_list":{"0":"post-93914","1":"post","2":"type-post","3":"status-publish","4":"format-standard","5":"has-post-thumbnail","7":"category-zinas-no-arvalstim","8":"tag-aktualitates","9":"tag-arvalstim","10":"tag-breaking-news","11":"tag-breakingnews","12":"tag-featured-news","13":"tag-featurednews","14":"tag-headlines","15":"tag-latest-news","16":"tag-latestnews","17":"tag-latvia","18":"tag-latvian","19":"tag-latviesu","20":"tag-latviesu-valoda","21":"tag-latviesuvaloda","22":"tag-latvija","23":"tag-lv","24":"tag-news","25":"tag-popularakas-zinas","26":"tag-popularakaszinas","27":"tag-top-stories","28":"tag-topstories","29":"tag-world","30":"tag-world-news","31":"tag-worldnews","32":"tag-zinas","33":"tag-zinas-no-arvalstim"},"share_on_mastodon":{"url":"https:\/\/pubeurope.com\/@lv\/115835315343545755","error":""},"_links":{"self":[{"href":"https:\/\/www.europesays.com\/lv\/wp-json\/wp\/v2\/posts\/93914","targetHints":{"allow":["GET"]}}],"collection":[{"href":"https:\/\/www.europesays.com\/lv\/wp-json\/wp\/v2\/posts"}],"about":[{"href":"https:\/\/www.europesays.com\/lv\/wp-json\/wp\/v2\/types\/post"}],"author":[{"embeddable":true,"href":"https:\/\/www.europesays.com\/lv\/wp-json\/wp\/v2\/users\/2"}],"replies":[{"embeddable":true,"href":"https:\/\/www.europesays.com\/lv\/wp-json\/wp\/v2\/comments?post=93914"}],"version-history":[{"count":0,"href":"https:\/\/www.europesays.com\/lv\/wp-json\/wp\/v2\/posts\/93914\/revisions"}],"wp:featuredmedia":[{"embeddable":true,"href":"https:\/\/www.europesays.com\/lv\/wp-json\/wp\/v2\/media\/93901"}],"wp:attachment":[{"href":"https:\/\/www.europesays.com\/lv\/wp-json\/wp\/v2\/media?parent=93914"}],"wp:term":[{"taxonomy":"category","embeddable":true,"href":"https:\/\/www.europesays.com\/lv\/wp-json\/wp\/v2\/categories?post=93914"},{"taxonomy":"post_tag","embeddable":true,"href":"https:\/\/www.europesays.com\/lv\/wp-json\/wp\/v2\/tags?post=93914"}],"curies":[{"name":"wp","href":"https:\/\/api.w.org\/{rel}","templated":true}]}}