{"id":93918,"date":"2026-01-04T06:09:10","date_gmt":"2026-01-04T06:09:10","guid":{"rendered":"https:\/\/www.europesays.com\/lv\/93918\/"},"modified":"2026-01-04T06:09:10","modified_gmt":"2026-01-04T06:09:10","slug":"bauskas-ielas-majas-ekspluatacija-ir-aizliegta","status":"publish","type":"post","link":"https:\/\/www.europesays.com\/lv\/93918\/","title":{"rendered":"Bauskas ielas m\u0101jas ekspluat\u0101cija ir aizliegta"},"content":{"rendered":"<p>R\u012bgas pa\u0161vald\u012bbas Pils\u0113tas att\u012bst\u012bbas departaments \u0113kas \u012bpa\u0161niekiem uzdevis nekav\u0113joties pieaicin\u0101t sertific\u0113tu b\u016bvspeci\u0101listu un veikt \u0113kas tehnisko apseko\u0161anu.<\/p>\n<p>Tas nepiecie\u0161ams, lai noteiktu boj\u0101jumu apm\u0113ru, k\u0101 ar\u012b nosac\u012bjumus un nepiecie\u0161am\u0101s darb\u012bbas \u0113kas da\u013c\u0113jas ekspluat\u0101cijas pie\u013caujam\u012bbai vai ats\u0101k\u0161anai.<\/p>\n<p>P\u0113c tehnisk\u0101s apseko\u0161anas var\u0113s lemt par t\u0101l\u0101ko r\u012bc\u012bbu, inform\u0113ja pa\u0161vald\u012bb\u0101.<\/p>\n<p>K\u0101 zi\u0146ots, g\u0101zes spr\u0101dzien\u0101 Tor\u0146akaln\u0101, Bauskas iel\u0101 g\u0101ja boj\u0101 divi cilv\u0113ki, bet v\u0113l divi cietu\u0161i, a\u0123ent\u016bru LETA inform\u0113ja Valsts ugunsdz\u0113s\u012bbas un gl\u0101b\u0161anas dienest\u0101 (VUGD).<\/p>\n<p>Viens no boj\u0101g\u0101ju\u0161ajiem ir AS &#8220;Gaso&#8221; Av\u0101rijas dienesta darbinieks, kur\u0161 bija ieradies uz izsaukumu par iesp\u0113jamu g\u0101zes nopl\u016bdi.<\/p>\n<p>K\u0101 a\u0123ent\u016bru LETA inform\u0113ja Valsts policij\u0101, veicot gl\u0101b\u0161anas darbus, piekt\u0101 st\u0101va dz\u012bvokl\u012b atrasta v\u0113l viena mirusi persona. L\u012bdz \u0161im policijas r\u012bc\u012bb\u0101 eso\u0161\u0101 inform\u0101cija liecina, ka \u0161\u012b persona, iesp\u0113jams, ir izdar\u012bjusi noziedz\u012bgo nodar\u012bjumu.<\/p>\n<p>Vienlaikus tiek veiktas citas izmekl\u0113\u0161anas darb\u012bbas, lai noskaidrotu prec\u012bzus notiku\u0161\u0101 apst\u0101k\u013cus. Tiks veiktas ekspert\u012bzes.<\/p>\n<p>No \u0113kas saviem sp\u0113kiem pirms VUGD iera\u0161an\u0101s evaku\u0113j\u0101s 35 cilv\u0113ki, bet v\u0113l 11 cilv\u0113kus evaku\u0113ja ugunsdz\u0113s\u0113ji.<\/p>\n<p><a href=\"https:\/\/www.apollo.lv\/term\/567141\/spradziens\" class=\"topicLink\" target=\"_blank\" rel=\"nofollow noopener\">Spr\u0101dziens<\/a> piecst\u0101vu dz\u012bvojam\u0101 m\u0101j\u0101 notika boj\u0101ta g\u0101zes vada d\u0113\u013c. Spr\u0101dzien\u0101 sagruvis \u0113kas ceturtais un piektais st\u0101vs, k\u0101 ar\u012b jumts.<\/p>\n<p>\u0112ku apsaimnieko SIA &#8220;Latvijas namsaimnieks&#8221;, taj\u0101 ir 74 dz\u012bvok\u013ci, no kuriem \u010detri pieder pa\u0161vald\u012bbai. P\u0113c pagaid\u0101m ofici\u0101li neapstiprin\u0101tas inform\u0101cijas spr\u0101dziens noticis neleg\u0101la g\u0101zes piesl\u0113guma d\u0113\u013c pa\u0161vald\u012bbai piedero\u0161\u0101 dz\u012bvokl\u012b.<\/p>\n","protected":false},"excerpt":{"rendered":"R\u012bgas pa\u0161vald\u012bbas Pils\u0113tas att\u012bst\u012bbas departaments \u0113kas \u012bpa\u0161niekiem uzdevis nekav\u0113joties pieaicin\u0101t sertific\u0113tu b\u016bvspeci\u0101listu un veikt \u0113kas tehnisko apseko\u0161anu. Tas&hellip;\n","protected":false},"author":2,"featured_media":93919,"comment_status":"","ping_status":"","sticky":false,"template":"","format":"standard","meta":{"footnotes":""},"categories":[12],"tags":[23,23494,28,29,32,33,22,30,31,35,39,38,36,37,34,40,68,20,26,27,5981,24,25,21],"class_list":{"0":"post-93918","1":"post","2":"type-post","3":"status-publish","4":"format-standard","5":"has-post-thumbnail","7":"category-latvija","8":"tag-aktualitates","9":"tag-bauskas-iela","10":"tag-breaking-news","11":"tag-breakingnews","12":"tag-featured-news","13":"tag-featurednews","14":"tag-headlines","15":"tag-latest-news","16":"tag-latestnews","17":"tag-latvia","18":"tag-latvian","19":"tag-latviesu","20":"tag-latviesu-valoda","21":"tag-latviesuvaloda","22":"tag-latvija","23":"tag-lv","24":"tag-maja","25":"tag-news","26":"tag-popularakas-zinas","27":"tag-popularakaszinas","28":"tag-spradziens","29":"tag-top-stories","30":"tag-topstories","31":"tag-zinas"},"share_on_mastodon":{"url":"https:\/\/pubeurope.com\/@lv\/115835342857712506","error":""},"_links":{"self":[{"href":"https:\/\/www.europesays.com\/lv\/wp-json\/wp\/v2\/posts\/93918","targetHints":{"allow":["GET"]}}],"collection":[{"href":"https:\/\/www.europesays.com\/lv\/wp-json\/wp\/v2\/posts"}],"about":[{"href":"https:\/\/www.europesays.com\/lv\/wp-json\/wp\/v2\/types\/post"}],"author":[{"embeddable":true,"href":"https:\/\/www.europesays.com\/lv\/wp-json\/wp\/v2\/users\/2"}],"replies":[{"embeddable":true,"href":"https:\/\/www.europesays.com\/lv\/wp-json\/wp\/v2\/comments?post=93918"}],"version-history":[{"count":0,"href":"https:\/\/www.europesays.com\/lv\/wp-json\/wp\/v2\/posts\/93918\/revisions"}],"wp:featuredmedia":[{"embeddable":true,"href":"https:\/\/www.europesays.com\/lv\/wp-json\/wp\/v2\/media\/93919"}],"wp:attachment":[{"href":"https:\/\/www.europesays.com\/lv\/wp-json\/wp\/v2\/media?parent=93918"}],"wp:term":[{"taxonomy":"category","embeddable":true,"href":"https:\/\/www.europesays.com\/lv\/wp-json\/wp\/v2\/categories?post=93918"},{"taxonomy":"post_tag","embeddable":true,"href":"https:\/\/www.europesays.com\/lv\/wp-json\/wp\/v2\/tags?post=93918"}],"curies":[{"name":"wp","href":"https:\/\/api.w.org\/{rel}","templated":true}]}}