{"id":93931,"date":"2026-01-04T07:02:06","date_gmt":"2026-01-04T07:02:06","guid":{"rendered":"https:\/\/www.europesays.com\/lv\/93931\/"},"modified":"2026-01-04T07:02:06","modified_gmt":"2026-01-04T07:02:06","slug":"ka-mainit-gmail-e-pasta-adresi-google-jauna-iespeja","status":"publish","type":"post","link":"https:\/\/www.europesays.com\/lv\/93931\/","title":{"rendered":"K\u0101 main\u012bt &#8220;Gmail&#8221; e-pasta adresi \u2013 &#8220;Google&#8221; jaun\u0101 iesp\u0113ja"},"content":{"rendered":"<p class=\"descr\">ASV tehnolo\u0123iju uz\u0146\u0113mums \u201cGoogle\u201d dr\u012bzum\u0101 \u013caus lietot\u0101jiem main\u012bt savas \u201cGmail\u201d e-pasta adreses, raksta \u201cTelegraph\u201d.<\/p>\n<p>Daudzi cilv\u0113ki savus e-pasta kontus izveidoja pirms gadiem, v\u0113l b\u016bdami pusaud\u017ei. Lai gan jaun\u012bb\u0101 izv\u0113l\u0113t\u0101 e-pasta adrese var\u0113ja \u0161\u0137ist for\u0161a, pieaugu\u0161\u0101 vecum\u0101 t\u0101 ar katru gadu k\u013cuva arvien nepiem\u0113rot\u0101ka, jo e-pasta konts k\u013cuva iz\u0161\u0137iro\u0161s, mekl\u0113jot darbu un piesakoties m\u0101joklim.<\/p>\n<p>\u201cGoogle\u201d tagad \u013caus lietot\u0101jiem main\u012bt savu e-pasta adresi &#8211; dr\u012bzum\u0101 lietot\u0101ji var\u0113s izv\u0113l\u0113ties jaunu adresi. Konta \u012bpa\u0161nieki ar main\u012bto adresi sa\u0146ems zi\u0146ojumus, kas nos\u016bt\u012bti uz veco adresi.<\/p>\n<p>Vair\u0101ki \u201cGmail\u201d lietot\u0101ji jau atzin\u012bgi nov\u0113rt\u0113ja tehnolo\u0123iju uz\u0146\u0113muma pl\u0101nus.<\/p>\n<p>&#8220;T\u0101 k\u0101 es vienm\u0113r esmu bijis iestr\u0113dzis ar e-pasta adresi, ko izveidoju 13 gadu vecum\u0101, \u0161\u012bs noteikti b\u016btu apsveicamas p\u0101rmai\u0146as,&#8221; sac\u012bja k\u0101ds lietot\u0101js. <\/p>\n<p><a href=\"https:\/\/nra.lv\/pasaule\/505246-miljoniem-gmail-lietotaju-datu-noplude-drosibas-padomi.htm\" data-item-link=\"true\" data-item-id=\"505246\" rel=\"nofollow noopener\" target=\"_blank\">\u201cGoogle\u201d apgalvo, ka t\u0101 e-pasta pakalpojumam ir gandr\u012bz 2,5 miljardi lietot\u0101ju.<\/a> Adreses mai\u0146as pakalpojums v\u0113l nav pieejams visiem, ta\u010du tam pak\u0101peniski vajadz\u0113tu k\u013c\u016bt pieejamam visiem lietot\u0101jiem. <\/p>\n<p>\t\t\t\t\t\tinfo<\/p>\n<p>Uzzini pirmais<br \/>kas interesants noticis Latvij\u0101 un pasaul\u0113,<br \/>pievienojoties mums <a href=\"https:\/\/t.me\/neatkariga\" rel=\"nofollow\">Telegram<\/a> vai <a href=\"https:\/\/whatsapp.com\/channel\/0029VaMLFUH5K3zLU5s4wm3y\" rel=\"nofollow noopener\" target=\"_blank\">Whatsapp<\/a> kan\u0101l\u0101<\/p>\n","protected":false},"excerpt":{"rendered":"ASV tehnolo\u0123iju uz\u0146\u0113mums \u201cGoogle\u201d dr\u012bzum\u0101 \u013caus lietot\u0101jiem main\u012bt savas \u201cGmail\u201d e-pasta adreses, raksta \u201cTelegraph\u201d. Daudzi cilv\u0113ki savus e-pasta&hellip;\n","protected":false},"author":2,"featured_media":93932,"comment_status":"","ping_status":"","sticky":false,"template":"","format":"standard","meta":{"footnotes":""},"categories":[14],"tags":[23,57,28,29,32,33,22,30,31,35,39,38,36,37,34,40,20,26,27,24,25,54,55,56,21,58],"class_list":{"0":"post-93931","1":"post","2":"type-post","3":"status-publish","4":"format-standard","5":"has-post-thumbnail","7":"category-zinas-no-arvalstim","8":"tag-aktualitates","9":"tag-arvalstim","10":"tag-breaking-news","11":"tag-breakingnews","12":"tag-featured-news","13":"tag-featurednews","14":"tag-headlines","15":"tag-latest-news","16":"tag-latestnews","17":"tag-latvia","18":"tag-latvian","19":"tag-latviesu","20":"tag-latviesu-valoda","21":"tag-latviesuvaloda","22":"tag-latvija","23":"tag-lv","24":"tag-news","25":"tag-popularakas-zinas","26":"tag-popularakaszinas","27":"tag-top-stories","28":"tag-topstories","29":"tag-world","30":"tag-world-news","31":"tag-worldnews","32":"tag-zinas","33":"tag-zinas-no-arvalstim"},"share_on_mastodon":{"url":"https:\/\/pubeurope.com\/@lv\/115835551219822113","error":""},"_links":{"self":[{"href":"https:\/\/www.europesays.com\/lv\/wp-json\/wp\/v2\/posts\/93931","targetHints":{"allow":["GET"]}}],"collection":[{"href":"https:\/\/www.europesays.com\/lv\/wp-json\/wp\/v2\/posts"}],"about":[{"href":"https:\/\/www.europesays.com\/lv\/wp-json\/wp\/v2\/types\/post"}],"author":[{"embeddable":true,"href":"https:\/\/www.europesays.com\/lv\/wp-json\/wp\/v2\/users\/2"}],"replies":[{"embeddable":true,"href":"https:\/\/www.europesays.com\/lv\/wp-json\/wp\/v2\/comments?post=93931"}],"version-history":[{"count":0,"href":"https:\/\/www.europesays.com\/lv\/wp-json\/wp\/v2\/posts\/93931\/revisions"}],"wp:featuredmedia":[{"embeddable":true,"href":"https:\/\/www.europesays.com\/lv\/wp-json\/wp\/v2\/media\/93932"}],"wp:attachment":[{"href":"https:\/\/www.europesays.com\/lv\/wp-json\/wp\/v2\/media?parent=93931"}],"wp:term":[{"taxonomy":"category","embeddable":true,"href":"https:\/\/www.europesays.com\/lv\/wp-json\/wp\/v2\/categories?post=93931"},{"taxonomy":"post_tag","embeddable":true,"href":"https:\/\/www.europesays.com\/lv\/wp-json\/wp\/v2\/tags?post=93931"}],"curies":[{"name":"wp","href":"https:\/\/api.w.org\/{rel}","templated":true}]}}