{"id":93943,"date":"2026-01-04T07:14:09","date_gmt":"2026-01-04T07:14:09","guid":{"rendered":"https:\/\/www.europesays.com\/lv\/93943\/"},"modified":"2026-01-04T07:14:09","modified_gmt":"2026-01-04T07:14:09","slug":"donalds-tramps-lepni-pazino-par-venecuelas-prezidenta-sagustisanu-1188-lv","status":"publish","type":"post","link":"https:\/\/www.europesays.com\/lv\/93943\/","title":{"rendered":"Donalds Tramps lepni pazi\u0146o par Venecu\u0113las prezidenta sag\u016bst\u012b\u0161anu &#8211; 1188.lv"},"content":{"rendered":"<ol>\n<li><a href=\"https:\/\/news.google.com\/rss\/articles\/CBMioAFBVV95cUxPQjhZSU9TWmZVMGhQZjN3dk9oUUlMTzJiaU52TTdYWm1FdHpaVVZzeHNTZ19EdTB5NERUUGNRN3FpMzJvZVVodFdxcHBpT2t4U3lGcFZWZTVyVFBkZ2VVX1NBREJ1WUg5SkZPYVI2X1FKMk55OHRkWlB4RTB2V085UmltaFJ1eVJrOFRHNWpuTGNmWUNXUkZtU3dGbm5BZ3Zy?oc=5\" target=\"_blank\" rel=\"nofollow noopener\">Donalds Tramps lepni pazi\u0146o par Venecu\u0113las prezidenta sag\u016bst\u012b\u0161anu<\/a>&nbsp;&nbsp;1188.lv<\/li>\n<li><a href=\"https:\/\/news.google.com\/rss\/articles\/CBMi3gFBVV95cUxNczUyVk81T2h5a29wTTF6S05qX1dfd2FhTE9lT1lBOWc5cm5wMnZqSmF0ZkhHV0VBYTJuREJCdEVJUEJBNVpTaVNyR0Z4WV9sS09VOFpidWMxaTBHclRJMGZCcVhrNGtzVEtPRXpUajBrai1vdTlGMWJtVUZTRFh0cXppaW0wM3BmWFJMZXpYaFJPeUp4dm41VkdxRzVNc3V5MmYzSEtOUGZOUlNGcjhuX2UzTWxNTUN3Smx5a2YxQUswNlpKY3BMRi01MERTNkEzd2RBNWdwbTVhTUpGQ1E?oc=5\" target=\"_blank\" rel=\"nofollow noopener\">\u201cGatavojieties\u2026\u201d Lietuvas biju\u0161ais \u0100rlietu ministrs Landsber\u0123is br\u012bdino\u0161i izsak\u0101s par ASV oper\u0101ciju Venecu\u0113l\u0101<\/a>&nbsp;&nbsp;Jauns.lv<\/li>\n<li><a href=\"https:\/\/news.google.com\/rss\/articles\/CBMixgFBVV95cUxOeUtoaERpZjBRVkRYNkNncGFORzFTQ3hQMFFLR1Jrd29BRTl3UEVReVhsdDRlTjNoSHhuNjlhRktwYXhDQlFTMzlhNVMxSC0tVXNQel94YWVXMWw5TW5ORjI0bVRhSnBLcFZKM3FnalJGd19zalpFYlR3aEVOREJiX1B2MkktZnByUVdkdGdrNGZZRm5BakZEX1c3VXB5ZnZkcm5UUkFyOWdwMlI1VjFzNGVSMEM1TC1ZU25pSGh0YVY5ZEJRQWc?oc=5\" target=\"_blank\" rel=\"nofollow noopener\">&#8220;M\u0113s esam gatavi aizst\u0101v\u0113t Venecu\u0113lu&#8221;: viceprezidente pieprasa ASV atbr\u012bvot Maduro<\/a>&nbsp;&nbsp;Delfi<\/li>\n<li><a href=\"https:\/\/news.google.com\/rss\/articles\/CBMipgFBVV95cUxNeWFGRkJ2N3R5UHRuR2pqUEtYU1RHSGg1cXFVM3NTdUdXcHdVc0M5aU1wdFhJMTVYcmFRRzNZLS1POVg3eFR2OVg3N1VJbFdkb0pMSEZmVmxSNWdqakxUZFBRc2oxc3hiV0QyZ0d5RGswVVU0VEh3OTdIT3Q1NUpXVXV3aDhRQ19hTVlHVWItM3VMeEV4cmxaMWpjdVcwaVRaSzFpNGt3?oc=5\" target=\"_blank\" rel=\"nofollow noopener\">&#8220;Vi\u0146\u0161 nogalina p\u0101r\u0101k daudz cilv\u0113ku.&#8221; Tramps kritiz\u0113 Putinu p\u0113c Maduro aresta<\/a>&nbsp;&nbsp;Apollo.lv<\/li>\n<li><a href=\"https:\/\/news.google.com\/rss\/articles\/CBMi5wFBVV95cUxOelVvWHhEdnd4WllfU29QbmxJWUdxVUplOVpldERSU2tJcEFXaGJUNk9jZlRsMjJFOWV4cUdaWGFUX2JPMGVtNVhUSXNyNmtYSUlIQTR0T0VNSGZpSmxEdThjZ1BVRHo2cWU2TnFOZDBjRl9RNloycDN5dkJRVVUwVEJJOUJfNG93eGY0OFJhOFY0WUhUY0E5SGg4bjdsaDFqNTZ2NThmbFNRZ2J6QUxTMDNDb1JpWkQyRTFtSVVHc0NvSXcwSVVwWFIwOE9jbE5MUUp4ZW1Xc1M4Y3YwQzJhRlo4Skdrd28?oc=5\" target=\"_blank\" rel=\"nofollow noopener\">ASV karasp\u0113ks veicis uzbrukumu Venecu\u0113lai, Tramps pazi\u0146ojis par prezidenta Maduro sag\u016bst\u012b\u0161anu<\/a>&nbsp;&nbsp;LSM<\/li>\n<\/ol>\n","protected":false},"excerpt":{"rendered":"Donalds Tramps lepni pazi\u0146o par Venecu\u0113las prezidenta sag\u016bst\u012b\u0161anu&nbsp;&nbsp;1188.lv \u201cGatavojieties\u2026\u201d Lietuvas biju\u0161ais \u0100rlietu ministrs Landsber\u0123is br\u012bdino\u0161i izsak\u0101s par ASV&hellip;\n","protected":false},"author":2,"featured_media":93944,"comment_status":"","ping_status":"","sticky":false,"template":"","format":"standard","meta":{"footnotes":""},"categories":[14],"tags":[129,960,10863,957,1209,23,57,28,29,32,33,22,30,31,35,39,38,36,37,34,40,20,26,27,958,961,1210,10864,959,962,1211,10865,24,25,54,55,56,21,58],"class_list":{"0":"post-93943","1":"post","2":"type-post","3":"status-publish","4":"format-standard","5":"has-post-thumbnail","7":"category-zinas-no-arvalstim","8":"tag-__typenameadvicekeyword","9":"tag-id1007","10":"tag-id1921","11":"tag-id597","12":"tag-id824","13":"tag-aktualitates","14":"tag-arvalstim","15":"tag-breaking-news","16":"tag-breakingnews","17":"tag-featured-news","18":"tag-featurednews","19":"tag-headlines","20":"tag-latest-news","21":"tag-latestnews","22":"tag-latvia","23":"tag-latvian","24":"tag-latviesu","25":"tag-latviesu-valoda","26":"tag-latviesuvaloda","27":"tag-latvija","28":"tag-lv","29":"tag-news","30":"tag-popularakas-zinas","31":"tag-popularakaszinas","32":"tag-slugasv","33":"tag-slugdonalds-tramps","34":"tag-slugpolitika","35":"tag-slugvenecuela","36":"tag-titleasv","37":"tag-titledonalds-tramps","38":"tag-titlepolitika","39":"tag-titlevenecuela","40":"tag-top-stories","41":"tag-topstories","42":"tag-world","43":"tag-world-news","44":"tag-worldnews","45":"tag-zinas","46":"tag-zinas-no-arvalstim"},"share_on_mastodon":{"url":"","error":"Validation failed: Text character limit of 500 exceeded"},"_links":{"self":[{"href":"https:\/\/www.europesays.com\/lv\/wp-json\/wp\/v2\/posts\/93943","targetHints":{"allow":["GET"]}}],"collection":[{"href":"https:\/\/www.europesays.com\/lv\/wp-json\/wp\/v2\/posts"}],"about":[{"href":"https:\/\/www.europesays.com\/lv\/wp-json\/wp\/v2\/types\/post"}],"author":[{"embeddable":true,"href":"https:\/\/www.europesays.com\/lv\/wp-json\/wp\/v2\/users\/2"}],"replies":[{"embeddable":true,"href":"https:\/\/www.europesays.com\/lv\/wp-json\/wp\/v2\/comments?post=93943"}],"version-history":[{"count":0,"href":"https:\/\/www.europesays.com\/lv\/wp-json\/wp\/v2\/posts\/93943\/revisions"}],"wp:featuredmedia":[{"embeddable":true,"href":"https:\/\/www.europesays.com\/lv\/wp-json\/wp\/v2\/media\/93944"}],"wp:attachment":[{"href":"https:\/\/www.europesays.com\/lv\/wp-json\/wp\/v2\/media?parent=93943"}],"wp:term":[{"taxonomy":"category","embeddable":true,"href":"https:\/\/www.europesays.com\/lv\/wp-json\/wp\/v2\/categories?post=93943"},{"taxonomy":"post_tag","embeddable":true,"href":"https:\/\/www.europesays.com\/lv\/wp-json\/wp\/v2\/tags?post=93943"}],"curies":[{"name":"wp","href":"https:\/\/api.w.org\/{rel}","templated":true}]}}