{"id":93961,"date":"2026-01-04T07:30:06","date_gmt":"2026-01-04T07:30:06","guid":{"rendered":"https:\/\/www.europesays.com\/lv\/93961\/"},"modified":"2026-01-04T07:30:06","modified_gmt":"2026-01-04T07:30:06","slug":"rodrigo-abols-klust-par-sis-sezonas-rezultativako-latvieti-nhl-jauns-lv","status":"publish","type":"post","link":"https:\/\/www.europesays.com\/lv\/93961\/","title":{"rendered":"Rodrigo \u0100bols k\u013c\u016bst par \u0161\u012bs sezonas rezultat\u012bv\u0101ko latvieti NHL &#8211; Jauns.lv"},"content":{"rendered":"<ol>\n<li><a href=\"https:\/\/news.google.com\/rss\/articles\/CBMiogFBVV95cUxQelFxNjNuYU1LTlJjOVFseXZ6UnUyQkpxV09rbGd2TVZMdmRVNjlyTkFxLVNzS1haQ29DSDBvNkJLMEFWNkFXZk5hckFSbFotMGtfU0lSdHlsZVh1eVBkY3NTNWltSlNLRnZKZkk1d1p4MGg2bXFqX3AwUnRXWGxzN0h1NEZYeFhQZHhSMW0xZmlSaEJKUkdfTmxkZFpEQVNIdnc?oc=5\" target=\"_blank\" rel=\"nofollow noopener\">Rodrigo \u0100bols k\u013c\u016bst par \u0161\u012bs sezonas rezultat\u012bv\u0101ko latvieti NHL<\/a>&nbsp;&nbsp;Jauns.lv<\/li>\n<li><a href=\"https:\/\/news.google.com\/rss\/articles\/CBMisgFBVV95cUxNZXJtTEFtT1JYektlQjlydXJoNTBNV19uVlUtWm9CVWdwVFhrcm9mUktvYkE2cHMzSHBYbkoyMmlJcmozZXZEaG1jbXNCd0VyYTdOWEpDS2RudUdudW83RXJGc3pxSC1aQnFGNmdGazFQV0l4dVpwYXFYb2xWWFNFaFF5dmEyRU9fYk1QTXlucXlnV0FKVlJydUdvMktNczFUNmpBdkRmM3BJM2JRTTRCY3Z3?oc=5\" target=\"_blank\" rel=\"nofollow noopener\">Rodrigo \u0100bols k\u013c\u016bst par \u0161osezon NHL rezultat\u012bv\u0101ko latvieti<\/a>&nbsp;&nbsp;Delfi<\/li>\n<li><a href=\"https:\/\/news.google.com\/rss\/articles\/CBMijwFBVV95cUxNUFJkVFhteFpxQnA0dXRLQWFlUmpGNHIxbF9Cd0IwTDZrU09mS1o3bjBRRjFMcTFlSEtlblMyaEJweFlRUnltbEhBaGFmZGcydFJMU3VKS3oyTVgtMkptNnJ4dFVVb1FDQ081TlRHS2REd25vb0JUQVYzaUNObklJM0VHZDROWjI0OUxlbVZ4UQ?oc=5\" target=\"_blank\" rel=\"nofollow noopener\">\u0100bols turpina kr\u0101t punktus un k\u013c\u016bst par rezultat\u012bv\u0101ko latvieti NHL \u2013 Hokejs<\/a>&nbsp;&nbsp;Sportacentrs.com<\/li>\n<li><a href=\"https:\/\/news.google.com\/rss\/articles\/CBMitgFBVV95cUxQdXNWZVlFWUZFbnhIdzVNQVk3VTFuUHM3M3lJX3FhcFJmLTVtUFFzQ0NMMnctbEZCQnVYN2VZRGxLeUo5RjVQLXVXMVVSSXFRR1RMQzBiZHJnd2RHYmNWRWk1aVp5dFVfa0ZlU0ZGalJSQmRKd2pSdmQ1MXYyVHE4RFpLUXJCOVljUkFSRHhxRmpPR2xVbXo3eVlVc0ZfTWdYUmhwYmlvQXZ4ZmtYRTRpelRnSXRzdw?oc=5\" target=\"_blank\" rel=\"nofollow noopener\">\u0100bola uzvar\u0113tais iemetiens k\u013c\u016bst par piesp\u0113li, pie pan\u0101kuma tiek ar\u012b Girgensona komanda<\/a>&nbsp;&nbsp;Sportazinas.com<\/li>\n<li><a href=\"https:\/\/news.google.com\/rss\/articles\/CBMitgFBVV95cUxQVjVmQ3pSMXZ4UHM1WFQ4X0NyQ0VpbGpfMkFzMTFNLTZyLS0xZDhOTzVuRzE1NmMwWUFoRGJZS1dnX2tnaUxUaU93OXRtU3Vtc01mMXJLbzlEUlNFdHZJQmxobENMT1c0Q041WW5SR3ZCQmJDSnhWOXR0WmtQbTE4bWROY2FIczA2cHdMeDNVRkNoVTN4bG93bThpYjdjUnZqOVczdTczdVhVQ1lEOWZEcENjQ0NRdw?oc=5\" target=\"_blank\" rel=\"nofollow noopener\">VIDEO: \u0100bola uzvar\u0113tais iemetiens \u013cauj S\u012bleram g\u016bt v\u0101rtus, &#8220;Flyers&#8221; izbraukum\u0101 uzvar &#8220;Oilers&#8221;<\/a>&nbsp;&nbsp;tv3.lv<\/li>\n<\/ol>\n","protected":false},"excerpt":{"rendered":"Rodrigo \u0100bols k\u013c\u016bst par \u0161\u012bs sezonas rezultat\u012bv\u0101ko latvieti NHL&nbsp;&nbsp;Jauns.lv Rodrigo \u0100bols k\u013c\u016bst par \u0161osezon NHL rezultat\u012bv\u0101ko latvieti&nbsp;&nbsp;Delfi \u0100bols&hellip;\n","protected":false},"author":2,"featured_media":93962,"comment_status":"","ping_status":"","sticky":false,"template":"","format":"standard","meta":{"footnotes":""},"categories":[17],"tags":[35,39,38,36,37,34,40,67],"class_list":{"0":"post-93961","1":"post","2":"type-post","3":"status-publish","4":"format-standard","5":"has-post-thumbnail","7":"category-sports","8":"tag-latvia","9":"tag-latvian","10":"tag-latviesu","11":"tag-latviesu-valoda","12":"tag-latviesuvaloda","13":"tag-latvija","14":"tag-lv","15":"tag-sports"},"share_on_mastodon":{"url":"https:\/\/pubeurope.com\/@lv\/115835661373731467","error":""},"_links":{"self":[{"href":"https:\/\/www.europesays.com\/lv\/wp-json\/wp\/v2\/posts\/93961","targetHints":{"allow":["GET"]}}],"collection":[{"href":"https:\/\/www.europesays.com\/lv\/wp-json\/wp\/v2\/posts"}],"about":[{"href":"https:\/\/www.europesays.com\/lv\/wp-json\/wp\/v2\/types\/post"}],"author":[{"embeddable":true,"href":"https:\/\/www.europesays.com\/lv\/wp-json\/wp\/v2\/users\/2"}],"replies":[{"embeddable":true,"href":"https:\/\/www.europesays.com\/lv\/wp-json\/wp\/v2\/comments?post=93961"}],"version-history":[{"count":0,"href":"https:\/\/www.europesays.com\/lv\/wp-json\/wp\/v2\/posts\/93961\/revisions"}],"wp:featuredmedia":[{"embeddable":true,"href":"https:\/\/www.europesays.com\/lv\/wp-json\/wp\/v2\/media\/93962"}],"wp:attachment":[{"href":"https:\/\/www.europesays.com\/lv\/wp-json\/wp\/v2\/media?parent=93961"}],"wp:term":[{"taxonomy":"category","embeddable":true,"href":"https:\/\/www.europesays.com\/lv\/wp-json\/wp\/v2\/categories?post=93961"},{"taxonomy":"post_tag","embeddable":true,"href":"https:\/\/www.europesays.com\/lv\/wp-json\/wp\/v2\/tags?post=93961"}],"curies":[{"name":"wp","href":"https:\/\/api.w.org\/{rel}","templated":true}]}}