{"id":93963,"date":"2026-01-04T07:31:06","date_gmt":"2026-01-04T07:31:06","guid":{"rendered":"https:\/\/www.europesays.com\/lv\/93963\/"},"modified":"2026-01-04T07:31:06","modified_gmt":"2026-01-04T07:31:06","slug":"tuvakajos-gados-mi-del-darbu-varetu-zaudet-ap-200-000-eiropas-banku-darbinieku","status":"publish","type":"post","link":"https:\/\/www.europesays.com\/lv\/93963\/","title":{"rendered":"Tuv\u0101kajos gados MI d\u0113\u013c darbu var\u0113tu zaud\u0113t ap 200 000 Eiropas banku darbinieku"},"content":{"rendered":"<p>Jaun\u0101kais \u201cMorgan Stanley\u201d p\u0113t\u012bjums atkl\u0101j, ka banku nozari Eirop\u0101 tuv\u0101kajos gados sagaida b\u016btiskas p\u0101rmai\u0146as, kas liel\u0101koties saist\u012btas ar m\u0101ksl\u012bg\u0101 intelekta (MI) risin\u0101jumu ievie\u0161anu. Izp\u0113t\u012bts, ka MI d\u0113\u013c l\u012bdz 2030. gadam darbu var\u0113tu zaud\u0113t vair\u0101k nek\u0101 200 000 cilv\u0113ku jeb ap 10 % darbinieku 35 liel\u0101kaj\u0101s Eiropas bank\u0101s.\n<\/p>\n<p>Atlai\u0161ana p\u0101rsvar\u0101 draud tiem darbiniekiem, kuri str\u0101d\u0101 administr\u0101cijas, risku vad\u012bbas, atbilst\u012bbas kontroles jom\u0101s. Princip\u0101 visi amati, kur liel\u0101koties j\u0101str\u0101d\u0101 ar datiem un \u201cExcel\u201d, visticam\u0101k, tiks likvid\u0113ti, jo m\u0101ksl\u012bgais intelekts to visu var paveikt \u0101tr\u0101k un efekt\u012bv\u0101k. Saska\u0146\u0101 ar \u201cMorgan Stanley\u201d anal\u012bzi, bankas \u0161\u0101d\u0101 veid\u0101 cer paaugstin\u0101t efektivit\u0101ti par 30 %.\n<\/p>\n<p>Da\u017eas bankas jau ir sp\u0113ru\u0161as so\u013cus \u0161\u0101da scen\u0101rija virzien\u0101. Piem\u0113ram, N\u012bderlandes finan\u0161u iest\u0101de \u201cABN Amro\u201d l\u012bdz 2028. gadam pl\u0101no atlaist piekto da\u013cu darbinieku. Savuk\u0101rt Francijas bankas \u201cSoci\u00e9t\u00e9 G\u00e9n\u00e9rale\u201d vad\u012bt\u0101js atkl\u0101jis, ka MI rad\u012bt\u0101s p\u0101rmai\u0146as skars visu un visus. \u0160\u0101da aina nav v\u0113rojama tikai Eirop\u0101. Ar\u012b bankas ASV akt\u012bvi ievie\u0161 MI risin\u0101jumus un jau br\u012bdin\u0101ju\u0161as darbiniekus par masveida atlai\u0161anas kampa\u0146\u0101m.<\/p>\n","protected":false},"excerpt":{"rendered":"Jaun\u0101kais \u201cMorgan Stanley\u201d p\u0113t\u012bjums atkl\u0101j, ka banku nozari Eirop\u0101 tuv\u0101kajos gados sagaida b\u016btiskas p\u0101rmai\u0146as, kas liel\u0101koties saist\u012btas ar&hellip;\n","protected":false},"author":2,"featured_media":93964,"comment_status":"","ping_status":"","sticky":false,"template":"","format":"standard","meta":{"footnotes":""},"categories":[16],"tags":[77,76,35,39,38,36,37,34,40],"class_list":{"0":"post-93963","1":"post","2":"type-post","3":"status-publish","4":"format-standard","5":"has-post-thumbnail","7":"category-bizness","8":"tag-bizness","9":"tag-business","10":"tag-latvia","11":"tag-latvian","12":"tag-latviesu","13":"tag-latviesu-valoda","14":"tag-latviesuvaloda","15":"tag-latvija","16":"tag-lv"},"share_on_mastodon":{"url":"https:\/\/pubeurope.com\/@lv\/115835665365284959","error":""},"_links":{"self":[{"href":"https:\/\/www.europesays.com\/lv\/wp-json\/wp\/v2\/posts\/93963","targetHints":{"allow":["GET"]}}],"collection":[{"href":"https:\/\/www.europesays.com\/lv\/wp-json\/wp\/v2\/posts"}],"about":[{"href":"https:\/\/www.europesays.com\/lv\/wp-json\/wp\/v2\/types\/post"}],"author":[{"embeddable":true,"href":"https:\/\/www.europesays.com\/lv\/wp-json\/wp\/v2\/users\/2"}],"replies":[{"embeddable":true,"href":"https:\/\/www.europesays.com\/lv\/wp-json\/wp\/v2\/comments?post=93963"}],"version-history":[{"count":0,"href":"https:\/\/www.europesays.com\/lv\/wp-json\/wp\/v2\/posts\/93963\/revisions"}],"wp:featuredmedia":[{"embeddable":true,"href":"https:\/\/www.europesays.com\/lv\/wp-json\/wp\/v2\/media\/93964"}],"wp:attachment":[{"href":"https:\/\/www.europesays.com\/lv\/wp-json\/wp\/v2\/media?parent=93963"}],"wp:term":[{"taxonomy":"category","embeddable":true,"href":"https:\/\/www.europesays.com\/lv\/wp-json\/wp\/v2\/categories?post=93963"},{"taxonomy":"post_tag","embeddable":true,"href":"https:\/\/www.europesays.com\/lv\/wp-json\/wp\/v2\/tags?post=93963"}],"curies":[{"name":"wp","href":"https:\/\/api.w.org\/{rel}","templated":true}]}}