{"id":93967,"date":"2026-01-04T07:33:07","date_gmt":"2026-01-04T07:33:07","guid":{"rendered":"https:\/\/www.europesays.com\/lv\/93967\/"},"modified":"2026-01-04T07:33:07","modified_gmt":"2026-01-04T07:33:07","slug":"andris-kulbergs-sola-miljardu-planu","status":"publish","type":"post","link":"https:\/\/www.europesays.com\/lv\/93967\/","title":{"rendered":"Andris Kulbergs sola miljardu pl\u0101nu"},"content":{"rendered":"<p class=\"descr\">\u201cBud\u017eets, kas tika pied\u0101v\u0101ts, es atkl\u0101ti pasaku \u2013 tas bija bankrota bud\u017eets,\u201d TV24 raid\u012bjum\u0101 \u201cK\u0101rt\u012bbas rullis\u201d, atsp\u0113kojot opoz\u012bcijai velt\u012btos p\u0101rmetumus par neaktivit\u0101ti, ideju tr\u016bkumu un nev\u0113l\u0113\u0161anos uz\u0146emties atbild\u012bbu, pie\u0146emot 2026. gada valsts bud\u017eetu, sac\u012bja Saeimas deput\u0101ts, uz\u0146\u0113m\u0113js Andris Kulbergs (\u201cApvienotais saraksts\u201d). Febru\u0101r\u012b politi\u0137is sola n\u0101kt klaj\u0101 ar savu pl\u0101nu, k\u0101 Latvijai nopeln\u012bt septi\u0146us miljardus eiro.<\/p>\n<p>A. Kulbergs savu sac\u012bto par bankrota bud\u017eetu pamatoja ar tr\u012bs gadu ciklu un 5,5 miljardiem eiro &#8211; tik ir palicis, ko aiz\u0146emties t\u0101d\u0101 veid\u0101, k\u0101d\u0101 aiz\u0146emas \u0161\u012b Latvijas vald\u012bba, bez idejas, k\u0101 nopeln\u012bt. A. Kulbergs teica, ka v\u0113las pazi\u0146ot, ka neviens nepied\u0101v\u0101, k\u0101 Latvijai nopeln\u012bt naudu.<\/p>\n<p>V\u0113l <a href=\"https:\/\/nra.lv\/birka\/andris-kulbergs\/\" target=\"_blank\" rel=\"noopener nofollow\">A. Kulbergs<\/a> teica, ka febru\u0101r\u012b vi\u0146\u0161 n\u0101ks klaj\u0101 ar nopietnu pl\u0101nu, konkr\u0113tu piem\u0113ru, skaidru apr\u0113\u0137inu un izv\u0113rt\u0113jumu, k\u0101da Latvijai nav bijis 35 gadus &#8211; k\u0101 nopeln\u012bt septi\u0146us miljardus eiro pret\u012b tam, k\u0101 m\u0113s t\u0113r\u0113jam. \u201cUn j\u016bs redz\u0113siet, ka tas b\u016bs pied\u0101v\u0101jums re\u0101li ekonomikai. Ekonomik\u0101 pied\u0101v\u0101jumu nav &#8211; ir nulle,\u201d sac\u012bja A. Kulbergs.<\/p>\n<p>\t\t\t\t\t\tinfo<\/p>\n<p>Uzzini pirmais<br \/>kas interesants noticis Latvij\u0101 un pasaul\u0113,<br \/>pievienojoties mums <a href=\"https:\/\/t.me\/neatkariga\" rel=\"nofollow\">Telegram<\/a> vai <a href=\"https:\/\/whatsapp.com\/channel\/0029VaMLFUH5K3zLU5s4wm3y\" rel=\"nofollow noopener\" target=\"_blank\">Whatsapp<\/a> kan\u0101l\u0101<\/p>\n","protected":false},"excerpt":{"rendered":"\u201cBud\u017eets, kas tika pied\u0101v\u0101ts, es atkl\u0101ti pasaku \u2013 tas bija bankrota bud\u017eets,\u201d TV24 raid\u012bjum\u0101 \u201cK\u0101rt\u012bbas rullis\u201d, atsp\u0113kojot opoz\u012bcijai&hellip;\n","protected":false},"author":2,"featured_media":93968,"comment_status":"","ping_status":"","sticky":false,"template":"","format":"standard","meta":{"footnotes":""},"categories":[12],"tags":[23,28,29,32,33,22,30,31,35,39,38,36,37,34,40,20,26,27,24,25,21],"class_list":{"0":"post-93967","1":"post","2":"type-post","3":"status-publish","4":"format-standard","5":"has-post-thumbnail","7":"category-latvija","8":"tag-aktualitates","9":"tag-breaking-news","10":"tag-breakingnews","11":"tag-featured-news","12":"tag-featurednews","13":"tag-headlines","14":"tag-latest-news","15":"tag-latestnews","16":"tag-latvia","17":"tag-latvian","18":"tag-latviesu","19":"tag-latviesu-valoda","20":"tag-latviesuvaloda","21":"tag-latvija","22":"tag-lv","23":"tag-news","24":"tag-popularakas-zinas","25":"tag-popularakaszinas","26":"tag-top-stories","27":"tag-topstories","28":"tag-zinas"},"share_on_mastodon":{"url":"https:\/\/pubeurope.com\/@lv\/115835673250324555","error":""},"_links":{"self":[{"href":"https:\/\/www.europesays.com\/lv\/wp-json\/wp\/v2\/posts\/93967","targetHints":{"allow":["GET"]}}],"collection":[{"href":"https:\/\/www.europesays.com\/lv\/wp-json\/wp\/v2\/posts"}],"about":[{"href":"https:\/\/www.europesays.com\/lv\/wp-json\/wp\/v2\/types\/post"}],"author":[{"embeddable":true,"href":"https:\/\/www.europesays.com\/lv\/wp-json\/wp\/v2\/users\/2"}],"replies":[{"embeddable":true,"href":"https:\/\/www.europesays.com\/lv\/wp-json\/wp\/v2\/comments?post=93967"}],"version-history":[{"count":0,"href":"https:\/\/www.europesays.com\/lv\/wp-json\/wp\/v2\/posts\/93967\/revisions"}],"wp:featuredmedia":[{"embeddable":true,"href":"https:\/\/www.europesays.com\/lv\/wp-json\/wp\/v2\/media\/93968"}],"wp:attachment":[{"href":"https:\/\/www.europesays.com\/lv\/wp-json\/wp\/v2\/media?parent=93967"}],"wp:term":[{"taxonomy":"category","embeddable":true,"href":"https:\/\/www.europesays.com\/lv\/wp-json\/wp\/v2\/categories?post=93967"},{"taxonomy":"post_tag","embeddable":true,"href":"https:\/\/www.europesays.com\/lv\/wp-json\/wp\/v2\/tags?post=93967"}],"curies":[{"name":"wp","href":"https:\/\/api.w.org\/{rel}","templated":true}]}}