{"id":93971,"date":"2026-01-04T07:36:10","date_gmt":"2026-01-04T07:36:10","guid":{"rendered":"https:\/\/www.europesays.com\/lv\/93971\/"},"modified":"2026-01-04T07:36:10","modified_gmt":"2026-01-04T07:36:10","slug":"grantina-bobsleja-divnieks-sasniedz-savu-labako-rezultatu-pasaules-kausa-posmos","status":"publish","type":"post","link":"https:\/\/www.europesays.com\/lv\/93971\/","title":{"rendered":"Granti\u0146a bobsleja divnieks sasniedz savu lab\u0101ko rezult\u0101tu Pasaules kausa posmos"},"content":{"rendered":"<p>Granti\u0146am ar Unguru abos braucienos bija desmitais lab\u0101kais starta ieskr\u0113jiens, bet fini\u0161\u0101 vi\u0146iem bija 10. un 11. vieta. Divu braucienu summ\u0101 uzvar\u0113t\u0101jiem vi\u0146i zaud\u0113ja 1,65 sekundes, savuk\u0101rt dev\u012bt\u0101 poz\u012bcija bija da\u017eu sekundes simtda\u013cu att\u0101lum\u0101.<\/p>\n<p>Kalendas ekip\u0101\u017eai braucienos bija 19. un 17. vieta, bet uzvar\u0113t\u0101jiem vi\u0146\u0161 ar Kaufmani zaud\u0113ja 1,96 sekundes. Start\u0113ja 27 ekip\u0101\u017eas.<\/p>\n<p>St\u016bm\u0113ji Arnis Bebri\u0161s un Lauris Kaufmanis \u0161oned\u0113\u013c bija saslimu\u0161i, bet traumu guva Mat\u012bss Miknis. Pirmie divi ir jau izvese\u013coju\u0161ies, bet \u0161oned\u0113\u013c v\u0113l n\u0101ksies iztikt bez Mik\u0146a pal\u012bdz\u012bbas.<\/p>\n<p>Kopv\u0113rt\u0113jum\u0101 pirmaj\u0101s tr\u012bs viet\u0101s ir v\u0101cie\u0161i Lohners ar 1110 punktiem, Fr\u012bdrihs ar 1055 punktiem un Amm\u016brs ar 1010 punktiem. Kalenda ir 11. un otrs lab\u0101kais starp junioriem, bet Granti\u0146\u0161 nosl\u0113dz pirmo divdesmitnieku un ir ceturtais junioru ieskait\u0113.<\/p>\n<p>Sv\u0113tdien v\u0113l tiks aizvad\u012btas \u010detrinieku sacens\u012bbas.<\/p>\n<p>\u0160osezon, sportistiem c\u012bnoties par ce\u013caz\u012bm\u0113m uz 2026. gada Mil\u0101nas un Kort\u012bnas d\u2019Ampeco olimpiskaj\u0101m sp\u0113l\u0113m, ir paredz\u0113ti septi\u0146i Pasaules kausa posmi. Sezonas turpin\u0101jum\u0101 posmi v\u0113l notiks Sanktmoric\u0101 un Altenberg\u0101.<\/p>\n<p class=\"tv3-fw-500\">Zi\u0146o par k\u013c\u016bdu rakst\u0101<\/p>\n<p class=\"d-md-block d-none\">Iez\u012bm\u0113 k\u013c\u016bdaino tekstu un spied Ctrl+Enter.<\/p>\n<p class=\"d-md-none d-block\">Iez\u012bm\u0113 k\u013c\u016bdaino tekstu un zi\u0146o par to!<\/p>\n","protected":false},"excerpt":{"rendered":"Granti\u0146am ar Unguru abos braucienos bija desmitais lab\u0101kais starta ieskr\u0113jiens, bet fini\u0161\u0101 vi\u0146iem bija 10. un 11. vieta.&hellip;\n","protected":false},"author":2,"featured_media":93972,"comment_status":"","ping_status":"","sticky":false,"template":"","format":"standard","meta":{"footnotes":""},"categories":[17],"tags":[23501,35,39,38,36,37,34,40,67],"class_list":{"0":"post-93971","1":"post","2":"type-post","3":"status-publish","4":"format-standard","5":"has-post-thumbnail","7":"category-sports","8":"tag-bobslejsrenars-grantins","9":"tag-latvia","10":"tag-latvian","11":"tag-latviesu","12":"tag-latviesu-valoda","13":"tag-latviesuvaloda","14":"tag-latvija","15":"tag-lv","16":"tag-sports"},"share_on_mastodon":{"url":"https:\/\/pubeurope.com\/@lv\/115835684981910296","error":""},"_links":{"self":[{"href":"https:\/\/www.europesays.com\/lv\/wp-json\/wp\/v2\/posts\/93971","targetHints":{"allow":["GET"]}}],"collection":[{"href":"https:\/\/www.europesays.com\/lv\/wp-json\/wp\/v2\/posts"}],"about":[{"href":"https:\/\/www.europesays.com\/lv\/wp-json\/wp\/v2\/types\/post"}],"author":[{"embeddable":true,"href":"https:\/\/www.europesays.com\/lv\/wp-json\/wp\/v2\/users\/2"}],"replies":[{"embeddable":true,"href":"https:\/\/www.europesays.com\/lv\/wp-json\/wp\/v2\/comments?post=93971"}],"version-history":[{"count":0,"href":"https:\/\/www.europesays.com\/lv\/wp-json\/wp\/v2\/posts\/93971\/revisions"}],"wp:featuredmedia":[{"embeddable":true,"href":"https:\/\/www.europesays.com\/lv\/wp-json\/wp\/v2\/media\/93972"}],"wp:attachment":[{"href":"https:\/\/www.europesays.com\/lv\/wp-json\/wp\/v2\/media?parent=93971"}],"wp:term":[{"taxonomy":"category","embeddable":true,"href":"https:\/\/www.europesays.com\/lv\/wp-json\/wp\/v2\/categories?post=93971"},{"taxonomy":"post_tag","embeddable":true,"href":"https:\/\/www.europesays.com\/lv\/wp-json\/wp\/v2\/tags?post=93971"}],"curies":[{"name":"wp","href":"https:\/\/api.w.org\/{rel}","templated":true}]}}