{"id":93982,"date":"2026-01-04T07:57:14","date_gmt":"2026-01-04T07:57:14","guid":{"rendered":"https:\/\/www.europesays.com\/lv\/93982\/"},"modified":"2026-01-04T07:57:14","modified_gmt":"2026-01-04T07:57:14","slug":"ukrainai-nodos-konfiscetu-21-automasinu-tostarp-luksusa-spekratu-lincoln-navigator-2","status":"publish","type":"post","link":"https:\/\/www.europesays.com\/lv\/93982\/","title":{"rendered":"Ukrainai nodos konfisc\u0113tu 21 automa\u0161\u012bnu, tostarp luksusa sp\u0113kratu \u00abLincoln Navigator\u00bb"},"content":{"rendered":"<p>Iek\u0161lietu ministrija sagatavojusi vald\u012bbas l\u0113mumu par k\u0101rt\u0113jo dz\u0113r\u0101j\u0161oferiem un cit\u0101s krimin\u0101lliet\u0101s konfisc\u0113tu 21 automa\u0161\u012bnu, tostarp par 22 gadus veca luksusa klases sp\u0113krata &#8220;Lincoln Navigator&#8221; nodo\u0161anu Ukrainai.<\/p>\n<p>Transportl\u012bdzek\u013ci paredz\u0113ti Ukrainas Aizsardz\u012bbas ministrijas armijas da\u013c\u0101m, Ukrainas Nacion\u0101lajai gvardei, Harkivas kl\u012bniskajai daudzprofilu dzelzce\u013ca slimn\u012bcai un Novovoroncovkas Milit\u0101rajai p\u0101rvaldei.<\/p>\n<p>Transportl\u012bdzek\u013ci ra\u017eoti laik\u0101 no 2000. l\u012bdz 2019. gadam. Viens no ukrai\u0146iem paredz\u0113tajiem sp\u0113kratiem ir 2003. gada izlaiduma luksusa klases apvidus auto &#8220;Lincoln Navigator&#8221;.<\/p>\n<p>To provizorisk\u0101 tirgus cena, par k\u0101du Nodro\u0161in\u0101juma valsts a\u0123ent\u016bra var\u0113tu realiz\u0113t transportl\u012bdzek\u013cus, b\u016btu ap 74 600 eiro.<\/p>\n<p>Kop\u0161 Krievijas s\u0101kt\u0101 kara Ukrain\u0101 Latvija regul\u0101ri nodevusi Ukrainai dz\u0113r\u0101j\u0161oferiem un cit\u0101s krimin\u0101lliet\u0101s konfisc\u0113tas automa\u0161\u012bnas.<\/p>\n<p>\n                            Valodas k\u013c\u016bda rakst\u0101?<br \/>Iez\u012bm\u0113jiet tekstu un spiediet Zi\u0146ot par k\u013c\u016bdu pogas   , lai nos\u016bt\u012btu labojamo teksta fragmentu redaktoram!<\/p>\n<p>                                Zi\u0146ot par k\u013c\u016bdu<\/p>\n","protected":false},"excerpt":{"rendered":"Iek\u0161lietu ministrija sagatavojusi vald\u012bbas l\u0113mumu par k\u0101rt\u0113jo dz\u0113r\u0101j\u0161oferiem un cit\u0101s krimin\u0101lliet\u0101s konfisc\u0113tu 21 automa\u0161\u012bnu, tostarp par 22 gadus&hellip;\n","protected":false},"author":2,"featured_media":93983,"comment_status":"","ping_status":"","sticky":false,"template":"","format":"standard","meta":{"footnotes":""},"categories":[12],"tags":[23,28,29,32,33,22,30,31,35,39,38,36,37,34,40,20,26,27,24,25,21],"class_list":{"0":"post-93982","1":"post","2":"type-post","3":"status-publish","4":"format-standard","5":"has-post-thumbnail","7":"category-latvija","8":"tag-aktualitates","9":"tag-breaking-news","10":"tag-breakingnews","11":"tag-featured-news","12":"tag-featurednews","13":"tag-headlines","14":"tag-latest-news","15":"tag-latestnews","16":"tag-latvia","17":"tag-latvian","18":"tag-latviesu","19":"tag-latviesu-valoda","20":"tag-latviesuvaloda","21":"tag-latvija","22":"tag-lv","23":"tag-news","24":"tag-popularakas-zinas","25":"tag-popularakaszinas","26":"tag-top-stories","27":"tag-topstories","28":"tag-zinas"},"share_on_mastodon":{"url":"https:\/\/pubeurope.com\/@lv\/115835767632829467","error":""},"_links":{"self":[{"href":"https:\/\/www.europesays.com\/lv\/wp-json\/wp\/v2\/posts\/93982","targetHints":{"allow":["GET"]}}],"collection":[{"href":"https:\/\/www.europesays.com\/lv\/wp-json\/wp\/v2\/posts"}],"about":[{"href":"https:\/\/www.europesays.com\/lv\/wp-json\/wp\/v2\/types\/post"}],"author":[{"embeddable":true,"href":"https:\/\/www.europesays.com\/lv\/wp-json\/wp\/v2\/users\/2"}],"replies":[{"embeddable":true,"href":"https:\/\/www.europesays.com\/lv\/wp-json\/wp\/v2\/comments?post=93982"}],"version-history":[{"count":0,"href":"https:\/\/www.europesays.com\/lv\/wp-json\/wp\/v2\/posts\/93982\/revisions"}],"wp:featuredmedia":[{"embeddable":true,"href":"https:\/\/www.europesays.com\/lv\/wp-json\/wp\/v2\/media\/93983"}],"wp:attachment":[{"href":"https:\/\/www.europesays.com\/lv\/wp-json\/wp\/v2\/media?parent=93982"}],"wp:term":[{"taxonomy":"category","embeddable":true,"href":"https:\/\/www.europesays.com\/lv\/wp-json\/wp\/v2\/categories?post=93982"},{"taxonomy":"post_tag","embeddable":true,"href":"https:\/\/www.europesays.com\/lv\/wp-json\/wp\/v2\/tags?post=93982"}],"curies":[{"name":"wp","href":"https:\/\/api.w.org\/{rel}","templated":true}]}}