{"id":93984,"date":"2026-01-04T07:58:10","date_gmt":"2026-01-04T07:58:10","guid":{"rendered":"https:\/\/www.europesays.com\/lv\/93984\/"},"modified":"2026-01-04T07:58:10","modified_gmt":"2026-01-04T07:58:10","slug":"maksima-busela-dzivokli-izcelies-ugunsgreks","status":"publish","type":"post","link":"https:\/\/www.europesays.com\/lv\/93984\/","title":{"rendered":"Maksima Busela d\u017eivokl\u012b izc\u0113lies ugunsgr\u0113ks"},"content":{"rendered":"<p class=\"descr\">Dziedo\u0161ais aktieris Maksims Busels sav\u0101 &#8220;Facebook&#8221; kont\u0101 v\u0113sta, ka vi\u0146a dz\u012bvokl\u012b, kam\u0113r pats nebija m\u0101j\u0101s, bija izc\u0113lies ugunsgr\u0113ks.<\/p>\n<p><a href=\"https:\/\/nra.lv\/izklaide\/muzika\/507955-maksims-busels-sieviesu-dienas-koncerts-biletes-un-programma.htm\" data-item-link=\"true\" data-item-id=\"507955\" rel=\"nofollow noopener\" target=\"_blank\">Maksims Busels <\/a>raksta: &#8220;2025.gads nosl\u0113dz\u0101s episki: <a href=\"https:\/\/nra.lv\/pasaule\/510484-aculiecinieku-stasti-par-ugunsgreku-sveice-kransmontanas-naktskluba.htm\" data-item-link=\"true\" data-item-id=\"510484\" rel=\"nofollow noopener\" target=\"_blank\">ugunsgr\u0113ks <\/a>man\u0101 dz\u012bvokl\u012b, kam\u0113r manis nebija m\u0101j\u0101s\u2026<\/p>\n<p>\u201cUgun\u012bgais zirgs\u201d ielauz\u0101s pie manis p\u0101r\u0101k \u0101tri! Paldies ugunsdz\u0113s\u0113ju brig\u0101dei, kas izr\u0101d\u012bj\u0101s ne maz\u0101k \u0101tra! Bet &#8211; uzskat\u012bsim to par labu z\u012bmi: ar Jauno gadu &#8211; atiestat\u012b\u0161an\u0101s un jauna dz\u012bve!<\/p>\n<p>Labi, mani person\u012bgie kopsavilkumi nav \u012bpa\u0161i interesanti. Vien\u012bgais, ko gribu atz\u012bm\u0113t: tik pies\u0101tin\u0101ts un traks gads man bija pirmo reizi dz\u012bv\u0113, tie\u0161\u0101m! Es daudz ko ieguvu, bet, paties\u012bb\u0101, ar\u012b daudz ko zaud\u0113ju, bet\u2026 ja padom\u0101: ar katru zaud\u0113jumu es ieguvu v\u0113l vair\u0101k &#8211; pieredzi un gudr\u012bbu!<\/p>\n<p>T\u0101p\u0113c\u2026 lab\u0101k p\u0101rv\u0113rt\u012b\u0161u to nov\u0113l\u0113jumos jums un ar\u012b sev:<\/p>\n<p>Lai cik bail\u012bgi b\u016btu &#8211; nebaidies! Ej savam sapnim l\u012bdzi, tici sev un uzticies sev!<\/p>\n<p>Nenoniecini savus sasniegumus, savas j\u016btas, savu darbu un sevi kopum\u0101, pat ja k\u0101ds cits to nenov\u0113rt\u0113! Tad ej prom no turienes un dodies turp, kur tevi uzklaus\u012bs un saprat\u012bs!<\/p>\n<p>Un ar\u012b &#8211; nenoniecini to pa\u0161u cit\u0101 cilv\u0113k\u0101: tu nekad nezini, k\u0101p\u0113c k\u0101ds var r\u012bkoties t\u0101, k\u0101 tev var\u0113tu \u0161\u0137ist slikti vai nepareizi. Lab\u0101k pied\u0101v\u0101 pal\u012bdz\u012bbu, jo nosod\u012bt ir viegli! Gr\u016bt\u0101k ir patiesi saprast un pie\u0146emt, bet, ja tu to vari &#8211; t\u0101 ir gudr\u012bba!<\/p>\n<p>Neturies pie cilv\u0113kiem, kuri nev\u0113las b\u016bt ar tevi, tevi dzird\u0113t vai saprast. Saglab\u0101 savu m\u012blest\u012bbu tiem, kas tev ir d\u0101rgi, un kuriem d\u0101rgs esi tu tie\u0161i t\u0101ds, k\u0101ds tu esi, un turies pie \u0161iem cilv\u0113kiem visstipr\u0101k &#8211; vi\u0146i ir gaisma un \u012bsts sp\u0113ks!<\/p>\n<p>Un vienk\u0101r\u0161i paldies visiem cilv\u0113kiem, kurus es \u0161ogad satiku vai pazaud\u0113ju &#8211; katram no sirds paldies; par laim\u012bgo vai skumjo &#8211; tas viss ir pieredze!<\/p>\n<p>Esi atbild\u012bgs par saviem darbiem. Ikviens m\u0113dz k\u013c\u016bd\u012bties &#8211; bet nekad nav par v\u0113lu to atz\u012bt un pie t\u0101 str\u0101d\u0101t. Nebaidies atz\u012bt k\u013c\u016bdas, lai cik s\u0101p\u012bgi tas neb\u016btu: ar\u012b tas ir ce\u013c\u0161 uz t\u012bru laimi!<\/p>\n<p>Esi labs un pateic\u012bgs vienm\u0113r un par visu &#8211; taj\u0101 ir sp\u0113ks un m\u012blest\u012bba<\/p>\n<p>Neno\u017e\u0113lo to, kas noticis &#8211; tas tikai at\u0146em sp\u0113kus. Vienk\u0101r\u0161i r\u012bkojies, lai virz\u012btos uz priek\u0161u!<\/p>\n<p>M\u012bli pat tad, kad \u0161\u0137iet, ka m\u012blest\u012bbas nav vai nav ko m\u012bl\u0113t &#8211; m\u012bli, rosinot m\u012blest\u012bbu, nevis tumsu, lai cik gr\u016bti neb\u016btu: jo tikai m\u012blest\u012bb\u0101 ir sp\u0113ks!&#8221;<\/p>\n","protected":false},"excerpt":{"rendered":"Dziedo\u0161ais aktieris Maksims Busels sav\u0101 &#8220;Facebook&#8221; kont\u0101 v\u0113sta, ka vi\u0146a dz\u012bvokl\u012b, kam\u0113r pats nebija m\u0101j\u0101s, bija izc\u0113lies ugunsgr\u0113ks.&hellip;\n","protected":false},"author":2,"featured_media":93985,"comment_status":"","ping_status":"","sticky":false,"template":"","format":"standard","meta":{"footnotes":""},"categories":[5],"tags":[23,28,29,32,33,22,30,31,35,39,38,36,37,34,40,20,26,27,24,25,21],"class_list":{"0":"post-93984","1":"post","2":"type-post","3":"status-publish","4":"format-standard","5":"has-post-thumbnail","7":"category-aktualitates","8":"tag-aktualitates","9":"tag-breaking-news","10":"tag-breakingnews","11":"tag-featured-news","12":"tag-featurednews","13":"tag-headlines","14":"tag-latest-news","15":"tag-latestnews","16":"tag-latvia","17":"tag-latvian","18":"tag-latviesu","19":"tag-latviesu-valoda","20":"tag-latviesuvaloda","21":"tag-latvija","22":"tag-lv","23":"tag-news","24":"tag-popularakas-zinas","25":"tag-popularakaszinas","26":"tag-top-stories","27":"tag-topstories","28":"tag-zinas"},"share_on_mastodon":{"url":"https:\/\/pubeurope.com\/@lv\/115835771425896082","error":""},"_links":{"self":[{"href":"https:\/\/www.europesays.com\/lv\/wp-json\/wp\/v2\/posts\/93984","targetHints":{"allow":["GET"]}}],"collection":[{"href":"https:\/\/www.europesays.com\/lv\/wp-json\/wp\/v2\/posts"}],"about":[{"href":"https:\/\/www.europesays.com\/lv\/wp-json\/wp\/v2\/types\/post"}],"author":[{"embeddable":true,"href":"https:\/\/www.europesays.com\/lv\/wp-json\/wp\/v2\/users\/2"}],"replies":[{"embeddable":true,"href":"https:\/\/www.europesays.com\/lv\/wp-json\/wp\/v2\/comments?post=93984"}],"version-history":[{"count":0,"href":"https:\/\/www.europesays.com\/lv\/wp-json\/wp\/v2\/posts\/93984\/revisions"}],"wp:featuredmedia":[{"embeddable":true,"href":"https:\/\/www.europesays.com\/lv\/wp-json\/wp\/v2\/media\/93985"}],"wp:attachment":[{"href":"https:\/\/www.europesays.com\/lv\/wp-json\/wp\/v2\/media?parent=93984"}],"wp:term":[{"taxonomy":"category","embeddable":true,"href":"https:\/\/www.europesays.com\/lv\/wp-json\/wp\/v2\/categories?post=93984"},{"taxonomy":"post_tag","embeddable":true,"href":"https:\/\/www.europesays.com\/lv\/wp-json\/wp\/v2\/tags?post=93984"}],"curies":[{"name":"wp","href":"https:\/\/api.w.org\/{rel}","templated":true}]}}