{"id":93986,"date":"2026-01-04T08:02:12","date_gmt":"2026-01-04T08:02:12","guid":{"rendered":"https:\/\/www.europesays.com\/lv\/93986\/"},"modified":"2026-01-04T08:02:12","modified_gmt":"2026-01-04T08:02:12","slug":"bojats-zemudens-kabelis-starp-igauniju-un-somiju-aizturets-kugis-un-sakta-izmeklesana-lente-lv","status":"publish","type":"post","link":"https:\/\/www.europesays.com\/lv\/93986\/","title":{"rendered":"Boj\u0101ts zem\u016bdens kabelis starp Igauniju un Somiju; aiztur\u0113ts ku\u0123is un s\u0101kta izmekl\u0113\u0161ana\u00a0\u2014\u00a0Lente.lv"},"content":{"rendered":"<p>Zem\u016bdens sakaru kabe\u013ca boj\u0101jums starp Igauniju un Somiju; aiztur\u0113ts ku\u0123is<\/p>\n<p>Tre\u0161dienas, 2025. gada 31. decembra, r\u012bt\u0101 tika konstat\u0113ts b\u016btisks boj\u0101jums zem\u016bdens telekomunik\u0101ciju kabel\u012b, kas savieno Igauniju un Somiju. Boj\u0101jums tika atkl\u0101ts Igaunijas ekskluz\u012bvaj\u0101 ekonomiskaj\u0101 zon\u0101, aptuveni 60 kilometrus no Igaunijas krasta. Telekomunik\u0101ciju operators &#8220;Elisa&#8221; pazi\u0146oja, ka boj\u0101jums konstat\u0113ts ap plkst. 05:00 p\u0113c viet\u0113j\u0101 laika. Neskatoties uz incidentu, pakalpojumu snieg\u0161ana nav p\u0101rtraukta, jo tiek izmantoti rezerves savienojumi. Tom\u0113r da\u017ei klienti, kas izmanto tie\u0161us datu savienojumus caur boj\u0101to kabeli, var\u0113tu b\u016bt piedz\u012bvoju\u0161i ierobe\u017eotu ietekmi.<\/p>\n<p>Somijas varasiest\u0101des nekav\u0113joties rea\u0123\u0113ja uz incidentu, un uz aizdomu pamata par kabe\u013ca boj\u0101\u0161anu tika aiztur\u0113ts kravas ku\u0123is &#8220;Fitburg&#8221;, kas ku\u0123o zem Senjinsenta un Grenad\u012bnu karoga. Ku\u0123is, kas bija ce\u013c\u0101 no Sanktp\u0113terburgas uz Izra\u0113lu, tika paman\u012bts Somijas ekskluz\u012bvaj\u0101 ekonomiskaj\u0101 zon\u0101 ar nolaistu enkura \u0137\u0113di, kas, visticam\u0101k, rad\u012bja boj\u0101jumu. Ku\u0123is ir nog\u0101d\u0101ts ost\u0101 Somij\u0101, kur turpin\u0101s izmekl\u0113\u0161ana.<\/p>\n<p>Izmekl\u0113\u0161ana un aiztur\u0113tais ku\u0123is<\/p>\n<p>Somijas policija ir s\u0101kusi izmekl\u0113\u0161anu par aizdom\u0101m par krimin\u0101lu kait\u0113jumu un telekomunik\u0101ciju trauc\u0113\u0161anu. Tiek iztauj\u0101ti visi 14 ku\u0123a apkalpes locek\u013ci, kas ir Krievijas, Gruzijas, Kazahst\u0101nas un Azerbaid\u017e\u0101nas pilso\u0146i. Varas iest\u0101des ir arest\u0113ju\u0161as divus apkalpes locek\u013cus un noteiku\u0161as ce\u013co\u0161anas aizliegumu v\u0113l diviem, kam\u0113r turpin\u0101s izmekl\u0113\u0161ana. Somijas Muitas dienests ar\u012b atkl\u0101jis, ka ku\u0123is p\u0101rvad\u0101jis t\u0113rauda kravu, kas pak\u013cauta ES sankcij\u0101m, un tiek izv\u0113rt\u0113ta iesp\u0113jam\u0101 sankciju p\u0101rk\u0101p\u0161ana.<\/p>\n<p>Sadarb\u012bb\u0101 ar Igaunijas kol\u0113\u0123iem tiek veiktas padzi\u013cin\u0101tas zem\u016bdens izmekl\u0113\u0161anas, izmantojot specializ\u0113tu apr\u012bkojumu, lai nov\u0113rt\u0113tu boj\u0101jumu apm\u0113ru. Somijas un Igaunijas varasiest\u0101des cie\u0161i sadarbojas \u0161\u012bs lietas izmekl\u0113\u0161an\u0101, izveidojot kop\u012bgu izmekl\u0113\u0161anas grupu. Lai gan negad\u012bjums tiek izmekl\u0113ts, v\u0113l nav skaidrs, vai boj\u0101jums ir bijis t\u012b\u0161s nodar\u012bjums vai nelaimes gad\u012bjums.<\/p>\n<p>Iepriek\u0161\u0113jie incidenti un dro\u0161\u012bbas probl\u0113mas<\/p>\n<p>\u0160is nav pirmais incidents, kas saist\u012bts ar zem\u016bdens infrastrukt\u016bras boj\u0101jumiem Baltijas j\u016bras re\u0123ion\u0101. P\u0113d\u0113jos gados ir nov\u0113rotas vair\u0101kas l\u012bdz\u012bgas situ\u0101cijas, kas rais\u012bju\u0161as ba\u017eas par iesp\u0113jamu hibr\u012bdkara darb\u012bbu un kritisk\u0101s infrastrukt\u016bras dro\u0161\u012bbu. Piem\u0113ram, 2024. gada decembr\u012b tika boj\u0101ts &#8220;EstLink 2&#8221; zem\u016bdens elektr\u012bbas kabelis starp Igauniju un Somiju, un par t\u0101 boj\u0101\u0161anu tika tur\u0113ts aizdom\u0101s Krievijas &#8220;\u0113nu flotes&#8221; tankku\u0123is &#8220;Eagle S&#8221;. T\u0101pat 2023. gad\u0101 tika boj\u0101ts &#8220;Balticconnector&#8221; g\u0101zesvads, ko, iesp\u0113jams, rad\u012bjis \u0136\u012bnas kravas ku\u0123is &#8220;NewNew Polar Bear&#8221;.<\/p>\n<p>\u0160ie incidenti uzsver zem\u016bdens kabe\u013cu un cauru\u013cvadu ievainojam\u012bbu un nepiecie\u0161am\u012bbu p\u0113c pastiprin\u0101tas dro\u0161\u012bbas pas\u0101kumiem. NATO ir palielin\u0101jusi savu kl\u0101tb\u016btni Baltijas j\u016br\u0101, lai nov\u0113rstu turpm\u0101kus m\u0113\u0123in\u0101jumus saboj\u0101t kritisko infrastrukt\u016bru.<\/p>\n<p>Ietekme uz pakalpojumiem un turpm\u0101kie so\u013ci<\/p>\n<p>Telekomunik\u0101ciju operators &#8220;Elisa&#8221; ir apliecin\u0101jis, ka kabe\u013ca boj\u0101jums nav b\u016btiski ietekm\u0113jis pakalpojumu nep\u0101rtraukt\u012bbu, pateicoties eso\u0161ajiem rezerves savienojumiem. Tom\u0113r uz\u0146\u0113mums sadarbojas ar klientiem, kuri izmanto tie\u0161us savienojumus, lai atjaunotu pilnu funkcionalit\u0101ti. Remonta darbi pie boj\u0101t\u0101 kabe\u013ca jau ir uzs\u0101kti.<\/p>\n<p>Izmekl\u0113\u0161ana turpin\u0101sies, un varasiest\u0101des sola sniegt papildu inform\u0101ciju, tikl\u012bdz t\u0101 k\u013c\u016bs pieejama. \u0160is incidents izgaismo glob\u0101l\u0101s digit\u0101l\u0101s infrastrukt\u016bras dro\u0161\u012bbas probl\u0113mas un nepiecie\u0161am\u012bbu p\u0113c past\u0101v\u012bgas uzman\u012bbas piev\u0113r\u0161anas zem\u016bdens sakaru sist\u0113mu aizsardz\u012bbai.<\/p>\n","protected":false},"excerpt":{"rendered":"Zem\u016bdens sakaru kabe\u013ca boj\u0101jums starp Igauniju un Somiju; aiztur\u0113ts ku\u0123is Tre\u0161dienas, 2025. gada 31. decembra, r\u012bt\u0101 tika konstat\u0113ts&hellip;\n","protected":false},"author":2,"featured_media":93987,"comment_status":"","ping_status":"","sticky":false,"template":"","format":"standard","meta":{"footnotes":""},"categories":[14],"tags":[23,57,28,29,334,32,33,23504,22,73,30,31,35,39,38,36,37,34,40,20,26,27,490,24,25,54,55,56,23503,21,58],"class_list":{"0":"post-93986","1":"post","2":"type-post","3":"status-publish","4":"format-standard","5":"has-post-thumbnail","7":"category-zinas-no-arvalstim","8":"tag-aktualitates","9":"tag-arvalstim","10":"tag-breaking-news","11":"tag-breakingnews","12":"tag-drosiba","13":"tag-featured-news","14":"tag-featurednews","15":"tag-fitburg","16":"tag-headlines","17":"tag-igaunija","18":"tag-latest-news","19":"tag-latestnews","20":"tag-latvia","21":"tag-latvian","22":"tag-latviesu","23":"tag-latviesu-valoda","24":"tag-latviesuvaloda","25":"tag-latvija","26":"tag-lv","27":"tag-news","28":"tag-popularakas-zinas","29":"tag-popularakaszinas","30":"tag-somija","31":"tag-top-stories","32":"tag-topstories","33":"tag-world","34":"tag-world-news","35":"tag-worldnews","36":"tag-zemudens-kabelis","37":"tag-zinas","38":"tag-zinas-no-arvalstim"},"share_on_mastodon":{"url":"https:\/\/pubeurope.com\/@lv\/115835787209858895","error":""},"_links":{"self":[{"href":"https:\/\/www.europesays.com\/lv\/wp-json\/wp\/v2\/posts\/93986","targetHints":{"allow":["GET"]}}],"collection":[{"href":"https:\/\/www.europesays.com\/lv\/wp-json\/wp\/v2\/posts"}],"about":[{"href":"https:\/\/www.europesays.com\/lv\/wp-json\/wp\/v2\/types\/post"}],"author":[{"embeddable":true,"href":"https:\/\/www.europesays.com\/lv\/wp-json\/wp\/v2\/users\/2"}],"replies":[{"embeddable":true,"href":"https:\/\/www.europesays.com\/lv\/wp-json\/wp\/v2\/comments?post=93986"}],"version-history":[{"count":0,"href":"https:\/\/www.europesays.com\/lv\/wp-json\/wp\/v2\/posts\/93986\/revisions"}],"wp:featuredmedia":[{"embeddable":true,"href":"https:\/\/www.europesays.com\/lv\/wp-json\/wp\/v2\/media\/93987"}],"wp:attachment":[{"href":"https:\/\/www.europesays.com\/lv\/wp-json\/wp\/v2\/media?parent=93986"}],"wp:term":[{"taxonomy":"category","embeddable":true,"href":"https:\/\/www.europesays.com\/lv\/wp-json\/wp\/v2\/categories?post=93986"},{"taxonomy":"post_tag","embeddable":true,"href":"https:\/\/www.europesays.com\/lv\/wp-json\/wp\/v2\/tags?post=93986"}],"curies":[{"name":"wp","href":"https:\/\/api.w.org\/{rel}","templated":true}]}}